{"id":20671,"date":"2012-07-13T09:25:56","date_gmt":"2012-07-13T13:25:56","guid":{"rendered":"http:\/\/www.eltrabajo.cl\/portal\/?p=20671"},"modified":"2012-07-13T09:25:56","modified_gmt":"2012-07-13T13:25:56","slug":"a-pesar-de-todos-los-problemas-el-uni-buscara-sumar-en-talca","status":"publish","type":"post","link":"https:\/\/eltrabajo.cl\/portal\/a-pesar-de-todos-los-problemas-el-uni-buscara-sumar-en-talca\/","title":{"rendered":"A pesar de todos los problemas el Un\u00ed buscar\u00e1 sumar en Talca"},"content":{"rendered":"<figure id=\"attachment_20672\" aria-describedby=\"caption-attachment-20672\" style=\"width: 600px\" class=\"wp-caption alignnone\"><a href=\"http:\/\/www.eltrabajo.cl\/portal\/2012\/07\/a-pesar-de-todos-los-problemas-el-uni-buscara-sumar-en-talca\/union-san-felipe-18\/\" rel=\"attachment wp-att-20672\"><img data-recalc-dims=\"1\" loading=\"lazy\" decoding=\"async\" class=\"size-full wp-image-20672\" title=\"union san felipe\" src=\"https:\/\/i0.wp.com\/www.eltrabajo.cl\/portal\/wp-content\/uploads\/2012\/07\/union-san-felipe1.jpg?resize=600%2C450\" alt=\"\" width=\"600\" height=\"450\" srcset=\"https:\/\/i0.wp.com\/eltrabajo.cl\/portal\/wp-content\/uploads\/2012\/07\/union-san-felipe1.jpg?w=600&amp;ssl=1 600w, https:\/\/i0.wp.com\/eltrabajo.cl\/portal\/wp-content\/uploads\/2012\/07\/union-san-felipe1.jpg?resize=200%2C150&amp;ssl=1 200w, https:\/\/i0.wp.com\/eltrabajo.cl\/portal\/wp-content\/uploads\/2012\/07\/union-san-felipe1.jpg?resize=300%2C225&amp;ssl=1 300w, https:\/\/i0.wp.com\/eltrabajo.cl\/portal\/wp-content\/uploads\/2012\/07\/union-san-felipe1.jpg?resize=150%2C112&amp;ssl=1 150w, https:\/\/i0.wp.com\/eltrabajo.cl\/portal\/wp-content\/uploads\/2012\/07\/union-san-felipe1.jpg?resize=400%2C300&amp;ssl=1 400w\" sizes=\"auto, (max-width: 600px) 100vw, 600px\" \/><\/a><figcaption id=\"caption-attachment-20672\" class=\"wp-caption-text\">El Un\u00ed (ahora sin t\u00e9cnico) tuvo un opaco debut en el Clausura. El domingo los albirrojos buscar\u00e1n dejar atr\u00e1s esa imagen ante Rangers de Talca.<\/figcaption><\/figure>\n<p>Al cierre de la presente edici\u00f3n de El Trabajo Deportivo, era un hecho que Uni\u00f3n San Felipe no tendr\u00e1 un nuevo director t\u00e9cnico para el duelo con Rangers de Talca, que se jugar\u00e1 el domingo pr\u00f3ximo y en el cual la oncena albirroja jugar\u00e1 uno de esos partidos que suelen llamarse de seis puntos.<\/p>\n<p>Jorge Miranda y el preparador f\u00edsico Gast\u00f3n Lloveras, ser\u00e1n los encargados de dirigir al Un\u00ed en la capital de la regi\u00f3n del Maule, ante un cuadro que suma tantos problemas como Uni\u00f3n San Felipe, aunque claro, los rojinegros s\u00ed tienen director t\u00e9cnico.<\/p>\n<p>Los sanfelipe\u00f1os ayer despu\u00e9s del entrenamiento tuvieron una jornada de camarader\u00eda para dejar en claro que la uni\u00f3n del grupo es total. En lo netamente futbol\u00edstico, es probable que el colombiano Kilian Virviescas pueda ver acci\u00f3n en el Fiscal de Talca, ya que est\u00e1 recuperado de su lesi\u00f3n.<\/p>\n<p>Otra novedad que presenta Uni\u00f3n San Felipe, es la incorporaci\u00f3n del volante argentino Mat\u00edas Banco, que llega a la tienda unionista desde el club Independiente de Rivadavia.<\/p>\n<p>En relaci\u00f3n al nombre del nuevo entrenador que se har\u00e1 cargo del primer equipo, en las \u00faltimas horas han circulado con fuerza los nombres de Ivo Basay y Marco Antonio Figueroa, aunque claro, esos son solo rumores, porque es sabido que el circulo de Ra\u00fal Delgado y C\u00eda., act\u00faa de manera muy herm\u00e9tica y desde el interior del club no se ha sabido ni filtrado nada en relaci\u00f3n al nuevo DT.<\/p>\n<p><strong>La Fecha:<\/strong><\/p>\n<p><strong>Viernes 13 de julio<\/strong><\/p>\n<p>Audax Italiano &#8211; U. de Concepci\u00f3n 20:00 horas Estadio Bicentenario de La Florida CDF<\/p>\n<p>Deportes Iquique &#8211; Antofagasta 22:00 horas Estadio Tierra de Campeones<\/p>\n<p><strong>S\u00e1bado 14 de julio<\/strong><\/p>\n<p>Cobresal &#8211; Uni\u00f3n Espa\u00f1ola 16:00 horas Estadio El Cobre<\/p>\n<p>U. La Calera &#8211; Cobreloa 16:00 horas Estadio \u2018Nicol\u00e1s Chahu\u00e1n\u2019 CDF<\/p>\n<p>U. Cat\u00f3lica &#8211; S. Wanderers 18:15 horas Estadio San Carlos de Apoquindo CDF<\/p>\n<p>Huachipato &#8211; Palestino 20:30 horas Estadio CAP, CDF<\/p>\n<p><strong>Domingo 15 de julio<\/strong><\/p>\n<p>O\u2019Higgins &#8211; Colo Colo 16:00 horas Estadio El Teniente CDF<\/p>\n<p>Rangers &#8211; U. San Felipe 18:30 horas Estadio Fiscal de Talca CDF<\/p>\n<p><strong>Lunes 16 de julio<\/strong><\/p>\n<p>U. de Chile &#8211; La Serena 16:00 horas Estadio Nacional CDF<\/p>\n<p>&nbsp;<\/p>\n","protected":false},"excerpt":{"rendered":"<p>Al cierre de la presente edici\u00f3n de El Trabajo Deportivo, era un hecho que Uni\u00f3n San Felipe no tendr\u00e1 un nuevo director t\u00e9cnico para el duelo con Rangers de Talca, que se&#8230;<\/p>\n","protected":false},"author":482,"featured_media":20672,"comment_status":"open","ping_status":"closed","sticky":false,"template":"","format":"standard","meta":{"advanced_seo_description":"","jetpack_seo_html_title":"","jetpack_seo_noindex":false,"_jetpack_memberships_contains_paid_content":false,"footnotes":""},"categories":[19],"tags":[],"class_list":["post-20671","post","type-post","status-publish","format-standard","has-post-thumbnail","hentry","category-deportes"],"jetpack_featured_media_url":"https:\/\/i0.wp.com\/eltrabajo.cl\/portal\/wp-content\/uploads\/2012\/07\/union-san-felipe1.jpg?fit=600%2C450&ssl=1","jetpack_sharing_enabled":true,"jetpack_likes_enabled":true,"jetpack-related-posts":[],"_links":{"self":[{"href":"https:\/\/eltrabajo.cl\/portal\/wp-json\/wp\/v2\/posts\/20671","targetHints":{"allow":["GET"]}}],"collection":[{"href":"https:\/\/eltrabajo.cl\/portal\/wp-json\/wp\/v2\/posts"}],"about":[{"href":"https:\/\/eltrabajo.cl\/portal\/wp-json\/wp\/v2\/types\/post"}],"author":[{"embeddable":true,"href":"https:\/\/eltrabajo.cl\/portal\/wp-json\/wp\/v2\/users\/482"}],"replies":[{"embeddable":true,"href":"https:\/\/eltrabajo.cl\/portal\/wp-json\/wp\/v2\/comments?post=20671"}],"version-history":[{"count":0,"href":"https:\/\/eltrabajo.cl\/portal\/wp-json\/wp\/v2\/posts\/20671\/revisions"}],"wp:featuredmedia":[{"embeddable":true,"href":"https:\/\/eltrabajo.cl\/portal\/wp-json\/wp\/v2\/media\/20672"}],"wp:attachment":[{"href":"https:\/\/eltrabajo.cl\/portal\/wp-json\/wp\/v2\/media?parent=20671"}],"wp:term":[{"taxonomy":"category","embeddable":true,"href":"https:\/\/eltrabajo.cl\/portal\/wp-json\/wp\/v2\/categories?post=20671"},{"taxonomy":"post_tag","embeddable":true,"href":"https:\/\/eltrabajo.cl\/portal\/wp-json\/wp\/v2\/tags?post=20671"}],"curies":[{"name":"wp","href":"https:\/\/api.w.org\/{rel}","templated":true}]}}