{"id":20675,"date":"2012-07-13T09:27:10","date_gmt":"2012-07-13T13:27:10","guid":{"rendered":"http:\/\/www.eltrabajo.cl\/portal\/?p=20675"},"modified":"2012-07-13T11:46:18","modified_gmt":"2012-07-13T15:46:18","slug":"20675","status":"publish","type":"post","link":"https:\/\/eltrabajo.cl\/portal\/20675\/","title":{"rendered":"Crear\u00e1n oficina barrial para trabajar en las tres etapas de Villa Las Acacias"},"content":{"rendered":"<figure id=\"attachment_20676\" aria-describedby=\"caption-attachment-20676\" style=\"width: 300px\" class=\"wp-caption alignleft\"><a href=\"http:\/\/www.eltrabajo.cl\/portal\/2012\/07\/20675\/jaime-amar-2-3\/\" rel=\"attachment wp-att-20676\"><img data-recalc-dims=\"1\" loading=\"lazy\" decoding=\"async\" class=\"size-medium wp-image-20676\" title=\"jaime amar (2)\" src=\"https:\/\/i0.wp.com\/www.eltrabajo.cl\/portal\/wp-content\/uploads\/2012\/07\/jaime-amar-2-300x225.jpg?resize=300%2C225\" alt=\"\" width=\"300\" height=\"225\" srcset=\"https:\/\/i0.wp.com\/eltrabajo.cl\/portal\/wp-content\/uploads\/2012\/07\/jaime-amar-2.jpg?resize=300%2C225&amp;ssl=1 300w, https:\/\/i0.wp.com\/eltrabajo.cl\/portal\/wp-content\/uploads\/2012\/07\/jaime-amar-2.jpg?resize=200%2C150&amp;ssl=1 200w, https:\/\/i0.wp.com\/eltrabajo.cl\/portal\/wp-content\/uploads\/2012\/07\/jaime-amar-2.jpg?resize=150%2C112&amp;ssl=1 150w, https:\/\/i0.wp.com\/eltrabajo.cl\/portal\/wp-content\/uploads\/2012\/07\/jaime-amar-2.jpg?resize=400%2C300&amp;ssl=1 400w, https:\/\/i0.wp.com\/eltrabajo.cl\/portal\/wp-content\/uploads\/2012\/07\/jaime-amar-2.jpg?w=600&amp;ssl=1 600w\" sizes=\"auto, (max-width: 300px) 100vw, 300px\" \/><\/a><figcaption id=\"caption-attachment-20676\" class=\"wp-caption-text\">El Alcalde Jaime Amar se\u00f1al\u00f3 que las tres etapas de la villa Las Acacias contar\u00e1n con esta oficina barrial, que tendr\u00e1 la misi\u00f3n de establecer las necesidades de los vecinos.<\/figcaption><\/figure>\n<p>El municipio de San Felipe present\u00f3 un proyecto, hace algunos meses atr\u00e1s, a trav\u00e9s de una l\u00ednea nueva del Ministerio de Vivienda, denominada Mejorando mi barrio.<\/p>\n<p>El proyecto presentado se trabaja a 33 meses y consiste en la creaci\u00f3n de una oficina barrial de parte del municipio, en el sector poblacional, iniciativa que cubrir\u00eda las tres etapas de la villa Las Acacias.<\/p>\n<p>Esa oficina contar\u00e1 con un equipo barrial conformado por una asistente social y un arquitecto, quien trabajar\u00e1 los primeros seis meses en evaluar qu\u00e9 acciones se realizar\u00e1n en ese sector.<\/p>\n<p>\u201cLa propuesta nuestra inicialmente es todo lo que es el borde del estero Quilpu\u00e9 y la zona de ingreso a la poblaci\u00f3n, de tal manera de trabajar distintos proyectos\u201d, se\u00f1al\u00f3 el Alcalde Jaime Amar.<\/p>\n<p>Seg\u00fan explic\u00f3 el jefe comunal, una vez que se haga el diagn\u00f3stico en seis meses, viene el proceso de inversi\u00f3n, que est\u00e1 aprobado especialmente para este sector y que alcanza a los 580 millones de pesos.<\/p>\n<p>\u201cEso es lo que se va a invertir, donde de los 580 millones de pesos, 65 millones de pesos son aporte municipal en 3 a\u00f1os, 6,5 millones de pesos es el aporte de los vecinos y el resto es aporte del Ministerio de la Vivienda a trav\u00e9s de este programa\u201d.<\/p>\n<p><strong>INTERVENCI\u00d3N INTEGRAL<\/strong><\/p>\n<p>A juicio de Amar, se trata de una intervenci\u00f3n integral del barrio, que incorpora a las tres etapas de la villa, donde las acciones que se implementar\u00e1n en el sector ser\u00e1n propuestas por los mismos vecinos, en un proceso participativo, que est\u00e1 apoyado por los profesionales de la oficina barrial.<\/p>\n<p>\u201cSe va a trabajar durante 33 meses, en todo este sector, para producir un impacto real de mejoramiento\u201d, dijo el Alcalde.<\/p>\n<p>El pr\u00f3ximo a\u00f1o en tanto se va a postular otro barrio, y as\u00ed ir mejorando las condiciones de los distintos sectores de la comuna.<\/p>\n<p><strong>PAVIMENTOS PARTICIPATIVOS<\/strong><\/p>\n<p>Asimismo en el proyecto de pavimentos participativos, en estos tres sectores tienen un puntaje adicional y tienen aporte vecinal cero, es decir el ministerio asume en un convenio la pavimentaci\u00f3n.<\/p>\n<p>&nbsp;<\/p>\n","protected":false},"excerpt":{"rendered":"<p>El municipio de San Felipe present\u00f3 un proyecto, hace algunos meses atr\u00e1s, a trav\u00e9s de una l\u00ednea nueva del Ministerio de Vivienda, denominada Mejorando mi barrio. El proyecto presentado se trabaja a&#8230;<\/p>\n","protected":false},"author":482,"featured_media":20676,"comment_status":"open","ping_status":"closed","sticky":false,"template":"","format":"standard","meta":{"advanced_seo_description":"","jetpack_seo_html_title":"","jetpack_seo_noindex":false,"_jetpack_memberships_contains_paid_content":false,"footnotes":""},"categories":[1],"tags":[],"class_list":["post-20675","post","type-post","status-publish","format-standard","has-post-thumbnail","hentry","category-cronica"],"jetpack_featured_media_url":"https:\/\/i0.wp.com\/eltrabajo.cl\/portal\/wp-content\/uploads\/2012\/07\/jaime-amar-2.jpg?fit=600%2C451&ssl=1","jetpack_sharing_enabled":true,"jetpack_likes_enabled":true,"jetpack-related-posts":[],"_links":{"self":[{"href":"https:\/\/eltrabajo.cl\/portal\/wp-json\/wp\/v2\/posts\/20675","targetHints":{"allow":["GET"]}}],"collection":[{"href":"https:\/\/eltrabajo.cl\/portal\/wp-json\/wp\/v2\/posts"}],"about":[{"href":"https:\/\/eltrabajo.cl\/portal\/wp-json\/wp\/v2\/types\/post"}],"author":[{"embeddable":true,"href":"https:\/\/eltrabajo.cl\/portal\/wp-json\/wp\/v2\/users\/482"}],"replies":[{"embeddable":true,"href":"https:\/\/eltrabajo.cl\/portal\/wp-json\/wp\/v2\/comments?post=20675"}],"version-history":[{"count":0,"href":"https:\/\/eltrabajo.cl\/portal\/wp-json\/wp\/v2\/posts\/20675\/revisions"}],"wp:featuredmedia":[{"embeddable":true,"href":"https:\/\/eltrabajo.cl\/portal\/wp-json\/wp\/v2\/media\/20676"}],"wp:attachment":[{"href":"https:\/\/eltrabajo.cl\/portal\/wp-json\/wp\/v2\/media?parent=20675"}],"wp:term":[{"taxonomy":"category","embeddable":true,"href":"https:\/\/eltrabajo.cl\/portal\/wp-json\/wp\/v2\/categories?post=20675"},{"taxonomy":"post_tag","embeddable":true,"href":"https:\/\/eltrabajo.cl\/portal\/wp-json\/wp\/v2\/tags?post=20675"}],"curies":[{"name":"wp","href":"https:\/\/api.w.org\/{rel}","templated":true}]}}