{"id":20686,"date":"2012-07-13T09:31:56","date_gmt":"2012-07-13T13:31:56","guid":{"rendered":"http:\/\/www.eltrabajo.cl\/portal\/?p=20686"},"modified":"2012-07-13T09:31:57","modified_gmt":"2012-07-13T13:31:57","slug":"realizan-baby-futbol-en-beneficio-de-joven-que-sufrio-grave-enfermedad","status":"publish","type":"post","link":"https:\/\/eltrabajo.cl\/portal\/realizan-baby-futbol-en-beneficio-de-joven-que-sufrio-grave-enfermedad\/","title":{"rendered":"Realizan Baby F\u00fatbol en beneficio de joven que sufri\u00f3 grave enfermedad"},"content":{"rendered":"<figure id=\"attachment_20687\" aria-describedby=\"caption-attachment-20687\" style=\"width: 283px\" class=\"wp-caption alignleft\"><a href=\"http:\/\/www.eltrabajo.cl\/portal\/2012\/07\/realizan-baby-futbol-en-beneficio-de-joven-que-sufrio-grave-enfermedad\/lara-roxana-calderon-2\/\" rel=\"attachment wp-att-20687\"><img data-recalc-dims=\"1\" loading=\"lazy\" decoding=\"async\" class=\"size-medium wp-image-20687 \" title=\"Lara Roxana Calderon (2)\" src=\"https:\/\/i0.wp.com\/www.eltrabajo.cl\/portal\/wp-content\/uploads\/2012\/07\/Lara-Roxana-Calderon-2-283x300.jpg?resize=283%2C300\" alt=\"\" width=\"283\" height=\"300\" srcset=\"https:\/\/i0.wp.com\/eltrabajo.cl\/portal\/wp-content\/uploads\/2012\/07\/Lara-Roxana-Calderon-2.jpg?resize=283%2C300&amp;ssl=1 283w, https:\/\/i0.wp.com\/eltrabajo.cl\/portal\/wp-content\/uploads\/2012\/07\/Lara-Roxana-Calderon-2.jpg?resize=141%2C150&amp;ssl=1 141w, https:\/\/i0.wp.com\/eltrabajo.cl\/portal\/wp-content\/uploads\/2012\/07\/Lara-Roxana-Calderon-2.jpg?resize=400%2C422&amp;ssl=1 400w, https:\/\/i0.wp.com\/eltrabajo.cl\/portal\/wp-content\/uploads\/2012\/07\/Lara-Roxana-Calderon-2.jpg?w=600&amp;ssl=1 600w\" sizes=\"auto, (max-width: 283px) 100vw, 283px\" \/><\/a><figcaption id=\"caption-attachment-20687\" class=\"wp-caption-text\">Con l\u00e1grimas en los ojos, Lara Roxana Calder\u00f3n, madre del joven Alex Garc\u00eda, nos inform\u00f3 sobre este beneficio para su hijo que ha quedado con graves secuelas tras sufrir un accidente vascular.<\/figcaption><\/figure>\n<p><strong>PUTAENDO.-<\/strong> Un torneo de baby f\u00fatbol solidario para este fin de semana est\u00e1n organizando los vecinos de la Villa Javiera Carrera, para ir en ayuda de un joven que sufri\u00f3 una grave enfermedad que lo dej\u00f3 con serias secuelas.<\/p>\n<p>Lara Roxana Calder\u00f3n, madre de Alex Garc\u00eda Calder\u00f3n, nos visit\u00f3 para contarnos que su hijo sufri\u00f3 un accidente vascular en la ciudad de Antofagasta, hace ya 5 meses, y que desde ese tiempo ha estado internado en el Hospital Militar de Santiago, donde lamentablemente ya los m\u00e9dicos le se\u00f1alaron que su hijo quedar\u00e1 con serias secuelas que le impedir\u00e1n hablar y caminar con normalidad, por lo que a pesar de no querer en un principio, pero entendiendo que esto ser\u00e1 un largo proceso de adaptaci\u00f3n y cambios en la vida de su hijo, acept\u00f3 el ofrecimiento de sus vecinos de querer ayudarla con esta actividad deportiva.<\/p>\n<p>Es por aquello que los vecinos de la Villa Do\u00f1a Javiera est\u00e1n organizando para este viernes y s\u00e1bado un baby f\u00fatbol solidario a partir de las 20.00 horas en la multicancha de la poblaci\u00f3n, donde se espera reunir la mayor cantidad de dinero para ayudar a este joven que sufri\u00f3 esta grave enfermedad.<\/p>\n<p><strong>Patricio Gallardo M.<\/strong><\/p>\n<p>&nbsp;<\/p>\n","protected":false},"excerpt":{"rendered":"<p>PUTAENDO.- Un torneo de baby f\u00fatbol solidario para este fin de semana est\u00e1n organizando los vecinos de la Villa Javiera Carrera, para ir en ayuda de un joven que sufri\u00f3 una grave&#8230;<\/p>\n","protected":false},"author":482,"featured_media":20687,"comment_status":"open","ping_status":"closed","sticky":false,"template":"","format":"standard","meta":{"advanced_seo_description":"","jetpack_seo_html_title":"","jetpack_seo_noindex":false,"_jetpack_memberships_contains_paid_content":false,"footnotes":""},"categories":[1],"tags":[],"class_list":["post-20686","post","type-post","status-publish","format-standard","has-post-thumbnail","hentry","category-cronica"],"jetpack_featured_media_url":"https:\/\/i0.wp.com\/eltrabajo.cl\/portal\/wp-content\/uploads\/2012\/07\/Lara-Roxana-Calderon-2.jpg?fit=600%2C634&ssl=1","jetpack_sharing_enabled":true,"jetpack_likes_enabled":true,"jetpack-related-posts":[],"_links":{"self":[{"href":"https:\/\/eltrabajo.cl\/portal\/wp-json\/wp\/v2\/posts\/20686","targetHints":{"allow":["GET"]}}],"collection":[{"href":"https:\/\/eltrabajo.cl\/portal\/wp-json\/wp\/v2\/posts"}],"about":[{"href":"https:\/\/eltrabajo.cl\/portal\/wp-json\/wp\/v2\/types\/post"}],"author":[{"embeddable":true,"href":"https:\/\/eltrabajo.cl\/portal\/wp-json\/wp\/v2\/users\/482"}],"replies":[{"embeddable":true,"href":"https:\/\/eltrabajo.cl\/portal\/wp-json\/wp\/v2\/comments?post=20686"}],"version-history":[{"count":0,"href":"https:\/\/eltrabajo.cl\/portal\/wp-json\/wp\/v2\/posts\/20686\/revisions"}],"wp:featuredmedia":[{"embeddable":true,"href":"https:\/\/eltrabajo.cl\/portal\/wp-json\/wp\/v2\/media\/20687"}],"wp:attachment":[{"href":"https:\/\/eltrabajo.cl\/portal\/wp-json\/wp\/v2\/media?parent=20686"}],"wp:term":[{"taxonomy":"category","embeddable":true,"href":"https:\/\/eltrabajo.cl\/portal\/wp-json\/wp\/v2\/categories?post=20686"},{"taxonomy":"post_tag","embeddable":true,"href":"https:\/\/eltrabajo.cl\/portal\/wp-json\/wp\/v2\/tags?post=20686"}],"curies":[{"name":"wp","href":"https:\/\/api.w.org\/{rel}","templated":true}]}}