{"id":20710,"date":"2012-07-13T09:46:31","date_gmt":"2012-07-13T13:46:31","guid":{"rendered":"http:\/\/www.eltrabajo.cl\/portal\/?p=20710"},"modified":"2012-07-13T09:46:31","modified_gmt":"2012-07-13T13:46:31","slug":"antisociales-ingresan-a-la-gobernacion-y-sustraen-equipos-computacionales","status":"publish","type":"post","link":"https:\/\/eltrabajo.cl\/portal\/antisociales-ingresan-a-la-gobernacion-y-sustraen-equipos-computacionales\/","title":{"rendered":"Antisociales ingresan a la Gobernaci\u00f3n y sustraen equipos computacionales"},"content":{"rendered":"<figure id=\"attachment_20712\" aria-describedby=\"caption-attachment-20712\" style=\"width: 300px\" class=\"wp-caption alignleft\"><a href=\"http:\/\/www.eltrabajo.cl\/portal\/2012\/07\/antisociales-ingresan-a-la-gobernacion-y-sustraen-equipos-computacionales\/robo-gobernacion-1\/\" rel=\"attachment wp-att-20712\"><br \/>\n<img data-recalc-dims=\"1\" loading=\"lazy\" decoding=\"async\" class=\"size-medium wp-image-20712\" title=\"robo gobernacion (1)\" src=\"https:\/\/i0.wp.com\/www.eltrabajo.cl\/portal\/wp-content\/uploads\/2012\/07\/robo-gobernacion-1-300x225.jpg?resize=300%2C225\" alt=\"\" width=\"300\" height=\"225\" srcset=\"https:\/\/i0.wp.com\/eltrabajo.cl\/portal\/wp-content\/uploads\/2012\/07\/robo-gobernacion-1.jpg?resize=300%2C225&amp;ssl=1 300w, https:\/\/i0.wp.com\/eltrabajo.cl\/portal\/wp-content\/uploads\/2012\/07\/robo-gobernacion-1.jpg?resize=200%2C150&amp;ssl=1 200w, https:\/\/i0.wp.com\/eltrabajo.cl\/portal\/wp-content\/uploads\/2012\/07\/robo-gobernacion-1.jpg?resize=150%2C112&amp;ssl=1 150w, https:\/\/i0.wp.com\/eltrabajo.cl\/portal\/wp-content\/uploads\/2012\/07\/robo-gobernacion-1.jpg?resize=400%2C300&amp;ssl=1 400w, https:\/\/i0.wp.com\/eltrabajo.cl\/portal\/wp-content\/uploads\/2012\/07\/robo-gobernacion-1.jpg?w=600&amp;ssl=1 600w\" sizes=\"auto, (max-width: 300px) 100vw, 300px\" \/><\/a><figcaption id=\"caption-attachment-20712\" class=\"wp-caption-text\">Aunque se est\u00e1 investigando el hecho, al parecer uno de los sujetos habr\u00eda perdido el equilibrio y cay\u00f3 por el techo al suelo, por lo que dej\u00f3 botada la CPU y se dio a la fuga.<\/figcaption><\/figure>\n<ul>\n<li><strong>Ni el principal edificio gubernamental se salva de los robos que afectan a la comuna. Uno de los delincuentes se habr\u00eda ca\u00eddo del techo, dejando botado un computador.<\/strong><\/li>\n<\/ul>\n<p>A la lista de robos que se han registrado en locales comerciales de la zona c\u00e9ntrica de la comuna de San Felipe, ahora se sum\u00f3 la Gobernaci\u00f3n provincial.<\/p>\n<p>El hecho qued\u00f3 al descubierto alrededor de las 7 de la ma\u00f1ana de este jueves, cuando llegaron los primeros funcionarios al edificio y encontraron la ventana de la oficina del asesor comunicacional quebrada y el techo del pasillo de entrada del edificio roto, a lo que se sumaba la CPU del computador de esa oficina botada en el suelo, por lo que dieron de inmediato cuenta de la situaci\u00f3n a la Gobernadora Patricia Boffa.<\/p>\n<p>Seg\u00fan explic\u00f3 la autoridad provincial, se presume que los antisociales subieron por el techo que protege el pasillo de entrada al edificio de los servicios p\u00fablicos y se dirigieron hasta las ventanas que dan a la oficina de Relaciones P\u00fablicas, donde rompieron la ventana para abrir el seguro e ingresar a las dependencias.<\/p>\n<p>Una vez all\u00ed, r\u00e1pidamente habr\u00edan comenzado a sacar una pantalla de computador, la CPU, chaquetas institucionales y un notebook, dejando uno de los antisociales la huella de una zapatilla, la que est\u00e1 siendo investigada y as\u00ed lograr dar con el paraderos de los sujetos. Cabe destacar que aparentemente, uno de los delincuentes se cay\u00f3 del techo y dej\u00f3 abandonada una CPU que result\u00f3 da\u00f1ada.<\/p>\n<figure id=\"attachment_20711\" aria-describedby=\"caption-attachment-20711\" style=\"width: 300px\" class=\"wp-caption alignright\"><a href=\"http:\/\/www.eltrabajo.cl\/portal\/2012\/07\/antisociales-ingresan-a-la-gobernacion-y-sustraen-equipos-computacionales\/ventana-rota-2\/\" rel=\"attachment wp-att-20711\"><img data-recalc-dims=\"1\" loading=\"lazy\" decoding=\"async\" class=\"size-medium wp-image-20711\" title=\"ventana rota (2)\" src=\"https:\/\/i0.wp.com\/www.eltrabajo.cl\/portal\/wp-content\/uploads\/2012\/07\/ventana-rota-2-300x225.jpg?resize=300%2C225\" alt=\"\" width=\"300\" height=\"225\" srcset=\"https:\/\/i0.wp.com\/eltrabajo.cl\/portal\/wp-content\/uploads\/2012\/07\/ventana-rota-2.jpg?resize=300%2C225&amp;ssl=1 300w, https:\/\/i0.wp.com\/eltrabajo.cl\/portal\/wp-content\/uploads\/2012\/07\/ventana-rota-2.jpg?resize=200%2C150&amp;ssl=1 200w, https:\/\/i0.wp.com\/eltrabajo.cl\/portal\/wp-content\/uploads\/2012\/07\/ventana-rota-2.jpg?resize=150%2C112&amp;ssl=1 150w, https:\/\/i0.wp.com\/eltrabajo.cl\/portal\/wp-content\/uploads\/2012\/07\/ventana-rota-2.jpg?resize=400%2C300&amp;ssl=1 400w, https:\/\/i0.wp.com\/eltrabajo.cl\/portal\/wp-content\/uploads\/2012\/07\/ventana-rota-2.jpg?w=600&amp;ssl=1 600w\" sizes=\"auto, (max-width: 300px) 100vw, 300px\" \/><\/a><figcaption id=\"caption-attachment-20711\" class=\"wp-caption-text\">Por esta ventana habr\u00edan ingresado los sujetos, quienes rompieron el vidrio y abrieron el seguro.<\/figcaption><\/figure>\n<p>\u201cNos preocupaba enormemente el equipo de trabajo de mi asesor, porque all\u00ed es donde estaban todas las estrategias que nosotros usamos comunicacionalmente y todo lo que se maneja en el d\u00eda a d\u00eda en la Gobernaci\u00f3n provincial en la parte comunicacional, pero gracias a Dios hemos podido recuperar lo que es la CPU de \u00e9l y se ha podido recuperar toda la informaci\u00f3n que estaba en ella, lo que s\u00ed no hemos podido recuperar el notebook del ministerio del Interior y chaquetas institucionales del asesor de prensa\u201d.<\/p>\n<p>La autoridad hizo un llamado en ese sentido, a no darle mal uso a esa indumentaria, argumentando adem\u00e1s que es muy dif\u00edcil sacarle el bordado que llevan por lo que no les servir\u00edan de nada y ser\u00edan f\u00e1cilmente reconocibles.<\/p>\n<p>En el lugar se constituy\u00f3 la PDI, Carabineros y el fiscal de turno, quienes realizaron el procedimiento y comenzaron la investigaci\u00f3n del hecho delictual.<\/p>\n<p>Por ello la Gobernadora evit\u00f3 dar mayores detalles, aunque adelant\u00f3 que se est\u00e1n analizando las c\u00e1maras de televigilancia ubicadas en el centro, con el objetivo de establecer la identidad de los sujetos involucrados en el hecho il\u00edcito.<\/p>\n<p>Boffa repudi\u00f3 el hecho que afect\u00f3 al principal edificio gubernamental en la provincia, y seg\u00fan se\u00f1al\u00f3, hace unos meses la Gobernadora recibi\u00f3 de parte de Carabineros un informe que se\u00f1alaba la vulnerabilidad del edificio, lo que qued\u00f3 demostrado con el robo sufrido en la madrugada, por ello se establecer\u00e1n mayores medidas de seguridad.<\/p>\n<p>\u201cVamos a instalar durante esta semana alarmas y un cierre de protecciones\u201d.<\/p>\n<p>Este es el segundo hecho delictual que afecta a esa oficina, ya que anteriormente hab\u00eda sido robado otro art\u00edculo computacional.<\/p>\n<p>&nbsp;<\/p>\n","protected":false},"excerpt":{"rendered":"<p>Ni el principal edificio gubernamental se salva de los robos que afectan a la comuna. Uno de los delincuentes se habr\u00eda ca\u00eddo del techo, dejando botado un computador. A la lista de&#8230;<\/p>\n","protected":false},"author":482,"featured_media":20712,"comment_status":"open","ping_status":"closed","sticky":false,"template":"","format":"standard","meta":{"advanced_seo_description":"","jetpack_seo_html_title":"","jetpack_seo_noindex":false,"_jetpack_memberships_contains_paid_content":false,"footnotes":""},"categories":[21],"tags":[],"class_list":["post-20710","post","type-post","status-publish","format-standard","has-post-thumbnail","hentry","category-policial"],"jetpack_featured_media_url":"https:\/\/i0.wp.com\/eltrabajo.cl\/portal\/wp-content\/uploads\/2012\/07\/robo-gobernacion-1.jpg?fit=600%2C450&ssl=1","jetpack_sharing_enabled":true,"jetpack_likes_enabled":true,"jetpack-related-posts":[],"_links":{"self":[{"href":"https:\/\/eltrabajo.cl\/portal\/wp-json\/wp\/v2\/posts\/20710","targetHints":{"allow":["GET"]}}],"collection":[{"href":"https:\/\/eltrabajo.cl\/portal\/wp-json\/wp\/v2\/posts"}],"about":[{"href":"https:\/\/eltrabajo.cl\/portal\/wp-json\/wp\/v2\/types\/post"}],"author":[{"embeddable":true,"href":"https:\/\/eltrabajo.cl\/portal\/wp-json\/wp\/v2\/users\/482"}],"replies":[{"embeddable":true,"href":"https:\/\/eltrabajo.cl\/portal\/wp-json\/wp\/v2\/comments?post=20710"}],"version-history":[{"count":0,"href":"https:\/\/eltrabajo.cl\/portal\/wp-json\/wp\/v2\/posts\/20710\/revisions"}],"wp:featuredmedia":[{"embeddable":true,"href":"https:\/\/eltrabajo.cl\/portal\/wp-json\/wp\/v2\/media\/20712"}],"wp:attachment":[{"href":"https:\/\/eltrabajo.cl\/portal\/wp-json\/wp\/v2\/media?parent=20710"}],"wp:term":[{"taxonomy":"category","embeddable":true,"href":"https:\/\/eltrabajo.cl\/portal\/wp-json\/wp\/v2\/categories?post=20710"},{"taxonomy":"post_tag","embeddable":true,"href":"https:\/\/eltrabajo.cl\/portal\/wp-json\/wp\/v2\/tags?post=20710"}],"curies":[{"name":"wp","href":"https:\/\/api.w.org\/{rel}","templated":true}]}}