{"id":20715,"date":"2012-07-13T09:48:32","date_gmt":"2012-07-13T13:48:32","guid":{"rendered":"http:\/\/www.eltrabajo.cl\/portal\/?p=20715"},"modified":"2012-07-13T09:48:32","modified_gmt":"2012-07-13T13:48:32","slug":"tres-detenidos-por-quemar-neumaticos-en-el-centro-de-putaendo","status":"publish","type":"post","link":"https:\/\/eltrabajo.cl\/portal\/tres-detenidos-por-quemar-neumaticos-en-el-centro-de-putaendo\/","title":{"rendered":"Tres detenidos por quemar neum\u00e1ticos en el centro de Putaendo"},"content":{"rendered":"<figure id=\"attachment_20716\" aria-describedby=\"caption-attachment-20716\" style=\"width: 300px\" class=\"wp-caption alignleft\"><a href=\"http:\/\/www.eltrabajo.cl\/portal\/2012\/07\/tres-detenidos-por-quemar-neumaticos-en-el-centro-de-putaendo\/quema-neumaticos\/\" rel=\"attachment wp-att-20716\"><img data-recalc-dims=\"1\" loading=\"lazy\" decoding=\"async\" class=\"size-medium wp-image-20716\" title=\"quema neumaticos\" src=\"https:\/\/i0.wp.com\/www.eltrabajo.cl\/portal\/wp-content\/uploads\/2012\/07\/quema-neumaticos-300x225.jpg?resize=300%2C225\" alt=\"\" width=\"300\" height=\"225\" srcset=\"https:\/\/i0.wp.com\/eltrabajo.cl\/portal\/wp-content\/uploads\/2012\/07\/quema-neumaticos.jpg?resize=300%2C225&amp;ssl=1 300w, https:\/\/i0.wp.com\/eltrabajo.cl\/portal\/wp-content\/uploads\/2012\/07\/quema-neumaticos.jpg?resize=200%2C150&amp;ssl=1 200w, https:\/\/i0.wp.com\/eltrabajo.cl\/portal\/wp-content\/uploads\/2012\/07\/quema-neumaticos.jpg?resize=150%2C112&amp;ssl=1 150w, https:\/\/i0.wp.com\/eltrabajo.cl\/portal\/wp-content\/uploads\/2012\/07\/quema-neumaticos.jpg?resize=400%2C300&amp;ssl=1 400w, https:\/\/i0.wp.com\/eltrabajo.cl\/portal\/wp-content\/uploads\/2012\/07\/quema-neumaticos.jpg?w=600&amp;ssl=1 600w\" sizes=\"auto, (max-width: 300px) 100vw, 300px\" \/><\/a><figcaption id=\"caption-attachment-20716\" class=\"wp-caption-text\">La presencia de neum\u00e1ticos en llamas fue alertada por los propios automovilistas que pasaban por el sector.<\/figcaption><\/figure>\n<p>Personal de Carabineros de Putaendo detuvo a tres sujetos que fueron sorprendidos quemando neum\u00e1ticos en pleno centro de la comuna, dos de los cuales resultaron ser hijos de funcionarios municipales.<\/p>\n<p>El hecho se registr\u00f3 a eso de la una de la madrugada del mi\u00e9rcoles, luego que automovilistas dieran aviso a Carabineros que en la Avenida Alejandrina Carvajal, a la altura de la calle O\u00b4Higgins, hab\u00edan neum\u00e1ticos encendidos obstaculizando el tr\u00e1nsito.<\/p>\n<p>Carabineros de Putaendo, al mando del Suboficial Mayor Pedro Moreno, llegaron r\u00e1pidamente al lugar y advirtieron la presencia de tres sujetos j\u00f3venes que huyeron por calle O\u2019Higgins en direcci\u00f3n a Sarmiento, donde finalmente fueron detenidos.<\/p>\n<p>Los j\u00f3venes fueron identificados con las iniciales A.N.A.O., de 18 a\u00f1os; S.P.C.R., de 21 a\u00f1os, y C.S.A.Z., de 19 a\u00f1os, los tres con domicilio en Putaendo, los que por orden del fiscal de turno quedaron detenidos y pasaron a control de detenci\u00f3n la ma\u00f1ana de este mi\u00e9rcoles.<\/p>\n<p>Seg\u00fan inform\u00f3 Carabineros, se encontraron pruebas concretas entre las vestimentas de los j\u00f3venes que los involucrar\u00edan en este hecho.<\/p>\n<figure id=\"attachment_20717\" aria-describedby=\"caption-attachment-20717\" style=\"width: 300px\" class=\"wp-caption alignright\"><a href=\"http:\/\/www.eltrabajo.cl\/portal\/2012\/07\/tres-detenidos-por-quemar-neumaticos-en-el-centro-de-putaendo\/pruebas-1\/\" rel=\"attachment wp-att-20717\"><img data-recalc-dims=\"1\" loading=\"lazy\" decoding=\"async\" class=\"size-medium wp-image-20717\" title=\"pruebas (1)\" src=\"https:\/\/i0.wp.com\/www.eltrabajo.cl\/portal\/wp-content\/uploads\/2012\/07\/pruebas-1-300x215.jpg?resize=300%2C215\" alt=\"\" width=\"300\" height=\"215\" srcset=\"https:\/\/i0.wp.com\/eltrabajo.cl\/portal\/wp-content\/uploads\/2012\/07\/pruebas-1.jpg?resize=300%2C215&amp;ssl=1 300w, https:\/\/i0.wp.com\/eltrabajo.cl\/portal\/wp-content\/uploads\/2012\/07\/pruebas-1.jpg?resize=200%2C143&amp;ssl=1 200w, https:\/\/i0.wp.com\/eltrabajo.cl\/portal\/wp-content\/uploads\/2012\/07\/pruebas-1.jpg?resize=150%2C107&amp;ssl=1 150w, https:\/\/i0.wp.com\/eltrabajo.cl\/portal\/wp-content\/uploads\/2012\/07\/pruebas-1.jpg?resize=400%2C286&amp;ssl=1 400w, https:\/\/i0.wp.com\/eltrabajo.cl\/portal\/wp-content\/uploads\/2012\/07\/pruebas-1.jpg?w=600&amp;ssl=1 600w\" sizes=\"auto, (max-width: 300px) 100vw, 300px\" \/><\/a><figcaption id=\"caption-attachment-20717\" class=\"wp-caption-text\">En poder de los detenidos se encontraron f\u00f3sforos y papel.<\/figcaption><\/figure>\n<p><strong>JURAN INOCENCIA<\/strong><\/p>\n<p>Los tres j\u00f3venes detenidos quedaron en libertad pasadas las 15:30 horas, despu\u00e9s de comparecer en el Tribunal Mixto de Putaendo, mientras se espera la audiencia para el d\u00eda 14 de agosto por la causa que se abri\u00f3 en su contra, donde los j\u00f3venes aseguran su total inocencia pues se\u00f1alan que ven\u00edan pasando por el sector luego de haber participado en un partido de f\u00fatbol y que al momento en que Carabineros los detuvo, los verdaderos autores del hecho habr\u00edan arrancado.<\/p>\n<p>En la audiencia estuvieron presentes sus padres quienes criticaron el procedimiento policial adem\u00e1s de repudiar el actuar de la fiscal\u00eda a la que acusaron de ser poco criteriosos, ya que sus hijos no tienen antecedentes penales, es la primera vez que son detenidos y estuvieron detenidos m\u00e1s de 16 horas mientras que el sujeto que tiene un amplio prontuario policial y que ocasion\u00f3 da\u00f1os solo estuvo detenido un par de horas.<\/p>\n<p>En tanto el alcalde Guillermo Reyes prest\u00f3 todo su apoyo a los j\u00f3venes y a sus familias, agregando que no compart\u00eda que hayan estado detenidos durante toda la noche, donde tambi\u00e9n se refiri\u00f3 a la detenci\u00f3n del sujeto que ocasion\u00f3 da\u00f1os y que fue liberado solo un par de horas despu\u00e9s, agregando que no entend\u00eda el actuar de La fiscal\u00eda, pues no se hab\u00eda tratado de un hecho de extrema gravedad, entregando toda su solidaridad a los j\u00f3venes detenidos.<\/p>\n<p>&nbsp;<\/p>\n","protected":false},"excerpt":{"rendered":"<p>Personal de Carabineros de Putaendo detuvo a tres sujetos que fueron sorprendidos quemando neum\u00e1ticos en pleno centro de la comuna, dos de los cuales resultaron ser hijos de funcionarios municipales. El hecho&#8230;<\/p>\n","protected":false},"author":482,"featured_media":20716,"comment_status":"open","ping_status":"closed","sticky":false,"template":"","format":"standard","meta":{"advanced_seo_description":"","jetpack_seo_html_title":"","jetpack_seo_noindex":false,"_jetpack_memberships_contains_paid_content":false,"footnotes":""},"categories":[1],"tags":[],"class_list":["post-20715","post","type-post","status-publish","format-standard","has-post-thumbnail","hentry","category-cronica"],"jetpack_featured_media_url":"https:\/\/i0.wp.com\/eltrabajo.cl\/portal\/wp-content\/uploads\/2012\/07\/quema-neumaticos.jpg?fit=600%2C450&ssl=1","jetpack_sharing_enabled":true,"jetpack_likes_enabled":true,"jetpack-related-posts":[],"_links":{"self":[{"href":"https:\/\/eltrabajo.cl\/portal\/wp-json\/wp\/v2\/posts\/20715","targetHints":{"allow":["GET"]}}],"collection":[{"href":"https:\/\/eltrabajo.cl\/portal\/wp-json\/wp\/v2\/posts"}],"about":[{"href":"https:\/\/eltrabajo.cl\/portal\/wp-json\/wp\/v2\/types\/post"}],"author":[{"embeddable":true,"href":"https:\/\/eltrabajo.cl\/portal\/wp-json\/wp\/v2\/users\/482"}],"replies":[{"embeddable":true,"href":"https:\/\/eltrabajo.cl\/portal\/wp-json\/wp\/v2\/comments?post=20715"}],"version-history":[{"count":0,"href":"https:\/\/eltrabajo.cl\/portal\/wp-json\/wp\/v2\/posts\/20715\/revisions"}],"wp:featuredmedia":[{"embeddable":true,"href":"https:\/\/eltrabajo.cl\/portal\/wp-json\/wp\/v2\/media\/20716"}],"wp:attachment":[{"href":"https:\/\/eltrabajo.cl\/portal\/wp-json\/wp\/v2\/media?parent=20715"}],"wp:term":[{"taxonomy":"category","embeddable":true,"href":"https:\/\/eltrabajo.cl\/portal\/wp-json\/wp\/v2\/categories?post=20715"},{"taxonomy":"post_tag","embeddable":true,"href":"https:\/\/eltrabajo.cl\/portal\/wp-json\/wp\/v2\/tags?post=20715"}],"curies":[{"name":"wp","href":"https:\/\/api.w.org\/{rel}","templated":true}]}}