{"id":20720,"date":"2012-07-13T09:51:13","date_gmt":"2012-07-13T13:51:13","guid":{"rendered":"http:\/\/www.eltrabajo.cl\/portal\/?p=20720"},"modified":"2012-07-13T09:51:13","modified_gmt":"2012-07-13T13:51:13","slug":"decretan-libertad-provisoria-a-profesor-acusado-de-violar-a-su-sobrino","status":"publish","type":"post","link":"https:\/\/eltrabajo.cl\/portal\/decretan-libertad-provisoria-a-profesor-acusado-de-violar-a-su-sobrino\/","title":{"rendered":"Decretan libertad provisoria a profesor acusado de violar a su sobrino"},"content":{"rendered":"<figure id=\"attachment_20722\" aria-describedby=\"caption-attachment-20722\" style=\"width: 600px\" class=\"wp-caption alignnone\"><a href=\"http:\/\/www.eltrabajo.cl\/portal\/2012\/07\/decretan-libertad-provisoria-a-profesor-acusado-de-violar-a-su-sobrino\/juan-cruz-cisternas\/\" rel=\"attachment wp-att-20722\"><img data-recalc-dims=\"1\" loading=\"lazy\" decoding=\"async\" class=\"size-full wp-image-20722\" title=\"Juan Cruz Cisternas\" src=\"https:\/\/i0.wp.com\/www.eltrabajo.cl\/portal\/wp-content\/uploads\/2012\/07\/Juan-Cruz-Cisternas.jpg?resize=600%2C449\" alt=\"\" width=\"600\" height=\"449\" srcset=\"https:\/\/i0.wp.com\/eltrabajo.cl\/portal\/wp-content\/uploads\/2012\/07\/Juan-Cruz-Cisternas.jpg?w=600&amp;ssl=1 600w, https:\/\/i0.wp.com\/eltrabajo.cl\/portal\/wp-content\/uploads\/2012\/07\/Juan-Cruz-Cisternas.jpg?resize=200%2C150&amp;ssl=1 200w, https:\/\/i0.wp.com\/eltrabajo.cl\/portal\/wp-content\/uploads\/2012\/07\/Juan-Cruz-Cisternas.jpg?resize=300%2C224&amp;ssl=1 300w, https:\/\/i0.wp.com\/eltrabajo.cl\/portal\/wp-content\/uploads\/2012\/07\/Juan-Cruz-Cisternas.jpg?resize=150%2C112&amp;ssl=1 150w, https:\/\/i0.wp.com\/eltrabajo.cl\/portal\/wp-content\/uploads\/2012\/07\/Juan-Cruz-Cisternas.jpg?resize=400%2C299&amp;ssl=1 400w\" sizes=\"auto, (max-width: 600px) 100vw, 600px\" \/><\/a><figcaption id=\"caption-attachment-20722\" class=\"wp-caption-text\">Juan Cruz Cisternas en estos momentos goza de libertad provisoria, aparentemente hasta la realizaci\u00f3n del Juicio Oral el pr\u00f3ximo 27 de agosto.<\/figcaption><\/figure>\n<p>Pablo Salinas Sald\u00edas &#8211; psalinas@eltrabajo.cl<\/p>\n<p>En libertad provisoria se mantiene un profesor de 30 a\u00f1os identificado como Juan Cruz Cisternas, quien se encontraba en Prisi\u00f3n Preventiva tras ser formalizado por abuso sexual y violaci\u00f3n de un menor de 13 a\u00f1os de edad, decisi\u00f3n que fue dictada por el Tribunal Oral de San Felipe por la ausencia del perito sexual que presentar\u00eda el Ministerio P\u00fablico en el Juicio Oral.<\/p>\n<p>La situaci\u00f3n debi\u00f3 ser manejada por el Fiscal Andr\u00e9s Gallardo, quien manifest\u00f3 que la importante prueba testimonial del facultativo que no hab\u00eda sido notificado a comparecer al juicio, significar\u00eda una absoluci\u00f3n hacia el imputado por los graves cargos que se le acusan, debiendo acceder a la petici\u00f3n de revocar la prisi\u00f3n preventiva que requiri\u00f3 la Defensor\u00eda hasta una nueva fecha que se fij\u00f3 la realizaci\u00f3n del juicio oral.<\/p>\n<p>Esto significa que hasta el momento Juan Cruz Cisternas se encuentra en libertad moment\u00e1nea luego de estar m\u00e1s de un a\u00f1o en prisi\u00f3n preventiva bajo las medidas cautelares de arraigo nacional y prohibici\u00f3n de acercarse a la v\u00edctima.<\/p>\n<figure id=\"attachment_20721\" aria-describedby=\"caption-attachment-20721\" style=\"width: 300px\" class=\"wp-caption alignright\"><a href=\"http:\/\/www.eltrabajo.cl\/portal\/2012\/07\/decretan-libertad-provisoria-a-profesor-acusado-de-violar-a-su-sobrino\/fiscal-andres-gallardo-2\/\" rel=\"attachment wp-att-20721\"><img data-recalc-dims=\"1\" loading=\"lazy\" decoding=\"async\" class=\"size-medium wp-image-20721\" title=\"Fiscal Andres Gallardo\" src=\"https:\/\/i0.wp.com\/www.eltrabajo.cl\/portal\/wp-content\/uploads\/2012\/07\/Fiscal-Andres-Gallardo-300x262.jpg?resize=300%2C262\" alt=\"\" width=\"300\" height=\"262\" srcset=\"https:\/\/i0.wp.com\/eltrabajo.cl\/portal\/wp-content\/uploads\/2012\/07\/Fiscal-Andres-Gallardo.jpg?resize=300%2C262&amp;ssl=1 300w, https:\/\/i0.wp.com\/eltrabajo.cl\/portal\/wp-content\/uploads\/2012\/07\/Fiscal-Andres-Gallardo.jpg?resize=171%2C150&amp;ssl=1 171w, https:\/\/i0.wp.com\/eltrabajo.cl\/portal\/wp-content\/uploads\/2012\/07\/Fiscal-Andres-Gallardo.jpg?resize=150%2C131&amp;ssl=1 150w, https:\/\/i0.wp.com\/eltrabajo.cl\/portal\/wp-content\/uploads\/2012\/07\/Fiscal-Andres-Gallardo.jpg?resize=400%2C350&amp;ssl=1 400w, https:\/\/i0.wp.com\/eltrabajo.cl\/portal\/wp-content\/uploads\/2012\/07\/Fiscal-Andres-Gallardo.jpg?w=600&amp;ssl=1 600w\" sizes=\"auto, (max-width: 300px) 100vw, 300px\" \/><\/a><figcaption id=\"caption-attachment-20721\" class=\"wp-caption-text\">El Fiscal Andr\u00e9s Gallardo se\u00f1al\u00f3 que el pr\u00f3ximo martes 17 se discutir\u00e1 ante el Tribunal la medida cautelar concedida, que a su juicio representar\u00eda un posible peligro de fuga.<\/figcaption><\/figure>\n<p>El pr\u00f3ximo martes 17 de julio se realizar\u00e1 una audiencia en dicho Tribunal, donde ser\u00e1 debatida esta medida cautelar, donde tendr\u00eda que comparecer el imputado que a juicio de la Fiscal\u00eda podr\u00eda representar un peligro de fuga producto de una condena privativa de libertad que puede alcanzar los 10 a\u00f1os y un d\u00eda de prisi\u00f3n, seg\u00fan inform\u00f3 el Fiscal a cargo de los Delitos Sexuales, Andr\u00e9s Gallardo Cerda.<\/p>\n<p>\u201cNosotros ten\u00edamos que estar con todas nuestras pruebas, dentro de las cuales, para acreditar un delito de violaci\u00f3n, est\u00e1 la declaraci\u00f3n del perito sexual, el cual determina si una persona tiene lesiones de car\u00e1cter sexual. Ese perito que es de Valpara\u00edso, no estaba notificado y ya no trabaja en el Servicio M\u00e9dico Legal, por lo tanto ya no es funcionario p\u00fablico, y al no estar notificado no tiene obligaci\u00f3n de asistir al juicio. En esas circunstancias la Fiscal\u00eda no le puede pedir una orden de detenci\u00f3n, por lo tanto este Fiscal solicit\u00f3 una suspensi\u00f3n del juicio por las razones que ya manifest\u00e9, al no estar el perito y lo m\u00e1s probable es que me absuelvan al imputado por no acreditar que hubo penetraci\u00f3n. El Tribunal me neg\u00f3 la suspensi\u00f3n del juicio, por lo tanto qued\u00e9 en la disyuntiva de hacer el juicio inmediatamente, lo cual era una absoluci\u00f3n inminente, o derechamente negociar con la Defensa para la suspensi\u00f3n del juicio. La Defensa accedi\u00f3 a la suspensi\u00f3n, pero siempre y cuando el imputado quedara el libertad\u201d, puntualiz\u00f3 el persecutor.<\/p>\n<p>Cabe consignar que los hechos se registraron el diciembre del a\u00f1o 2010, febrero y abril del 2011, en el domicilio de la v\u00edctima en la comuna de Panquehue, momentos en que justo los padres del menor trabajaban los d\u00edas s\u00e1bados y el menor identificado con las iniciales L.D.L.M. dorm\u00eda en su dormitorio o manipulaba el computador.<\/p>\n<p>Posteriormente en el mes de diciembre del 2010, previo a la navidad, el menor dorm\u00eda en su dormitorio, mientras en la casa no se encontraban los padres, donde el imputado aprovechaba la instancia por su condici\u00f3n de t\u00edo para introducirse en la cama del ni\u00f1o y violarlo, donde aparentemente el menor logr\u00f3 zafarse y huir del lugar para refugiarse en casa de su abuela, situaci\u00f3n que se volvi\u00f3 a repetir en febrero de 2011.<\/p>\n<p>En el mes de abril de ese a\u00f1o, en dos oportunidades el individuo realiz\u00f3 actos de connotaci\u00f3n sexual en contra de su sobrino toc\u00e1ndole sus genitales mientras el menor ocupaba el computador, delitos que Juan Cruz Cisternas confes\u00f3 a la Polic\u00eda de Investigaciones y forman parte de la investigaci\u00f3n.<\/p>\n<p>Para el pr\u00f3ximo 27 de agosto se tiene agendada la realizaci\u00f3n del juicio ante el Tribunal Oral en Lo Penal de San Felipe.<\/p>\n<p>&nbsp;<\/p>\n","protected":false},"excerpt":{"rendered":"<p>Pablo Salinas Sald\u00edas &#8211; psalinas@eltrabajo.cl En libertad provisoria se mantiene un profesor de 30 a\u00f1os identificado como Juan Cruz Cisternas, quien se encontraba en Prisi\u00f3n Preventiva tras ser formalizado por abuso sexual&#8230;<\/p>\n","protected":false},"author":482,"featured_media":20722,"comment_status":"open","ping_status":"closed","sticky":false,"template":"","format":"standard","meta":{"advanced_seo_description":"","jetpack_seo_html_title":"","jetpack_seo_noindex":false,"_jetpack_memberships_contains_paid_content":false,"footnotes":""},"categories":[21],"tags":[],"class_list":["post-20720","post","type-post","status-publish","format-standard","has-post-thumbnail","hentry","category-policial"],"jetpack_featured_media_url":"https:\/\/i0.wp.com\/eltrabajo.cl\/portal\/wp-content\/uploads\/2012\/07\/Juan-Cruz-Cisternas.jpg?fit=600%2C449&ssl=1","jetpack_sharing_enabled":true,"jetpack_likes_enabled":true,"jetpack-related-posts":[],"_links":{"self":[{"href":"https:\/\/eltrabajo.cl\/portal\/wp-json\/wp\/v2\/posts\/20720","targetHints":{"allow":["GET"]}}],"collection":[{"href":"https:\/\/eltrabajo.cl\/portal\/wp-json\/wp\/v2\/posts"}],"about":[{"href":"https:\/\/eltrabajo.cl\/portal\/wp-json\/wp\/v2\/types\/post"}],"author":[{"embeddable":true,"href":"https:\/\/eltrabajo.cl\/portal\/wp-json\/wp\/v2\/users\/482"}],"replies":[{"embeddable":true,"href":"https:\/\/eltrabajo.cl\/portal\/wp-json\/wp\/v2\/comments?post=20720"}],"version-history":[{"count":0,"href":"https:\/\/eltrabajo.cl\/portal\/wp-json\/wp\/v2\/posts\/20720\/revisions"}],"wp:featuredmedia":[{"embeddable":true,"href":"https:\/\/eltrabajo.cl\/portal\/wp-json\/wp\/v2\/media\/20722"}],"wp:attachment":[{"href":"https:\/\/eltrabajo.cl\/portal\/wp-json\/wp\/v2\/media?parent=20720"}],"wp:term":[{"taxonomy":"category","embeddable":true,"href":"https:\/\/eltrabajo.cl\/portal\/wp-json\/wp\/v2\/categories?post=20720"},{"taxonomy":"post_tag","embeddable":true,"href":"https:\/\/eltrabajo.cl\/portal\/wp-json\/wp\/v2\/tags?post=20720"}],"curies":[{"name":"wp","href":"https:\/\/api.w.org\/{rel}","templated":true}]}}