{"id":20739,"date":"2012-07-17T10:23:48","date_gmt":"2012-07-17T14:23:48","guid":{"rendered":"http:\/\/www.eltrabajo.cl\/portal\/?p=20739"},"modified":"2012-07-17T10:23:48","modified_gmt":"2012-07-17T14:23:48","slug":"en-el-hospital-san-juan-de-dios-estan-felices-con-nueva-ambulancia","status":"publish","type":"post","link":"https:\/\/eltrabajo.cl\/portal\/en-el-hospital-san-juan-de-dios-estan-felices-con-nueva-ambulancia\/","title":{"rendered":"En el Hospital San Juan de Dios est\u00e1n felices con nueva ambulancia"},"content":{"rendered":"<figure id=\"attachment_20741\" aria-describedby=\"caption-attachment-20741\" style=\"width: 600px\" class=\"wp-caption alignnone\"><a href=\"http:\/\/www.eltrabajo.cl\/portal\/2012\/07\/en-el-hospital-san-juan-de-dios-estan-felices-con-nueva-ambulancia\/ambulancia1\/\" rel=\"attachment wp-att-20741\"><img data-recalc-dims=\"1\" loading=\"lazy\" decoding=\"async\" class=\"size-full wp-image-20741\" title=\"Ambulancia1\" src=\"https:\/\/i0.wp.com\/www.eltrabajo.cl\/portal\/wp-content\/uploads\/2012\/07\/Ambulancia1.jpg?resize=600%2C450\" alt=\"\" width=\"600\" height=\"450\" srcset=\"https:\/\/i0.wp.com\/eltrabajo.cl\/portal\/wp-content\/uploads\/2012\/07\/Ambulancia1.jpg?w=600&amp;ssl=1 600w, https:\/\/i0.wp.com\/eltrabajo.cl\/portal\/wp-content\/uploads\/2012\/07\/Ambulancia1.jpg?resize=200%2C150&amp;ssl=1 200w, https:\/\/i0.wp.com\/eltrabajo.cl\/portal\/wp-content\/uploads\/2012\/07\/Ambulancia1.jpg?resize=300%2C225&amp;ssl=1 300w, https:\/\/i0.wp.com\/eltrabajo.cl\/portal\/wp-content\/uploads\/2012\/07\/Ambulancia1.jpg?resize=150%2C112&amp;ssl=1 150w, https:\/\/i0.wp.com\/eltrabajo.cl\/portal\/wp-content\/uploads\/2012\/07\/Ambulancia1.jpg?resize=400%2C300&amp;ssl=1 400w\" sizes=\"auto, (max-width: 600px) 100vw, 600px\" \/><\/a><figcaption id=\"caption-attachment-20741\" class=\"wp-caption-text\">Esta es la nueva ambulancia disponible ya para el traslado de pacientes del Hospital San Juan de Dios de Los Andes.<\/figcaption><\/figure>\n<p><strong>LOS ANDES.<\/strong>&#8211; En una ceremonia efectuada en el frontis del Centro Asistencial, el Hospital San Juan de Dios de Los Andes recibi\u00f3 una nueva ambulancia para el traslado de pacientes dados de alta. Durante el acto, el Director del Servicio de Salud Aconcagua, Rodrigo Infante, se\u00f1al\u00f3 que este nuevo veh\u00edculo le permitir\u00e1 al hospital agilizar los tiempos de traslado de pacientes que tengan que ser derivados a sus hogares u otros centros asistenciales.<\/p>\n<figure id=\"attachment_20740\" aria-describedby=\"caption-attachment-20740\" style=\"width: 300px\" class=\"wp-caption alignright\"><a href=\"http:\/\/www.eltrabajo.cl\/portal\/2012\/07\/en-el-hospital-san-juan-de-dios-estan-felices-con-nueva-ambulancia\/ambulancia2\/\" rel=\"attachment wp-att-20740\"><img data-recalc-dims=\"1\" loading=\"lazy\" decoding=\"async\" class=\"size-medium wp-image-20740\" title=\"Ambulancia2\" src=\"https:\/\/i0.wp.com\/www.eltrabajo.cl\/portal\/wp-content\/uploads\/2012\/07\/Ambulancia2-300x225.jpg?resize=300%2C225\" alt=\"\" width=\"300\" height=\"225\" srcset=\"https:\/\/i0.wp.com\/eltrabajo.cl\/portal\/wp-content\/uploads\/2012\/07\/Ambulancia2.jpg?resize=300%2C225&amp;ssl=1 300w, https:\/\/i0.wp.com\/eltrabajo.cl\/portal\/wp-content\/uploads\/2012\/07\/Ambulancia2.jpg?resize=200%2C150&amp;ssl=1 200w, https:\/\/i0.wp.com\/eltrabajo.cl\/portal\/wp-content\/uploads\/2012\/07\/Ambulancia2.jpg?resize=150%2C112&amp;ssl=1 150w, https:\/\/i0.wp.com\/eltrabajo.cl\/portal\/wp-content\/uploads\/2012\/07\/Ambulancia2.jpg?resize=400%2C300&amp;ssl=1 400w, https:\/\/i0.wp.com\/eltrabajo.cl\/portal\/wp-content\/uploads\/2012\/07\/Ambulancia2.jpg?w=600&amp;ssl=1 600w\" sizes=\"auto, (max-width: 300px) 100vw, 300px\" \/><\/a><figcaption id=\"caption-attachment-20740\" class=\"wp-caption-text\">Autoridades m\u00e9dicas y religiosas realizaron una sencilla pero significativa ceremonia a fin de inaugurar la unidad rodante post-hospitalaria.<\/figcaption><\/figure>\n<p>\u201cEsto forma \u00a0parte de la estrategia de renovaci\u00f3n de material rodante, ya que hace unos d\u00edas atr\u00e1s hicimos entrega de seis ambulancias\u00a0nuevas al SAMU, pero tambi\u00e9n se entregaron doce ambulancias nuevas a los hospitales, con el objeto de agilizar el traslado de pacientes entre hospitales o al domicilio del paciente sea dispuestos por el hospital mismo, ya\u00a0esto antiguamente lo hac\u00eda el SAMU y lo que queremos es que este se dedique a la atenci\u00f3n extra-hospitalaria y no al traslado de pacientes que no son de urgencia inmediata\u201d, explic\u00f3 Infante.<\/p>\n<p>Agreg\u00f3 que con estos nuevos veh\u00edculos, el SAMU tiene m\u00e1s disponibilidades para acudir a emergencias como accidentes vehiculares. En tanto, el Director (s) del Hospital Sergio L\u00f3pez, manifest\u00f3 que la nueva ambulancia va en directo beneficio de los pacientes y que se suma a otros proyectos que apuntan en esa misma l\u00ednea como el de normalizaci\u00f3n del servicio de alimentaci\u00f3n y de laboratorio.<\/p>\n<p>&nbsp;<\/p>\n","protected":false},"excerpt":{"rendered":"<p>LOS ANDES.&#8211; En una ceremonia efectuada en el frontis del Centro Asistencial, el Hospital San Juan de Dios de Los Andes recibi\u00f3 una nueva ambulancia para el traslado de pacientes dados de&#8230;<\/p>\n","protected":false},"author":482,"featured_media":20741,"comment_status":"open","ping_status":"closed","sticky":false,"template":"","format":"standard","meta":{"advanced_seo_description":"","jetpack_seo_html_title":"","jetpack_seo_noindex":false,"_jetpack_memberships_contains_paid_content":false,"footnotes":""},"categories":[1],"tags":[],"class_list":["post-20739","post","type-post","status-publish","format-standard","has-post-thumbnail","hentry","category-cronica"],"jetpack_featured_media_url":"https:\/\/i0.wp.com\/eltrabajo.cl\/portal\/wp-content\/uploads\/2012\/07\/Ambulancia1.jpg?fit=600%2C450&ssl=1","jetpack_sharing_enabled":true,"jetpack_likes_enabled":true,"jetpack-related-posts":[],"_links":{"self":[{"href":"https:\/\/eltrabajo.cl\/portal\/wp-json\/wp\/v2\/posts\/20739","targetHints":{"allow":["GET"]}}],"collection":[{"href":"https:\/\/eltrabajo.cl\/portal\/wp-json\/wp\/v2\/posts"}],"about":[{"href":"https:\/\/eltrabajo.cl\/portal\/wp-json\/wp\/v2\/types\/post"}],"author":[{"embeddable":true,"href":"https:\/\/eltrabajo.cl\/portal\/wp-json\/wp\/v2\/users\/482"}],"replies":[{"embeddable":true,"href":"https:\/\/eltrabajo.cl\/portal\/wp-json\/wp\/v2\/comments?post=20739"}],"version-history":[{"count":0,"href":"https:\/\/eltrabajo.cl\/portal\/wp-json\/wp\/v2\/posts\/20739\/revisions"}],"wp:featuredmedia":[{"embeddable":true,"href":"https:\/\/eltrabajo.cl\/portal\/wp-json\/wp\/v2\/media\/20741"}],"wp:attachment":[{"href":"https:\/\/eltrabajo.cl\/portal\/wp-json\/wp\/v2\/media?parent=20739"}],"wp:term":[{"taxonomy":"category","embeddable":true,"href":"https:\/\/eltrabajo.cl\/portal\/wp-json\/wp\/v2\/categories?post=20739"},{"taxonomy":"post_tag","embeddable":true,"href":"https:\/\/eltrabajo.cl\/portal\/wp-json\/wp\/v2\/tags?post=20739"}],"curies":[{"name":"wp","href":"https:\/\/api.w.org\/{rel}","templated":true}]}}