{"id":20744,"date":"2012-07-17T10:25:15","date_gmt":"2012-07-17T14:25:15","guid":{"rendered":"http:\/\/www.eltrabajo.cl\/portal\/?p=20744"},"modified":"2012-07-17T10:25:15","modified_gmt":"2012-07-17T14:25:15","slug":"autoridades-locales-sostendran-reunion-para-pedir-recalificacion-de-estadio","status":"publish","type":"post","link":"https:\/\/eltrabajo.cl\/portal\/autoridades-locales-sostendran-reunion-para-pedir-recalificacion-de-estadio\/","title":{"rendered":"Autoridades locales sostendr\u00e1n reuni\u00f3n para pedir recalificaci\u00f3n de estadio"},"content":{"rendered":"<figure id=\"attachment_20745\" aria-describedby=\"caption-attachment-20745\" style=\"width: 300px\" class=\"wp-caption alignleft\"><a href=\"http:\/\/www.eltrabajo.cl\/portal\/2012\/07\/autoridades-locales-sostendran-reunion-para-pedir-recalificacion-de-estadio\/boffa1-4\/\" rel=\"attachment wp-att-20745\"><img data-recalc-dims=\"1\" loading=\"lazy\" decoding=\"async\" class=\"size-medium wp-image-20745\" title=\"Boffa1\" src=\"https:\/\/i0.wp.com\/www.eltrabajo.cl\/portal\/wp-content\/uploads\/2012\/07\/Boffa11-300x246.jpg?resize=300%2C246\" alt=\"\" width=\"300\" height=\"246\" srcset=\"https:\/\/i0.wp.com\/eltrabajo.cl\/portal\/wp-content\/uploads\/2012\/07\/Boffa11.jpg?resize=300%2C246&amp;ssl=1 300w, https:\/\/i0.wp.com\/eltrabajo.cl\/portal\/wp-content\/uploads\/2012\/07\/Boffa11.jpg?resize=182%2C150&amp;ssl=1 182w, https:\/\/i0.wp.com\/eltrabajo.cl\/portal\/wp-content\/uploads\/2012\/07\/Boffa11.jpg?resize=150%2C123&amp;ssl=1 150w, https:\/\/i0.wp.com\/eltrabajo.cl\/portal\/wp-content\/uploads\/2012\/07\/Boffa11.jpg?resize=400%2C328&amp;ssl=1 400w, https:\/\/i0.wp.com\/eltrabajo.cl\/portal\/wp-content\/uploads\/2012\/07\/Boffa11.jpg?w=600&amp;ssl=1 600w\" sizes=\"auto, (max-width: 300px) 100vw, 300px\" \/><\/a><figcaption id=\"caption-attachment-20745\" class=\"wp-caption-text\">La Gobernadora dijo que la reuni\u00f3n se realizar\u00e1 este mi\u00e9rcoles con autoridades nacionales.<\/figcaption><\/figure>\n<p>En el marco de una visita que realizar\u00e1 el General de Carabineros, Alejandro Olivares, junto al Coordinador Nacional del Programa Estadio Seguro Cristi\u00e1n Barra del Ministerio del Interior, las autoridades locales pedir\u00e1n la reclasificaci\u00f3n del Estadio Municipal y que de esa manera se puedan realizar partidos de alta convocatoria.<\/p>\n<p>La reuni\u00f3n se efectuar\u00e1 este mi\u00e9rcoles a las once de la ma\u00f1ana en la comuna de San Felipe ya que asistir\u00e1 la Gobernadora Patricia Boffa y el Alcalde Jaime Amar, quienes solicitar\u00e1n el cambio de la clasificaci\u00f3n, luego de los importantes trabajos que se realizaron para mejorar su infraestructura. En ese sentido, la autoridad provincial dijo que se revis\u00f3 un informe que realiz\u00f3 Carabineros con algunos puntos que todav\u00eda faltaban por arreglar y que dicen relaci\u00f3n con algunas rejas, tablones y aspectos menores, ante lo cual el municipio sanfelipe\u00f1o se comprometi\u00f3 a solucionar.<\/p>\n<p>\u201cHoy tenemos un estadio con la infraestructura nueva, tenemos nuevas butacas, ba\u00f1os, camarines, por lo que es bastante poco, esos puntos vulnerables que tiene el estadio\u201d, dijo Boffa.<\/p>\n<p>La Gobernadora dijo adem\u00e1s que hace algunas semanas se reunieron para poder establecer un aforo igual para todos los partidos de alta convocatoria y que el n\u00famero no se est\u00e9 cambiando, tema en el que todav\u00eda se est\u00e1n aunando criterios para llegar a un aforo de 7.000 personas aproximadamente.<\/p>\n<p><strong>NUEVA IMPLEMENTACI\u00d3N<\/strong><\/p>\n<p>Respecto a la solicitud hecha por Carabineros, hay un aspecto que se va a implementar, y que dice relaci\u00f3n con la instalaci\u00f3n de un serpent\u00edn en la parte de las galer\u00edas Norte y Sur.<\/p>\n<p>\u201cEsa es la petici\u00f3n m\u00e1s importante y que son estas concertinas que se colocan para evitar que los hinchas puedan subir hacia la reja, estamos haciendo algunos trabajos de colocaci\u00f3n de maicillo de iluminaci\u00f3n de algunos sectores de m\u00e1s riesgo, al mismo tiempo estamos viendo algunos aspectos de funcionamiento del sistema, donde vamos a duplicar el sistema de calefont de los camarines, ya que nos manifestaron que las aguas no sal\u00edan suficientemente caliente, que tambi\u00e9n es parte del espect\u00e1culo y en la pr\u00e1ctica tambi\u00e9n dejar habilitada la red h\u00fameda que est\u00e1 pero quieren que est\u00e9n instaladas las mangueras\u201d, dijo el Alcalde Jaime Amar.<\/p>\n<p>&nbsp;<\/p>\n","protected":false},"excerpt":{"rendered":"<p>En el marco de una visita que realizar\u00e1 el General de Carabineros, Alejandro Olivares, junto al Coordinador Nacional del Programa Estadio Seguro Cristi\u00e1n Barra del Ministerio del Interior, las autoridades locales pedir\u00e1n&#8230;<\/p>\n","protected":false},"author":482,"featured_media":20745,"comment_status":"open","ping_status":"closed","sticky":false,"template":"","format":"standard","meta":{"advanced_seo_description":"","jetpack_seo_html_title":"","jetpack_seo_noindex":false,"_jetpack_memberships_contains_paid_content":false,"footnotes":""},"categories":[1],"tags":[],"class_list":["post-20744","post","type-post","status-publish","format-standard","has-post-thumbnail","hentry","category-cronica"],"jetpack_featured_media_url":"https:\/\/i0.wp.com\/eltrabajo.cl\/portal\/wp-content\/uploads\/2012\/07\/Boffa11.jpg?fit=600%2C492&ssl=1","jetpack_sharing_enabled":true,"jetpack_likes_enabled":true,"jetpack-related-posts":[],"_links":{"self":[{"href":"https:\/\/eltrabajo.cl\/portal\/wp-json\/wp\/v2\/posts\/20744","targetHints":{"allow":["GET"]}}],"collection":[{"href":"https:\/\/eltrabajo.cl\/portal\/wp-json\/wp\/v2\/posts"}],"about":[{"href":"https:\/\/eltrabajo.cl\/portal\/wp-json\/wp\/v2\/types\/post"}],"author":[{"embeddable":true,"href":"https:\/\/eltrabajo.cl\/portal\/wp-json\/wp\/v2\/users\/482"}],"replies":[{"embeddable":true,"href":"https:\/\/eltrabajo.cl\/portal\/wp-json\/wp\/v2\/comments?post=20744"}],"version-history":[{"count":0,"href":"https:\/\/eltrabajo.cl\/portal\/wp-json\/wp\/v2\/posts\/20744\/revisions"}],"wp:featuredmedia":[{"embeddable":true,"href":"https:\/\/eltrabajo.cl\/portal\/wp-json\/wp\/v2\/media\/20745"}],"wp:attachment":[{"href":"https:\/\/eltrabajo.cl\/portal\/wp-json\/wp\/v2\/media?parent=20744"}],"wp:term":[{"taxonomy":"category","embeddable":true,"href":"https:\/\/eltrabajo.cl\/portal\/wp-json\/wp\/v2\/categories?post=20744"},{"taxonomy":"post_tag","embeddable":true,"href":"https:\/\/eltrabajo.cl\/portal\/wp-json\/wp\/v2\/tags?post=20744"}],"curies":[{"name":"wp","href":"https:\/\/api.w.org\/{rel}","templated":true}]}}