{"id":20748,"date":"2012-07-17T10:31:38","date_gmt":"2012-07-17T14:31:38","guid":{"rendered":"http:\/\/www.eltrabajo.cl\/portal\/?p=20748"},"modified":"2012-07-17T10:31:38","modified_gmt":"2012-07-17T14:31:38","slug":"alcalde-amar-plantea-mantener-area-educativa-de-escuela-agricola-donde-se-encuentra","status":"publish","type":"post","link":"https:\/\/eltrabajo.cl\/portal\/alcalde-amar-plantea-mantener-area-educativa-de-escuela-agricola-donde-se-encuentra\/","title":{"rendered":"Alcalde Amar plantea mantener \u00e1rea educativa de Escuela Agr\u00edcola donde se encuentra"},"content":{"rendered":"<p><a href=\"http:\/\/www.eltrabajo.cl\/portal\/2012\/07\/alcalde-amar-plantea-mantener-area-educativa-de-escuela-agricola-donde-se-encuentra\/jaime-amar-18\/\" rel=\"attachment wp-att-20749\"><img data-recalc-dims=\"1\" loading=\"lazy\" decoding=\"async\" class=\"alignleft size-medium wp-image-20749\" title=\"Jaime Amar\" src=\"https:\/\/i0.wp.com\/www.eltrabajo.cl\/portal\/wp-content\/uploads\/2012\/07\/Jaime-Amar-300x238.jpg?resize=300%2C238\" alt=\"\" width=\"300\" height=\"238\" srcset=\"https:\/\/i0.wp.com\/eltrabajo.cl\/portal\/wp-content\/uploads\/2012\/07\/Jaime-Amar.jpg?resize=300%2C238&amp;ssl=1 300w, https:\/\/i0.wp.com\/eltrabajo.cl\/portal\/wp-content\/uploads\/2012\/07\/Jaime-Amar.jpg?resize=189%2C150&amp;ssl=1 189w, https:\/\/i0.wp.com\/eltrabajo.cl\/portal\/wp-content\/uploads\/2012\/07\/Jaime-Amar.jpg?resize=150%2C119&amp;ssl=1 150w, https:\/\/i0.wp.com\/eltrabajo.cl\/portal\/wp-content\/uploads\/2012\/07\/Jaime-Amar.jpg?resize=400%2C317&amp;ssl=1 400w, https:\/\/i0.wp.com\/eltrabajo.cl\/portal\/wp-content\/uploads\/2012\/07\/Jaime-Amar.jpg?w=600&amp;ssl=1 600w\" sizes=\"auto, (max-width: 300px) 100vw, 300px\" \/><\/a>Luego de que el Consejo Directivo de la Escuela Agr\u00edcola diera a conocer una declaraci\u00f3n p\u00fablica frente al proyecto de instalar un complejo deportivo, que contemplar\u00eda un estadio para la comuna de San Felipe y que podr\u00eda, si el estudio del IND lo establece, ubicarse en algunas de las hect\u00e1reas que ocupa el establecimiento, el Alcalde Jaime Amar se\u00f1al\u00f3 que no comparte su punto de vista, ya que entrega certezas que ni las autoridades contemplan.<\/p>\n<p><strong>CONSULTORA<\/strong><\/p>\n<p>El jefe comunal record\u00f3 que el IND contrat\u00f3 una consultora que definir\u00e1 ad\u00f3nde se construir\u00e1 el estadio; y m\u00e1s que eso, un concepto de parque que habr\u00eda quedado establecido en el a\u00f1o 1998, seg\u00fan Amar, de acuerdo al Plan Regulador.<\/p>\n<p>\u201cSon las zonas que son de Propiedad Fiscal y donde cualquier entidad p\u00fablica puede decir \u2018aqu\u00ed vamos a organizar algo\u2019\u201d, explic\u00f3 Amar.<\/p>\n<p>Frente a esta situaci\u00f3n, el Alcalde dijo que luego de mantener una conversaci\u00f3n con Arsenio Fern\u00e1ndez, quien es el Secretario General de la Codeser, acordaron reunirse este martes, a las 15:30 horas en la Escuela Agr\u00edcola, para plantearle los temas que actualmente se est\u00e1n evaluando respecto de este establecimiento.<\/p>\n<p><strong>PLAN REGULADOR NO PERMITE CONSTRUIR<\/strong><\/p>\n<p>Seg\u00fan dijo el jefe comunal, la Escuela Agr\u00edcola, en el lugar donde est\u00e1, y con el Plan Regulador de hoy, es zona parque y no puede construir, ni modificar, ni plantar.<\/p>\n<p>\u201cAqu\u00ed puede haber parque, puede haber estadio, no puede haber estadio, es una situaci\u00f3n que puede pasar o no puede pasar, porque eso es parte del estudio, pero lo que s\u00ed tenemos claro nosotros, es que nosotros no vamos a aceptar de ninguna manera que en esos terrenos se est\u00e9n plantando parronales o frutales con 25 mil personas al lado o est\u00e9n fumigando con elementos pesticidas \u00f3rganos fosforados que sabemos que son altamente t\u00f3xicos y gen\u00e9ticamente bastante agresivos y por lo tanto, es inaceptable\u201d.<\/p>\n<p>En ese sentido, el Alcalde plante\u00f3 que es imposible que el establecimiento pueda tener plantaciones y producci\u00f3n.<\/p>\n<p><strong>DAR SENTIDO EDUCACIONAL<\/strong><\/p>\n<p>Frente a esa situaci\u00f3n, en el nuevo Plan Regulador que se est\u00e1 estudiando, se est\u00e1 analizando si se modifican las primeras cuatro hect\u00e1reas que dan hacia Tocornal, para darle un sentido educacional y no de parque, como est\u00e1 establecido actualmente, de tal manera que se pueda construir y desarrollar lo que corresponde a la infraestructura como escuela.<\/p>\n<p>\u201cPorque hoy d\u00eda hemos visto que la escuela cre\u00f3 la carrera de Gastronom\u00eda, que no tiene nada que ver con el uso de los terrenos, probablemente va a entrar a manejar riego tecnificado, y otros aspectos y por lo tanto, estamos evaluando esa alternativa, porque queremos que la escuela se estabilice ah\u00ed y que tenga una proyecci\u00f3n de desarrollo\u201d, dijo Amar.<\/p>\n<p>Adem\u00e1s hace algunos d\u00edas atr\u00e1s se reuni\u00f3 con la Seremi de Bienes Nacionales y de Educaci\u00f3n, a quines les plantearon el inter\u00e9s de que los terrenos que se ubican en el Fundo La Pe\u00f1a, fuesen trasladados a educaci\u00f3n para desarrollar ah\u00ed un proyecto de campo agr\u00edcola que permitan desarrollar la escuela, que pueda desarrollar productos que se producen en la zona.<\/p>\n<p>&nbsp;<\/p>\n","protected":false},"excerpt":{"rendered":"<p>Luego de que el Consejo Directivo de la Escuela Agr\u00edcola diera a conocer una declaraci\u00f3n p\u00fablica frente al proyecto de instalar un complejo deportivo, que contemplar\u00eda un estadio para la comuna de&#8230;<\/p>\n","protected":false},"author":482,"featured_media":20749,"comment_status":"open","ping_status":"closed","sticky":false,"template":"","format":"standard","meta":{"advanced_seo_description":"","jetpack_seo_html_title":"","jetpack_seo_noindex":false,"_jetpack_memberships_contains_paid_content":false,"footnotes":""},"categories":[1],"tags":[],"class_list":["post-20748","post","type-post","status-publish","format-standard","has-post-thumbnail","hentry","category-cronica"],"jetpack_featured_media_url":"https:\/\/i0.wp.com\/eltrabajo.cl\/portal\/wp-content\/uploads\/2012\/07\/Jaime-Amar.jpg?fit=600%2C476&ssl=1","jetpack_sharing_enabled":true,"jetpack_likes_enabled":true,"jetpack-related-posts":[],"_links":{"self":[{"href":"https:\/\/eltrabajo.cl\/portal\/wp-json\/wp\/v2\/posts\/20748","targetHints":{"allow":["GET"]}}],"collection":[{"href":"https:\/\/eltrabajo.cl\/portal\/wp-json\/wp\/v2\/posts"}],"about":[{"href":"https:\/\/eltrabajo.cl\/portal\/wp-json\/wp\/v2\/types\/post"}],"author":[{"embeddable":true,"href":"https:\/\/eltrabajo.cl\/portal\/wp-json\/wp\/v2\/users\/482"}],"replies":[{"embeddable":true,"href":"https:\/\/eltrabajo.cl\/portal\/wp-json\/wp\/v2\/comments?post=20748"}],"version-history":[{"count":0,"href":"https:\/\/eltrabajo.cl\/portal\/wp-json\/wp\/v2\/posts\/20748\/revisions"}],"wp:featuredmedia":[{"embeddable":true,"href":"https:\/\/eltrabajo.cl\/portal\/wp-json\/wp\/v2\/media\/20749"}],"wp:attachment":[{"href":"https:\/\/eltrabajo.cl\/portal\/wp-json\/wp\/v2\/media?parent=20748"}],"wp:term":[{"taxonomy":"category","embeddable":true,"href":"https:\/\/eltrabajo.cl\/portal\/wp-json\/wp\/v2\/categories?post=20748"},{"taxonomy":"post_tag","embeddable":true,"href":"https:\/\/eltrabajo.cl\/portal\/wp-json\/wp\/v2\/tags?post=20748"}],"curies":[{"name":"wp","href":"https:\/\/api.w.org\/{rel}","templated":true}]}}