{"id":20754,"date":"2012-07-17T10:39:18","date_gmt":"2012-07-17T14:39:18","guid":{"rendered":"http:\/\/www.eltrabajo.cl\/portal\/?p=20754"},"modified":"2012-07-17T10:39:18","modified_gmt":"2012-07-17T14:39:18","slug":"preocupante-aumento-de-personas-que-viven-con-el-virus-del-vih-sida-en-aconcagua","status":"publish","type":"post","link":"https:\/\/eltrabajo.cl\/portal\/preocupante-aumento-de-personas-que-viven-con-el-virus-del-vih-sida-en-aconcagua\/","title":{"rendered":"Preocupante aumento de personas que viven con el virus del VIH Sida en Aconcagua"},"content":{"rendered":"<figure id=\"attachment_20757\" aria-describedby=\"caption-attachment-20757\" style=\"width: 300px\" class=\"wp-caption alignleft\"><a href=\"http:\/\/www.eltrabajo.cl\/portal\/2012\/07\/preocupante-aumento-de-personas-que-viven-con-el-virus-del-vih-sida-en-aconcagua\/soledad-nunez-1-5\/\" rel=\"attachment wp-att-20757\"><img data-recalc-dims=\"1\" loading=\"lazy\" decoding=\"async\" class=\"size-medium wp-image-20757\" title=\"soledad nunez (1)\" src=\"https:\/\/i0.wp.com\/www.eltrabajo.cl\/portal\/wp-content\/uploads\/2012\/07\/soledad-nunez-11-300x225.jpg?resize=300%2C225\" alt=\"\" width=\"300\" height=\"225\" srcset=\"https:\/\/i0.wp.com\/eltrabajo.cl\/portal\/wp-content\/uploads\/2012\/07\/soledad-nunez-11.jpg?resize=300%2C225&amp;ssl=1 300w, https:\/\/i0.wp.com\/eltrabajo.cl\/portal\/wp-content\/uploads\/2012\/07\/soledad-nunez-11.jpg?resize=200%2C150&amp;ssl=1 200w, https:\/\/i0.wp.com\/eltrabajo.cl\/portal\/wp-content\/uploads\/2012\/07\/soledad-nunez-11.jpg?resize=150%2C112&amp;ssl=1 150w, https:\/\/i0.wp.com\/eltrabajo.cl\/portal\/wp-content\/uploads\/2012\/07\/soledad-nunez-11.jpg?resize=400%2C300&amp;ssl=1 400w, https:\/\/i0.wp.com\/eltrabajo.cl\/portal\/wp-content\/uploads\/2012\/07\/soledad-nunez-11.jpg?w=787&amp;ssl=1 787w\" sizes=\"auto, (max-width: 300px) 100vw, 300px\" \/><\/a><figcaption id=\"caption-attachment-20757\" class=\"wp-caption-text\">La Autoridad Sanitaria en Aconcagua, Soledad N\u00fa\u00f1ez, se\u00f1al\u00f3 que el aumento preocupa a la autoridad, ya que afecta a estudiantes y due\u00f1as de casa, por lo que se retom\u00f3 el trabajo de prevenci\u00f3n hacia la comunidad.<\/figcaption><\/figure>\n<p>Un alarmante aumento en los casos de personas que son portadores del VIH Sida se ha registrado en la zona de Aconcagua, llegando el \u00edndice, en el a\u00f1o 2011 y primer cuatrimestre del 2012, a un 35% en lo que se refiere a mujeres por sobre los casos de hombres. La situaci\u00f3n gener\u00f3 preocupaci\u00f3n en las autoridades de Salud, ya que el estudio epidemiol\u00f3gico actualizado de las enfermedades de notificaci\u00f3n obligatoria, arroj\u00f3 adem\u00e1s que las comunas con mayor notificaci\u00f3n en ambas provincias son San Felipe, Los Andes, Putaendo y Rinconada de Los Andes.<\/p>\n<p>Las cifras fueron comentadas por la Jefa de la Oficina Aconcagua de la Seremi de Salud, quien se\u00f1al\u00f3 que algunas de las comunas del valle, han registrado un aumento en el n\u00famero de mujeres notificadas, especialmente en Santa Mar\u00eda, Calle Larga, San Felipe y Los Andes, donde todos los casos que se han notificado, de personas que se han hecho el examen \u00faltimamente son de mujeres.<\/p>\n<p>En los \u00faltimos a\u00f1os se ha registrado un aumento considerable en los casos, ya que en s\u00f3lo un a\u00f1o, es decir desde el 2010, en que se registraba un 30% de aumento en los casos, subi\u00f3 a un 35% en el a\u00f1o 2011.<\/p>\n<p><strong>ESCOLARES TAMBI\u00c9N<\/strong><\/p>\n<p>El grupo etario que m\u00e1s aument\u00f3 registro, fueron las personas de hasta 24 a\u00f1os, \u00edndice que llega a un 40% del total de personas que viven con el virus, y que corresponden principalmente a estudiantes universitarios y secundarios que viven y estudian en estas comunas. De hecho, por antecedentes investigados por Diario El Trabajo, existir\u00edan ni\u00f1os de 15 a\u00f1os que est\u00e1n viviendo con el virus.<\/p>\n<p>\u00cdndices que se diferencian de comunas como Quillota; que registra un 18,4% o Valpara\u00edso, que llega a un 30.5%, siendo \u00e9sta \u00faltima una ciudad mucho m\u00e1s grande que las comunas del Valle de Aconcagua.<\/p>\n<figure id=\"attachment_20756\" aria-describedby=\"caption-attachment-20756\" style=\"width: 300px\" class=\"wp-caption alignright\"><a href=\"http:\/\/www.eltrabajo.cl\/portal\/2012\/07\/preocupante-aumento-de-personas-que-viven-con-el-virus-del-vih-sida-en-aconcagua\/michele-letelier-2\/\" rel=\"attachment wp-att-20756\"><img data-recalc-dims=\"1\" loading=\"lazy\" decoding=\"async\" class=\"size-medium wp-image-20756\" title=\"Michele Letelier\" src=\"https:\/\/i0.wp.com\/www.eltrabajo.cl\/portal\/wp-content\/uploads\/2012\/07\/Michele-Letelier-300x225.jpg?resize=300%2C225\" alt=\"\" width=\"300\" height=\"225\" srcset=\"https:\/\/i0.wp.com\/eltrabajo.cl\/portal\/wp-content\/uploads\/2012\/07\/Michele-Letelier.jpg?resize=300%2C225&amp;ssl=1 300w, https:\/\/i0.wp.com\/eltrabajo.cl\/portal\/wp-content\/uploads\/2012\/07\/Michele-Letelier.jpg?resize=200%2C150&amp;ssl=1 200w, https:\/\/i0.wp.com\/eltrabajo.cl\/portal\/wp-content\/uploads\/2012\/07\/Michele-Letelier.jpg?resize=150%2C112&amp;ssl=1 150w, https:\/\/i0.wp.com\/eltrabajo.cl\/portal\/wp-content\/uploads\/2012\/07\/Michele-Letelier.jpg?resize=400%2C300&amp;ssl=1 400w, https:\/\/i0.wp.com\/eltrabajo.cl\/portal\/wp-content\/uploads\/2012\/07\/Michele-Letelier.jpg?w=600&amp;ssl=1 600w\" sizes=\"auto, (max-width: 300px) 100vw, 300px\" \/><\/a><figcaption id=\"caption-attachment-20756\" class=\"wp-caption-text\">La Presidente de Ciprodes, Michelle Letelier, se mostr\u00f3 preocupada por la situaci\u00f3n, se\u00f1alando que la entidad sigue trabajando el tema y apoyando a las personas contagiadas.<\/figcaption><\/figure>\n<p>\u201cEn resumen una de cada cinco personas notificadas, es estudiante, ocupando el 20.7% del total de personas notificadas, el segundo lugar lo ocupan las due\u00f1as de casa con un 12.7%, por tanto el trabajo a realizar, es hacia las mujeres y estudiantes y ni\u00f1os menores, porque a la edad de los escolares ya est\u00e1n activos sexualmente\u201d, dijo N\u00fa\u00f1ez.<\/p>\n<p>De hecho el trabajo con las mujeres se va a canalizar a trav\u00e9s de Prodemu, donde participa una importante cantidad de mujeres, a quienes se les van a entregar estos datos y la manera de no seguir elevando los \u00edndices de personas contagiadas. Otro dato significativo que arroj\u00f3 el estudio, es que en el \u00faltimo a\u00f1o han aumentado las personas notificadas y que corresponden a personas entre 35 y 39 a\u00f1os, lo que tambi\u00e9n genera preocupaci\u00f3n.<\/p>\n<p><strong>RETOMAN TRABAJO DE PREVENCI\u00d3N<\/strong><\/p>\n<p>Estos preocupantes \u00edndices han significado que la Oficina de la Seremi de Salud en Aconcagua, haya retomado el trabajo de prevenci\u00f3n y para ello conform\u00f3 una comisi\u00f3n que busca entrega herramientas en la poblaci\u00f3n para una sexualidad sana, segura y de prevenci\u00f3n del VIH Sida.<\/p>\n<p>\u201cLo que queremos relevar es que las personas tengan conciencia de que s\u00f3lo un encuentro sexual es suficiente para adquirir el virus del VIH Sida, no basta que una persona sea promiscua y tenga varias parejas, basta s\u00f3lo un encuentro sexual y las personas pueden adquirir el virus del VIH Sida\u201d, dijo la autoridad.<\/p>\n<p>La comisi\u00f3n est\u00e1 formada por diferentes entidades e instituciones, como por ejemplo Gendarmer\u00eda; Prodemu; representantes de las universidades; Centros de Salud Familiar; el Servicio de Salud Aconcagua y la Gobernaci\u00f3n provincial.<\/p>\n<p>Esta comisi\u00f3n se re\u00fane una vez al mes, destacando que de esta instancia se form\u00f3 otra comisi\u00f3n, que la est\u00e1 liderando la Gobernadora Patricia Boffa y que tiene como objetivo trabajar en un programa de prevenci\u00f3n que esperan se mantenga en el tiempo y sea sistem\u00e1tico.<\/p>\n<p>Esta es una iniciativa que ya se hab\u00eda realizado en a\u00f1os anteriores, con la comisi\u00f3n de VIH Sida, donde por ejemplo se trabaj\u00f3 en colegios vulnerables de las provincias de San Felipe, Los Andes y Petorca. El trabajo consist\u00eda en tratar el tema de la prevenci\u00f3n con un equipo multidisciplinario, enfocado en los ni\u00f1os desde peque\u00f1os, ya que a juicio de N\u00fa\u00f1ez, si el tema de una sexualidad sana y segura se comienza a trabajar con los ni\u00f1os en Cuarto Medio, no se registra ning\u00fan impacto.<\/p>\n<p>\u201cEsto lo tenemos que abordar con los padres, apoderados en S\u00e9ptimo y Octavo, de lo contrario es tarde\u201d, asever\u00f3.<\/p>\n<p><strong>CIPRODES<\/strong><\/p>\n<p>El tema tambi\u00e9n preocupa a la Presidente de Ciprodes, Michelle Letelier, el organismo que trabaja con este tema en la comuna y que tambi\u00e9n est\u00e1 participando en esta comisi\u00f3n, especialmente por las cifras que est\u00e1 arrojando el estudio realizado por Salud.<\/p>\n<p>Seg\u00fan informaci\u00f3n obtenida por Diario El Trabajo, el a\u00f1o pasado se registraron 16 personas que fueron diagnosticadas con el virus, y este a\u00f1o al mes de marzo, ya se hab\u00edan registrado nueve casos, siendo de ese total, ocho mujeres y un hombre.<\/p>\n<p>Otro de los datos obtenidos establece que al a\u00f1o 2011, se hab\u00edan registrado 18 mujeres contagiadas y 54 hombres entre 20 y 24 a\u00f1os, mientras en el rango entre 25 y 29 a\u00f1os se hab\u00edan registrado 26 mujeres y 37 hombres. Estos \u00edndices han significado que se mantenga y refuerce el trabajo que realiza esta entidad, el que comprende la pastoral de la misericordia y apoyo moral a trav\u00e9s de un psic\u00f3logo.<\/p>\n<p>Seg\u00fan Michelle Letelier, la entidad tiene bien trabajado el tema del VIH Sida, un tema que ahora se relaciona con la droga, especialmente en el caso de las j\u00f3venes que trabajan en el comercio sexual. Un tema que preocupaba a Letelier es la demora en la entrega de los medicamentos desde el Hospital San Camilo, una situaci\u00f3n que se hab\u00eda registrado hasta el a\u00f1o pasado, normaliz\u00e1ndose este 2012.<\/p>\n<p>&nbsp;<\/p>\n","protected":false},"excerpt":{"rendered":"<p>Un alarmante aumento en los casos de personas que son portadores del VIH Sida se ha registrado en la zona de Aconcagua, llegando el \u00edndice, en el a\u00f1o 2011 y primer cuatrimestre&#8230;<\/p>\n","protected":false},"author":482,"featured_media":20757,"comment_status":"open","ping_status":"closed","sticky":false,"template":"","format":"standard","meta":{"advanced_seo_description":"","jetpack_seo_html_title":"","jetpack_seo_noindex":false,"_jetpack_memberships_contains_paid_content":false,"footnotes":""},"categories":[1],"tags":[],"class_list":["post-20754","post","type-post","status-publish","format-standard","has-post-thumbnail","hentry","category-cronica"],"jetpack_featured_media_url":"https:\/\/i0.wp.com\/eltrabajo.cl\/portal\/wp-content\/uploads\/2012\/07\/soledad-nunez-11.jpg?fit=787%2C591&ssl=1","jetpack_sharing_enabled":true,"jetpack_likes_enabled":true,"jetpack-related-posts":[],"_links":{"self":[{"href":"https:\/\/eltrabajo.cl\/portal\/wp-json\/wp\/v2\/posts\/20754","targetHints":{"allow":["GET"]}}],"collection":[{"href":"https:\/\/eltrabajo.cl\/portal\/wp-json\/wp\/v2\/posts"}],"about":[{"href":"https:\/\/eltrabajo.cl\/portal\/wp-json\/wp\/v2\/types\/post"}],"author":[{"embeddable":true,"href":"https:\/\/eltrabajo.cl\/portal\/wp-json\/wp\/v2\/users\/482"}],"replies":[{"embeddable":true,"href":"https:\/\/eltrabajo.cl\/portal\/wp-json\/wp\/v2\/comments?post=20754"}],"version-history":[{"count":0,"href":"https:\/\/eltrabajo.cl\/portal\/wp-json\/wp\/v2\/posts\/20754\/revisions"}],"wp:featuredmedia":[{"embeddable":true,"href":"https:\/\/eltrabajo.cl\/portal\/wp-json\/wp\/v2\/media\/20757"}],"wp:attachment":[{"href":"https:\/\/eltrabajo.cl\/portal\/wp-json\/wp\/v2\/media?parent=20754"}],"wp:term":[{"taxonomy":"category","embeddable":true,"href":"https:\/\/eltrabajo.cl\/portal\/wp-json\/wp\/v2\/categories?post=20754"},{"taxonomy":"post_tag","embeddable":true,"href":"https:\/\/eltrabajo.cl\/portal\/wp-json\/wp\/v2\/tags?post=20754"}],"curies":[{"name":"wp","href":"https:\/\/api.w.org\/{rel}","templated":true}]}}