{"id":20760,"date":"2012-07-17T10:41:39","date_gmt":"2012-07-17T14:41:39","guid":{"rendered":"http:\/\/www.eltrabajo.cl\/portal\/?p=20760"},"modified":"2012-07-17T10:41:39","modified_gmt":"2012-07-17T14:41:39","slug":"luego-de-ser-%e2%80%98el-terror-de-la-comuna%e2%80%99-hoy-predica-un-mensaje-de-salvacion","status":"publish","type":"post","link":"https:\/\/eltrabajo.cl\/portal\/luego-de-ser-%e2%80%98el-terror-de-la-comuna%e2%80%99-hoy-predica-un-mensaje-de-salvacion\/","title":{"rendered":"Luego de ser \u2018el terror de la comuna\u2019, hoy predica un mensaje de Salvaci\u00f3n"},"content":{"rendered":"<figure id=\"attachment_20761\" aria-describedby=\"caption-attachment-20761\" style=\"width: 273px\" class=\"wp-caption alignleft\"><a href=\"http:\/\/www.eltrabajo.cl\/portal\/2012\/07\/luego-de-ser-%e2%80%98el-terror-de-la-comuna%e2%80%99-hoy-predica-un-mensaje-de-salvacion\/predicador1\/\" rel=\"attachment wp-att-20761\"><img data-recalc-dims=\"1\" loading=\"lazy\" decoding=\"async\" class=\"size-medium wp-image-20761\" title=\"Predicador1\" src=\"https:\/\/i0.wp.com\/www.eltrabajo.cl\/portal\/wp-content\/uploads\/2012\/07\/Predicador1-273x300.jpg?resize=273%2C300\" alt=\"\" width=\"273\" height=\"300\" srcset=\"https:\/\/i0.wp.com\/eltrabajo.cl\/portal\/wp-content\/uploads\/2012\/07\/Predicador1.jpg?resize=273%2C300&amp;ssl=1 273w, https:\/\/i0.wp.com\/eltrabajo.cl\/portal\/wp-content\/uploads\/2012\/07\/Predicador1.jpg?resize=136%2C150&amp;ssl=1 136w, https:\/\/i0.wp.com\/eltrabajo.cl\/portal\/wp-content\/uploads\/2012\/07\/Predicador1.jpg?resize=400%2C439&amp;ssl=1 400w, https:\/\/i0.wp.com\/eltrabajo.cl\/portal\/wp-content\/uploads\/2012\/07\/Predicador1.jpg?w=600&amp;ssl=1 600w\" sizes=\"auto, (max-width: 273px) 100vw, 273px\" \/><\/a><figcaption id=\"caption-attachment-20761\" class=\"wp-caption-text\">Claudio Espinoza Huerta, \u2018El Incendio\u2019, asegur\u00f3 a Diario El Trabajo que Dios le cambi\u00f3 la vida y hoy se dedica a predicar Su Palabra.<\/figcaption><\/figure>\n<p><strong>PUTAENDO.<\/strong>&#8211; Seguramente el nombre de Claudio Espinoza Huerta para usted y para muchos, es totalmente desconocido, pero si le contamos que este muchacho, hoy de 32 a\u00f1os, se hizo amplia y tristemente conocido en nuestra comuna por su apodo \u2018El Incendio\u2019.<\/p>\n<p>Este joven que fue en innumerables ocasiones detenido por Carabineros y que se vio envuelto en distintos delitos, cumpliendo condenas en varias c\u00e1rceles del pa\u00eds, hoy \u00e9l asegura que es una persona nueva, renovada y totalmente distinta, gracias a su esfuerzo, perseverancia, y de manera especial, a la fe que encontr\u00f3 mientras estuvo privado de libertad.<\/p>\n<p>En los \u00faltimos d\u00edas, Claudio Espinoza ha estado en distintos puntos de la comuna junto a sus hermanos de fe de la Iglesia Evang\u00e9lica Pentecostal de la Calle Sarmiento, predicando la palabra del se\u00f1or con mucha fuerza, vehemencia y seguridad, lo que no ha pasado inadvertido para quienes lo han escuchado y lo han reconocido en esta nueva faceta.<\/p>\n<p>Diario El Trabajo habl\u00f3 con Claudio Espinoza la tarde de este domingo en la Calle Chacabuco mientras predicaba junto a otro miembro de la iglesia evang\u00e9lica, donde sin ning\u00fan tipo de tapujos, el joven nos reconoci\u00f3 que hace cuatro a\u00f1os, mientras cumpl\u00eda una condena en la c\u00e1rcel de Valpara\u00edso de 32 meses de privaci\u00f3n de libertad, conoci\u00f3 la palabra de Dios, y desde ese d\u00eda y luego de recuperar su libertad se ha entregado por completo a la fe, agregando que\u00a0\u00abGracias al Se\u00f1or logr\u00e9 dejar mi vida oscura que mucha gente conoci\u00f3, dej\u00e9 el alcohol, las drogas y la delincuencia, hoy tengo paz en mi coraz\u00f3n, el Se\u00f1or me ha renovado y tengo una vida hermosa; donde trabajo, me gano mi plata honradamente y participo activamente en la iglesia evang\u00e9lica. Creo que en la c\u00e1rcel conoc\u00ed a Dios y me cambi\u00f3 la vida y la de mi familia\u00bb, coment\u00f3 Espinoza.<\/p>\n<p><strong>\u00bfNo te averg\u00fcenzas de predicar en la calle y que algunos de tus ex amigos se r\u00edan de ti?<\/strong><\/p>\n<p>\u00abPor supuesto que no tengo verg\u00fcenza, y as\u00ed como algunos se r\u00eden, otros me felicitan, no tengo nada que esconder, porque mi vida anterior ya no existe, soy un hombre nuevo y nunca me avergonzar\u00e9 de glorificar a mi Dios, el que tambi\u00e9n puede ayudar a muchos j\u00f3venes que hoy est\u00e1n en lo mismo que yo viv\u00ed a\u00f1os atr\u00e1s\u00bb, consign\u00f3 Claudio Espinoza, siempre con una sonrisa en su rostro. El Pastor Juan Fern\u00e1ndez destac\u00f3 la fe de Claudio, su profunda convicci\u00f3n y el reconocimiento que hoy los miembros de su iglesia evang\u00e9lica le tienen, pues su caso ha demostrado como el Se\u00f1or reconvirti\u00f3 a un joven perdido en el alcohol, la droga y la delincuencia en un hombre de fe y un hombre de bien.<\/p>\n<p>&nbsp;<\/p>\n","protected":false},"excerpt":{"rendered":"<p>PUTAENDO.&#8211; Seguramente el nombre de Claudio Espinoza Huerta para usted y para muchos, es totalmente desconocido, pero si le contamos que este muchacho, hoy de 32 a\u00f1os, se hizo amplia y tristemente&#8230;<\/p>\n","protected":false},"author":482,"featured_media":20761,"comment_status":"open","ping_status":"closed","sticky":false,"template":"","format":"standard","meta":{"advanced_seo_description":"","jetpack_seo_html_title":"","jetpack_seo_noindex":false,"_jetpack_memberships_contains_paid_content":false,"footnotes":""},"categories":[15],"tags":[],"class_list":["post-20760","post","type-post","status-publish","format-standard","has-post-thumbnail","hentry","category-comunidad"],"jetpack_featured_media_url":"https:\/\/i0.wp.com\/eltrabajo.cl\/portal\/wp-content\/uploads\/2012\/07\/Predicador1.jpg?fit=600%2C659&ssl=1","jetpack_sharing_enabled":true,"jetpack_likes_enabled":true,"jetpack-related-posts":[],"_links":{"self":[{"href":"https:\/\/eltrabajo.cl\/portal\/wp-json\/wp\/v2\/posts\/20760","targetHints":{"allow":["GET"]}}],"collection":[{"href":"https:\/\/eltrabajo.cl\/portal\/wp-json\/wp\/v2\/posts"}],"about":[{"href":"https:\/\/eltrabajo.cl\/portal\/wp-json\/wp\/v2\/types\/post"}],"author":[{"embeddable":true,"href":"https:\/\/eltrabajo.cl\/portal\/wp-json\/wp\/v2\/users\/482"}],"replies":[{"embeddable":true,"href":"https:\/\/eltrabajo.cl\/portal\/wp-json\/wp\/v2\/comments?post=20760"}],"version-history":[{"count":0,"href":"https:\/\/eltrabajo.cl\/portal\/wp-json\/wp\/v2\/posts\/20760\/revisions"}],"wp:featuredmedia":[{"embeddable":true,"href":"https:\/\/eltrabajo.cl\/portal\/wp-json\/wp\/v2\/media\/20761"}],"wp:attachment":[{"href":"https:\/\/eltrabajo.cl\/portal\/wp-json\/wp\/v2\/media?parent=20760"}],"wp:term":[{"taxonomy":"category","embeddable":true,"href":"https:\/\/eltrabajo.cl\/portal\/wp-json\/wp\/v2\/categories?post=20760"},{"taxonomy":"post_tag","embeddable":true,"href":"https:\/\/eltrabajo.cl\/portal\/wp-json\/wp\/v2\/tags?post=20760"}],"curies":[{"name":"wp","href":"https:\/\/api.w.org\/{rel}","templated":true}]}}