{"id":20768,"date":"2012-07-17T10:48:01","date_gmt":"2012-07-17T14:48:01","guid":{"rendered":"http:\/\/www.eltrabajo.cl\/portal\/?p=20768"},"modified":"2012-07-17T10:48:01","modified_gmt":"2012-07-17T14:48:01","slug":"de-la-universidad-de-ginebra-hasta-el-corazon-de-chile","status":"publish","type":"post","link":"https:\/\/eltrabajo.cl\/portal\/de-la-universidad-de-ginebra-hasta-el-corazon-de-chile\/","title":{"rendered":"De la Universidad de Ginebra hasta el coraz\u00f3n de Chile"},"content":{"rendered":"<figure id=\"attachment_20769\" aria-describedby=\"caption-attachment-20769\" style=\"width: 600px\" class=\"wp-caption alignnone\"><a href=\"http:\/\/www.eltrabajo.cl\/portal\/2012\/07\/de-la-universidad-de-ginebra-hasta-el-corazon-de-chile\/salud1\/\" rel=\"attachment wp-att-20769\"><img data-recalc-dims=\"1\" loading=\"lazy\" decoding=\"async\" class=\"size-full wp-image-20769\" title=\"Salud1\" src=\"https:\/\/i0.wp.com\/www.eltrabajo.cl\/portal\/wp-content\/uploads\/2012\/07\/Salud1.jpg?resize=600%2C450\" alt=\"\" width=\"600\" height=\"450\" srcset=\"https:\/\/i0.wp.com\/eltrabajo.cl\/portal\/wp-content\/uploads\/2012\/07\/Salud1.jpg?w=600&amp;ssl=1 600w, https:\/\/i0.wp.com\/eltrabajo.cl\/portal\/wp-content\/uploads\/2012\/07\/Salud1.jpg?resize=200%2C150&amp;ssl=1 200w, https:\/\/i0.wp.com\/eltrabajo.cl\/portal\/wp-content\/uploads\/2012\/07\/Salud1.jpg?resize=300%2C225&amp;ssl=1 300w, https:\/\/i0.wp.com\/eltrabajo.cl\/portal\/wp-content\/uploads\/2012\/07\/Salud1.jpg?resize=150%2C112&amp;ssl=1 150w, https:\/\/i0.wp.com\/eltrabajo.cl\/portal\/wp-content\/uploads\/2012\/07\/Salud1.jpg?resize=400%2C300&amp;ssl=1 400w\" sizes=\"auto, (max-width: 600px) 100vw, 600px\" \/><\/a><figcaption id=\"caption-attachment-20769\" class=\"wp-caption-text\">Marie Davat y Amandine De la Porte llegar\u00e1n a su pa\u00eds con algo m\u00e1s que aprendizaje secular, ellas se llevan tambi\u00e9n el cari\u00f1o y agradecimiento de los pacientes que atendieron en Santa Mar\u00eda.<\/figcaption><\/figure>\n<ul>\n<li><strong>\u00a0Estudiantes de Medicina realizan pasant\u00eda en Cesfam Santa Mar\u00eda<\/strong><\/li>\n<\/ul>\n<p><strong>SANTA MAR\u00cdA<\/strong>.- Dos alumnas de la destacada Universidad de Ginebra, Suiza, durante un mes estuvieron realizando una pasant\u00eda en el Cesfam \u2018Jorge Ahumada Lemus\u2019 de Santa Mar\u00eda. Marie Davat y Amandine De la Porte, tienen 23 y 21 a\u00f1os respectivamente y cursan tercer a\u00f1o en la carrera de Medicina, en la prestigiosa Universidad de Ginebra. Llegaron a la comuna de Santa Mar\u00eda, gracias a la gesti\u00f3n de la Directora T\u00e9cnica de Cesfam Santa Mar\u00eda, Carmen Castillo.<\/p>\n<p>Amandine nos cuenta que quiere especializarse en Medicina F\u00edsica y Rehabilitaci\u00f3n mientras que Marie, en Cirug\u00eda y que vinieron con un gran entusiasmo por aprender de nuestro sistema de salud y de nuestra cultura. Ambas estudiantes empezaban su jornada a las 8:00 horas pero \u201cNo corresponde llegar a las ocho, para comenzar el trabajo a las ocho\u201d, coment\u00f3 Marie. \u201cAs\u00ed es que llegamos todos los d\u00edas a las 07:30 horas, agreg\u00f3 Amandine Davat.<\/p>\n<p>\u201cEsta es una de las diferencias que percibimos, pues en Suiza somos muy puntuales, pero una de las cosas importantes respecto al tema de Salud, es que en Ginebra no tenemos el Sistema de Atenci\u00f3n Primaria, s\u00f3lo hospitales. Lo que ac\u00e1 nos ha permitido hacer muchas cosas con los pacientes y en Ginebra no podemos tocarlos, hasta que estemos titulados.\u201d indic\u00f3 Marie De la Porte.<\/p>\n<p>Ante estos comentarios de las estudiantes, Diario El Trabajo habl\u00f3 con ellas a fin de conocer mejor las condiciones en que salen adelantes en su carrera.<\/p>\n<p><strong>&#8211; \u00bfNo realizan pr\u00e1cticas durante sus a\u00f1os de formaci\u00f3n?<\/strong><\/p>\n<p>&#8211; Marie: \u201cAc\u00e1, los estudiantes est\u00e1n con los pacientes desde el segundo a\u00f1o. Nosotros terminamos los seis a\u00f1os y despu\u00e9s empezamos a ver a los pacientes. Son seis a\u00f1os para ser Interna y luego dos para ser M\u00e9dico General y si queremos alguna especialidad, son entre tres a cinco a\u00f1os m\u00e1s\u201d.<\/p>\n<p><strong>&#8211; \u00bfQu\u00e9 es lo m\u00e1s que les ha gustado de su pasant\u00eda en el Cesfam de la comuna?<\/strong><\/p>\n<p>&#8211; Amandine: \u201cLo que m\u00e1s me ha gustado, es trabajar en cl\u00ednica en el Cesfam, pues hicimos trabajo pr\u00e1ctico que antes no hab\u00edamos hecho, como las curaciones o tomar muestras de sangre. Esto ha sido muy interesante\u201d.<\/p>\n<p>&#8211; Marie: \u201cTambi\u00e9n ac\u00e1, los m\u00e9dicos de Cesfam nos permitieron hacer la entrevista con los pacientes y despu\u00e9s hacer el Examen F\u00edsico. Nos sentimos como verdaderos m\u00e9dicos\u201d.<\/p>\n<p><strong>&#8211; \u00bfAdem\u00e1s de la inexistencia en Suiza de la Atenci\u00f3n Primaria, qu\u00e9 otras diferencias han percibido entre los sistemas de salud de ambos pa\u00edses?<\/strong><\/p>\n<p>&#8211; Amandine: \u201cLas diferencias que vemos en el sistema de salud de ac\u00e1 y el de Suiza, es que all\u00e1 los hospitales son muy grandes. Entonces los m\u00e9dicos no conocen a todos los pacientes y aqu\u00ed me parece que los pacientes y los m\u00e9dicos son muy cercanos\u201d.<\/p>\n<p>&#8211; Marie: \u201cEn Suiza tampoco tenemos el Lineamiento de Salud Familiar y aqu\u00ed est\u00e1 la idea de cuidarse toda la familia, no s\u00f3lo el paciente y en Suiza s\u00f3lo vemos al paciente, su problema y es todo. Creo que la Salud Familiar es un buen sistema\u201d.<\/p>\n<p><strong>&#8211; \u00bfQu\u00e9 es lo que m\u00e1s les ha llamado la atenci\u00f3n de Santa Mar\u00eda?<\/strong><\/p>\n<p>&#8211; Marie: \u201cLa plaza central, con sus palmeras, porque hay palmeras y m\u00e1s atr\u00e1s monta\u00f1as con nieve. Ese contraste nos parece hermoso\u201d.<\/p>\n<p>&#8211; Amandine: \u201cNos ha gustado el paisaje y las casas, que ac\u00e1 tienen hartos colores. All\u00e1 no hay muchas casas, hay m\u00e1s edificios y son grises\u201d.<\/p>\n<p><strong>&#8211; Cu\u00e1ndo lleguen a Suiza, \u00bfqu\u00e9 contar\u00e1n de su estad\u00eda en Chile?<\/strong><\/p>\n<p>&#8211; Amandine: \u201cUhhhh, muchas cosas (risas) primero que nos llamaba la atenci\u00f3n que nos piropeaban mucho, luego se hizo un poco molesto\u2026 Lo que nos ha sorprendido tambi\u00e9n de ac\u00e1, es el fr\u00edo. Hemos pasado todas las noches fr\u00edo. Si bien en Suiza hace fr\u00edo, las casas cuentan con muy buen sistema de calefacci\u00f3n\u201d.<\/p>\n<p>&#8211; Marie: \u201cPero es una muy buena experiencia nuestra vivencia en el Cesfam, el trato y el contacto con los pacientes, es lo mejor que nos llevamos\u201d.<\/p>\n<p>Diario El Trabajo felicita p\u00fablicamente a este par de jovencitas por haber elegido nuestro Valle de Aconcagua para su pasant\u00eda profesional, de seguro que nunca podr\u00e1n olvidar esta experiencia de estudios y crecimiento sociocultural en Chile.<\/p>\n<p>&nbsp;<\/p>\n","protected":false},"excerpt":{"rendered":"<p>\u00a0Estudiantes de Medicina realizan pasant\u00eda en Cesfam Santa Mar\u00eda SANTA MAR\u00cdA.- Dos alumnas de la destacada Universidad de Ginebra, Suiza, durante un mes estuvieron realizando una pasant\u00eda en el Cesfam \u2018Jorge Ahumada&#8230;<\/p>\n","protected":false},"author":482,"featured_media":20769,"comment_status":"open","ping_status":"closed","sticky":false,"template":"","format":"standard","meta":{"advanced_seo_description":"","jetpack_seo_html_title":"","jetpack_seo_noindex":false,"_jetpack_memberships_contains_paid_content":false,"footnotes":""},"categories":[15],"tags":[],"class_list":["post-20768","post","type-post","status-publish","format-standard","has-post-thumbnail","hentry","category-comunidad"],"jetpack_featured_media_url":"https:\/\/i0.wp.com\/eltrabajo.cl\/portal\/wp-content\/uploads\/2012\/07\/Salud1.jpg?fit=600%2C450&ssl=1","jetpack_sharing_enabled":true,"jetpack_likes_enabled":true,"jetpack-related-posts":[],"_links":{"self":[{"href":"https:\/\/eltrabajo.cl\/portal\/wp-json\/wp\/v2\/posts\/20768","targetHints":{"allow":["GET"]}}],"collection":[{"href":"https:\/\/eltrabajo.cl\/portal\/wp-json\/wp\/v2\/posts"}],"about":[{"href":"https:\/\/eltrabajo.cl\/portal\/wp-json\/wp\/v2\/types\/post"}],"author":[{"embeddable":true,"href":"https:\/\/eltrabajo.cl\/portal\/wp-json\/wp\/v2\/users\/482"}],"replies":[{"embeddable":true,"href":"https:\/\/eltrabajo.cl\/portal\/wp-json\/wp\/v2\/comments?post=20768"}],"version-history":[{"count":0,"href":"https:\/\/eltrabajo.cl\/portal\/wp-json\/wp\/v2\/posts\/20768\/revisions"}],"wp:featuredmedia":[{"embeddable":true,"href":"https:\/\/eltrabajo.cl\/portal\/wp-json\/wp\/v2\/media\/20769"}],"wp:attachment":[{"href":"https:\/\/eltrabajo.cl\/portal\/wp-json\/wp\/v2\/media?parent=20768"}],"wp:term":[{"taxonomy":"category","embeddable":true,"href":"https:\/\/eltrabajo.cl\/portal\/wp-json\/wp\/v2\/categories?post=20768"},{"taxonomy":"post_tag","embeddable":true,"href":"https:\/\/eltrabajo.cl\/portal\/wp-json\/wp\/v2\/tags?post=20768"}],"curies":[{"name":"wp","href":"https:\/\/api.w.org\/{rel}","templated":true}]}}