{"id":20773,"date":"2012-07-17T10:54:25","date_gmt":"2012-07-17T14:54:25","guid":{"rendered":"http:\/\/www.eltrabajo.cl\/portal\/?p=20773"},"modified":"2012-07-17T10:55:39","modified_gmt":"2012-07-17T14:55:39","slug":"dos-heridos-graves-al-estrellarse-furgon-contra-un-poste-en-el-by-pass","status":"publish","type":"post","link":"https:\/\/eltrabajo.cl\/portal\/dos-heridos-graves-al-estrellarse-furgon-contra-un-poste-en-el-by-pass\/","title":{"rendered":"Dos heridos graves al estrellarse furg\u00f3n contra un poste en el by pass"},"content":{"rendered":"<figure id=\"attachment_20781\" aria-describedby=\"caption-attachment-20781\" style=\"width: 600px\" class=\"wp-caption alignnone\"><a href=\"http:\/\/www.eltrabajo.cl\/portal\/2012\/07\/dos-heridos-graves-al-estrellarse-furgon-contra-un-poste-en-el-by-pass\/accidente1-5\/\" rel=\"attachment wp-att-20781\"><img data-recalc-dims=\"1\" loading=\"lazy\" decoding=\"async\" class=\"size-full wp-image-20781\" title=\"Accidente1\" src=\"https:\/\/i0.wp.com\/www.eltrabajo.cl\/portal\/wp-content\/uploads\/2012\/07\/Accidente1.jpg?resize=600%2C450\" alt=\"\" width=\"600\" height=\"450\" srcset=\"https:\/\/i0.wp.com\/eltrabajo.cl\/portal\/wp-content\/uploads\/2012\/07\/Accidente1.jpg?w=600&amp;ssl=1 600w, https:\/\/i0.wp.com\/eltrabajo.cl\/portal\/wp-content\/uploads\/2012\/07\/Accidente1.jpg?resize=200%2C150&amp;ssl=1 200w, https:\/\/i0.wp.com\/eltrabajo.cl\/portal\/wp-content\/uploads\/2012\/07\/Accidente1.jpg?resize=300%2C225&amp;ssl=1 300w, https:\/\/i0.wp.com\/eltrabajo.cl\/portal\/wp-content\/uploads\/2012\/07\/Accidente1.jpg?resize=150%2C112&amp;ssl=1 150w, https:\/\/i0.wp.com\/eltrabajo.cl\/portal\/wp-content\/uploads\/2012\/07\/Accidente1.jpg?resize=400%2C300&amp;ssl=1 400w\" sizes=\"auto, (max-width: 600px) 100vw, 600px\" \/><\/a><figcaption id=\"caption-attachment-20781\" class=\"wp-caption-text\">Los da\u00f1os fueron cuantiosos, a\u00fan as\u00ed, no hubo p\u00e9rdidas humanas que lamentar.<\/figcaption><\/figure>\n<p><strong>CALLE LARGA.-<\/strong> Los dos ocupantes de un furg\u00f3n resultaron con lesiones de gravedad al estrellarse contra un poste del alumbrado p\u00fablico en el by pass El Sauce Auco. El accidente se produjo a las 14:40 horas de este viernes a la altura del cruce del bay pass con el camino San Vicente, cuando el furg\u00f3n perteneciente a la empresa de servicios SGS, que se dirig\u00eda de Oriente a poniente, traspas\u00f3 el eje central de la calzada y cay\u00f3 a una zanja ubicada a un costado del camino para luego derribar un poste del alumbrado p\u00fablico y terminar impactando la base de un puente de concreto.<\/p>\n<p>Como consecuencia de lo anterior, el chofer y su acompa\u00f1ante quedaron atrapados en el interior de la destruida cabina, por lo cual se hizo necesaria la presencia de la Unidad de Rescate de la Primera Compa\u00f1\u00eda de Bomberos.<\/p>\n<p>Una vez que ambos heridos fueron sacados y estabilizados, fueron trasladados en una ambulancia del SAMU hasta el Servicio de Urgencia, siendo el m\u00e1s complicado el conductor quien sufri\u00f3 fracturas en ambas piernas y en la parrilla costal.<\/p>\n<p>Los heridos fueron identificados como Luis Urrutia y Rodrigo N\u00fa\u00f1ez Guti\u00e9rrez.<\/p>\n<p>Asimismo, personal de Carabineros de la Tenencia de Calle Larga adopt\u00f3 el procedimiento de rigor para establecer las causas de este accidente que pudo tener fatales consecuencias. Extraoficialmente se conoci\u00f3 que el chofer se habr\u00eda quedado dormido, situaci\u00f3n que ser\u00e1 investigada por la Polic\u00eda.<\/p>\n<p>&nbsp;<\/p>\n","protected":false},"excerpt":{"rendered":"<p>CALLE LARGA.- Los dos ocupantes de un furg\u00f3n resultaron con lesiones de gravedad al estrellarse contra un poste del alumbrado p\u00fablico en el by pass El Sauce Auco. El accidente se produjo&#8230;<\/p>\n","protected":false},"author":482,"featured_media":20781,"comment_status":"open","ping_status":"closed","sticky":false,"template":"","format":"standard","meta":{"advanced_seo_description":"","jetpack_seo_html_title":"","jetpack_seo_noindex":false,"_jetpack_memberships_contains_paid_content":false,"footnotes":""},"categories":[21],"tags":[],"class_list":["post-20773","post","type-post","status-publish","format-standard","has-post-thumbnail","hentry","category-policial"],"jetpack_featured_media_url":"https:\/\/i0.wp.com\/eltrabajo.cl\/portal\/wp-content\/uploads\/2012\/07\/Accidente1.jpg?fit=600%2C450&ssl=1","jetpack_sharing_enabled":true,"jetpack_likes_enabled":true,"jetpack-related-posts":[],"_links":{"self":[{"href":"https:\/\/eltrabajo.cl\/portal\/wp-json\/wp\/v2\/posts\/20773","targetHints":{"allow":["GET"]}}],"collection":[{"href":"https:\/\/eltrabajo.cl\/portal\/wp-json\/wp\/v2\/posts"}],"about":[{"href":"https:\/\/eltrabajo.cl\/portal\/wp-json\/wp\/v2\/types\/post"}],"author":[{"embeddable":true,"href":"https:\/\/eltrabajo.cl\/portal\/wp-json\/wp\/v2\/users\/482"}],"replies":[{"embeddable":true,"href":"https:\/\/eltrabajo.cl\/portal\/wp-json\/wp\/v2\/comments?post=20773"}],"version-history":[{"count":0,"href":"https:\/\/eltrabajo.cl\/portal\/wp-json\/wp\/v2\/posts\/20773\/revisions"}],"wp:featuredmedia":[{"embeddable":true,"href":"https:\/\/eltrabajo.cl\/portal\/wp-json\/wp\/v2\/media\/20781"}],"wp:attachment":[{"href":"https:\/\/eltrabajo.cl\/portal\/wp-json\/wp\/v2\/media?parent=20773"}],"wp:term":[{"taxonomy":"category","embeddable":true,"href":"https:\/\/eltrabajo.cl\/portal\/wp-json\/wp\/v2\/categories?post=20773"},{"taxonomy":"post_tag","embeddable":true,"href":"https:\/\/eltrabajo.cl\/portal\/wp-json\/wp\/v2\/tags?post=20773"}],"curies":[{"name":"wp","href":"https:\/\/api.w.org\/{rel}","templated":true}]}}