{"id":20784,"date":"2012-07-17T10:59:28","date_gmt":"2012-07-17T14:59:28","guid":{"rendered":"http:\/\/www.eltrabajo.cl\/portal\/?p=20784"},"modified":"2012-07-17T10:59:28","modified_gmt":"2012-07-17T14:59:28","slug":"agresivo-incendio-casi-cobra-la-vida-de-una-familia-en-chalet-ubicado-en-las-coimas","status":"publish","type":"post","link":"https:\/\/eltrabajo.cl\/portal\/agresivo-incendio-casi-cobra-la-vida-de-una-familia-en-chalet-ubicado-en-las-coimas\/","title":{"rendered":"Agresivo incendio casi cobra la vida de una familia en chalet ubicado en Las Coimas"},"content":{"rendered":"<figure id=\"attachment_20786\" aria-describedby=\"caption-attachment-20786\" style=\"width: 600px\" class=\"wp-caption alignnone\"><a href=\"http:\/\/www.eltrabajo.cl\/portal\/2012\/07\/agresivo-incendio-casi-cobra-la-vida-de-una-familia-en-chalet-ubicado-en-las-coimas\/fuego1-3\/\" rel=\"attachment wp-att-20786\"><img data-recalc-dims=\"1\" loading=\"lazy\" decoding=\"async\" class=\"size-full wp-image-20786\" title=\"Fuego1\" src=\"https:\/\/i0.wp.com\/www.eltrabajo.cl\/portal\/wp-content\/uploads\/2012\/07\/Fuego11.jpg?resize=600%2C450\" alt=\"\" width=\"600\" height=\"450\" srcset=\"https:\/\/i0.wp.com\/eltrabajo.cl\/portal\/wp-content\/uploads\/2012\/07\/Fuego11.jpg?w=600&amp;ssl=1 600w, https:\/\/i0.wp.com\/eltrabajo.cl\/portal\/wp-content\/uploads\/2012\/07\/Fuego11.jpg?resize=200%2C150&amp;ssl=1 200w, https:\/\/i0.wp.com\/eltrabajo.cl\/portal\/wp-content\/uploads\/2012\/07\/Fuego11.jpg?resize=300%2C225&amp;ssl=1 300w, https:\/\/i0.wp.com\/eltrabajo.cl\/portal\/wp-content\/uploads\/2012\/07\/Fuego11.jpg?resize=150%2C112&amp;ssl=1 150w, https:\/\/i0.wp.com\/eltrabajo.cl\/portal\/wp-content\/uploads\/2012\/07\/Fuego11.jpg?resize=400%2C300&amp;ssl=1 400w\" sizes=\"auto, (max-width: 600px) 100vw, 600px\" \/><\/a><figcaption id=\"caption-attachment-20786\" class=\"wp-caption-text\">Las llamas hicieron de las suyas al interior de la vivienda de Favio Paz.<\/figcaption><\/figure>\n<p><strong>PUTAENDO.-<\/strong> Pasadas las 22:00 horas de este domingo, un incendio estructural se declar\u00f3 en un chalet ubicado en el sector de Las Coimas, frente al Motel Tahai, el que por algunos momentos se transform\u00f3 en un incendio descontrolado y de grandes proporciones. Un matrimonio y sus dos peque\u00f1os hijos se encontraban durmiendo cuando, seg\u00fan relato de una mujer, se sinti\u00f3 una fuerte explosi\u00f3n en la cocina, percat\u00e1ndose en ese instante que ya hab\u00eda fuego en el entretecho, logrando salir desde la vivienda pr\u00e1cticamente con lo puesto, donde incluso los dos peque\u00f1os fueron subidos a un m\u00f3vil de prensa que se encontraba en el lugar.<\/p>\n<figure id=\"attachment_20787\" aria-describedby=\"caption-attachment-20787\" style=\"width: 300px\" class=\"wp-caption alignright\"><a href=\"http:\/\/www.eltrabajo.cl\/portal\/2012\/07\/agresivo-incendio-casi-cobra-la-vida-de-una-familia-en-chalet-ubicado-en-las-coimas\/fuego2-3\/\" rel=\"attachment wp-att-20787\"><img data-recalc-dims=\"1\" loading=\"lazy\" decoding=\"async\" class=\"size-medium wp-image-20787\" title=\"Fuego2\" src=\"https:\/\/i0.wp.com\/www.eltrabajo.cl\/portal\/wp-content\/uploads\/2012\/07\/Fuego21-300x225.jpg?resize=300%2C225\" alt=\"\" width=\"300\" height=\"225\" srcset=\"https:\/\/i0.wp.com\/eltrabajo.cl\/portal\/wp-content\/uploads\/2012\/07\/Fuego21.jpg?resize=300%2C225&amp;ssl=1 300w, https:\/\/i0.wp.com\/eltrabajo.cl\/portal\/wp-content\/uploads\/2012\/07\/Fuego21.jpg?resize=200%2C150&amp;ssl=1 200w, https:\/\/i0.wp.com\/eltrabajo.cl\/portal\/wp-content\/uploads\/2012\/07\/Fuego21.jpg?resize=150%2C112&amp;ssl=1 150w, https:\/\/i0.wp.com\/eltrabajo.cl\/portal\/wp-content\/uploads\/2012\/07\/Fuego21.jpg?resize=400%2C300&amp;ssl=1 400w, https:\/\/i0.wp.com\/eltrabajo.cl\/portal\/wp-content\/uploads\/2012\/07\/Fuego21.jpg?w=600&amp;ssl=1 600w\" sizes=\"auto, (max-width: 300px) 100vw, 300px\" \/><\/a><figcaption id=\"caption-attachment-20787\" class=\"wp-caption-text\">Por algunos minutos y seg\u00fan lo registran las c\u00e1maras de Diario El Trabajo, el fuego se volvi\u00f3 incontrolable.<\/figcaption><\/figure>\n<p>Bomberos de Putaendo que arribaron r\u00e1pidamente al lugar, debieron trabajar arduamente en tres puntos distintos de la vivienda, pues se encontraron con un fuego descontrolado y a ratos muy violento, siendo lo m\u00e1s peligroso el derrumbe de varias partes del techo que amenazaba la vida de los voluntarios que ingresaban a la vivienda. El personal bomberil demor\u00f3 poco m\u00e1s de seis minutos en controlar las enormes llamas que emanaban desde el techo de la vivienda.<\/p>\n<p>Seg\u00fan Bomberos, los da\u00f1os en la vivienda llegaban al 80%, sobretodo en la parte del techo; en las habitaciones y en la cocina, por lo que pr\u00e1cticamente los da\u00f1os ser\u00edan totales en la vivienda de propiedad de Flavio Paz, quien se encontraba pasando el fin de semana largo en la ciudad de La Serena.<\/p>\n<p>Tanto el matrimonio que cuidaba la vivienda con sus dos hijos resultaron ilesos, mientras que un Bombero de la Primera Compa\u00f1\u00eda del Cuerpo de Bomberos de Putaendo, identificado como Mois\u00e9s Donoso, debi\u00f3 concurrir hasta el Servicio de Urgencia del Hospital San Antonio por una ca\u00edda que sufri\u00f3 en el combate del incendio, donde afortunadamente solo ten\u00eda lesiones menores.<\/p>\n<p><strong>Patricio Gallardo.<\/strong><\/p>\n<p>&nbsp;<\/p>\n","protected":false},"excerpt":{"rendered":"<p>PUTAENDO.- Pasadas las 22:00 horas de este domingo, un incendio estructural se declar\u00f3 en un chalet ubicado en el sector de Las Coimas, frente al Motel Tahai, el que por algunos momentos&#8230;<\/p>\n","protected":false},"author":482,"featured_media":20786,"comment_status":"open","ping_status":"closed","sticky":false,"template":"","format":"standard","meta":{"advanced_seo_description":"","jetpack_seo_html_title":"","jetpack_seo_noindex":false,"_jetpack_memberships_contains_paid_content":false,"footnotes":""},"categories":[21],"tags":[],"class_list":["post-20784","post","type-post","status-publish","format-standard","has-post-thumbnail","hentry","category-policial"],"jetpack_featured_media_url":"https:\/\/i0.wp.com\/eltrabajo.cl\/portal\/wp-content\/uploads\/2012\/07\/Fuego11.jpg?fit=600%2C450&ssl=1","jetpack_sharing_enabled":true,"jetpack_likes_enabled":true,"jetpack-related-posts":[],"_links":{"self":[{"href":"https:\/\/eltrabajo.cl\/portal\/wp-json\/wp\/v2\/posts\/20784","targetHints":{"allow":["GET"]}}],"collection":[{"href":"https:\/\/eltrabajo.cl\/portal\/wp-json\/wp\/v2\/posts"}],"about":[{"href":"https:\/\/eltrabajo.cl\/portal\/wp-json\/wp\/v2\/types\/post"}],"author":[{"embeddable":true,"href":"https:\/\/eltrabajo.cl\/portal\/wp-json\/wp\/v2\/users\/482"}],"replies":[{"embeddable":true,"href":"https:\/\/eltrabajo.cl\/portal\/wp-json\/wp\/v2\/comments?post=20784"}],"version-history":[{"count":0,"href":"https:\/\/eltrabajo.cl\/portal\/wp-json\/wp\/v2\/posts\/20784\/revisions"}],"wp:featuredmedia":[{"embeddable":true,"href":"https:\/\/eltrabajo.cl\/portal\/wp-json\/wp\/v2\/media\/20786"}],"wp:attachment":[{"href":"https:\/\/eltrabajo.cl\/portal\/wp-json\/wp\/v2\/media?parent=20784"}],"wp:term":[{"taxonomy":"category","embeddable":true,"href":"https:\/\/eltrabajo.cl\/portal\/wp-json\/wp\/v2\/categories?post=20784"},{"taxonomy":"post_tag","embeddable":true,"href":"https:\/\/eltrabajo.cl\/portal\/wp-json\/wp\/v2\/tags?post=20784"}],"curies":[{"name":"wp","href":"https:\/\/api.w.org\/{rel}","templated":true}]}}