{"id":20802,"date":"2012-07-18T09:55:53","date_gmt":"2012-07-18T13:55:53","guid":{"rendered":"http:\/\/www.eltrabajo.cl\/portal\/?p=20802"},"modified":"2012-07-18T09:55:53","modified_gmt":"2012-07-18T13:55:53","slug":"marco-antonio-figueroa-%e2%80%9cespero-que-los-jugadores-entiendan-que-tendran-que-sacrificarse-para-jugar%e2%80%9d","status":"publish","type":"post","link":"https:\/\/eltrabajo.cl\/portal\/marco-antonio-figueroa-%e2%80%9cespero-que-los-jugadores-entiendan-que-tendran-que-sacrificarse-para-jugar%e2%80%9d\/","title":{"rendered":"Marco Antonio  Figueroa: \u201cEspero que los jugadores entiendan que tendr\u00e1n que sacrificarse para jugar\u201d"},"content":{"rendered":"<figure id=\"attachment_20803\" aria-describedby=\"caption-attachment-20803\" style=\"width: 300px\" class=\"wp-caption alignleft\"><a href=\"http:\/\/www.eltrabajo.cl\/portal\/2012\/07\/marco-antonio-figueroa-%e2%80%9cespero-que-los-jugadores-entiendan-que-tendran-que-sacrificarse-para-jugar%e2%80%9d\/figueroa-frente-a-los-microfonos\/\" rel=\"attachment wp-att-20803\"><img data-recalc-dims=\"1\" loading=\"lazy\" decoding=\"async\" class=\"size-medium wp-image-20803\" title=\"figueroa  frente  a los microfonos\" src=\"https:\/\/i0.wp.com\/www.eltrabajo.cl\/portal\/wp-content\/uploads\/2012\/07\/figueroa-frente-a-los-microfonos-300x225.jpg?resize=300%2C225\" alt=\"\" width=\"300\" height=\"225\" srcset=\"https:\/\/i0.wp.com\/eltrabajo.cl\/portal\/wp-content\/uploads\/2012\/07\/figueroa-frente-a-los-microfonos.jpg?resize=300%2C225&amp;ssl=1 300w, https:\/\/i0.wp.com\/eltrabajo.cl\/portal\/wp-content\/uploads\/2012\/07\/figueroa-frente-a-los-microfonos.jpg?resize=200%2C150&amp;ssl=1 200w, https:\/\/i0.wp.com\/eltrabajo.cl\/portal\/wp-content\/uploads\/2012\/07\/figueroa-frente-a-los-microfonos.jpg?resize=150%2C112&amp;ssl=1 150w, https:\/\/i0.wp.com\/eltrabajo.cl\/portal\/wp-content\/uploads\/2012\/07\/figueroa-frente-a-los-microfonos.jpg?resize=400%2C300&amp;ssl=1 400w, https:\/\/i0.wp.com\/eltrabajo.cl\/portal\/wp-content\/uploads\/2012\/07\/figueroa-frente-a-los-microfonos.jpg?w=600&amp;ssl=1 600w\" sizes=\"auto, (max-width: 300px) 100vw, 300px\" \/><\/a><figcaption id=\"caption-attachment-20803\" class=\"wp-caption-text\">El nuevo entrenador del Un\u00ed, de manera muy cordial acept\u00f3 el di\u00e1logo con los medios locales que lo esperaron por varias horas para conocer sus impresiones.<\/figcaption><\/figure>\n<p>A las tres de la tarde en punto del lunes, en el complejo deportivo que la instituci\u00f3n unionista posee en el sector Parras\u00eda, el t\u00e9cnico Marco Antonio \u2018Fantasma\u2019 Figueroa asumi\u00f3 en plenitud sus funciones como nuevo entrenador de Uni\u00f3n San Felipe.<\/p>\n<p>La llegada del medi\u00e1tico ex jugador y ex director t\u00e9cnico de la UC, Cobreloa y Everton, caus\u00f3 expectaci\u00f3n tanto en los medios locales como nacionales que llegaron hasta las impecables instalaciones deportivas a presenciar y cubrir la primera pr\u00e1ctica del Un\u00ed, bajo las \u00f3rdenes del \u201cFantasma\u201d, que tendr\u00e1 la dif\u00edcil misi\u00f3n de convertirse en el salvador de los sanfelipe\u00f1os. \u201cYo no ofrezco nada, desde que llegu\u00e9 a Chile, siempre he trabajado con seriedad, eso no cambiar\u00e1. Llego a una buena instituci\u00f3n y espero que los muchachos (jugadores) entiendan que tendr\u00e1n que hacer un sacrificio grande para poder jugar. Estoy preocupado por lo que vi contra Cobresal y Rangers, donde este equipo se cre\u00f3 muy pocas ocasiones de gol. Este es un buen grupo que est\u00e1 golpeado por su posici\u00f3n y los resultados, pero estoy seguro que una vez que ganemos el primer partido se vendr\u00e1n las dem\u00e1s victorias\u201d, expres\u00f3 el \u2018Fantasma\u2019 en su primera aproximaci\u00f3n con la prensa sanfelipe\u00f1a.<\/p>\n<p>El nuevo estratego de la escuadra albirroja fue claro tambi\u00e9n al se\u00f1alar que deben levantar su performance algunos jugadores del equipo: \u201cTodos los jugadores son importantes, hay que recuperar a Latorre, sacarle rendimiento a Grberc. Yo comienzo desde atr\u00e1s, creo que tenemos un buen arquero. La defensa debe ser s\u00f3lida, a m\u00ed me gusta jugar bien al f\u00fatbol, ser\u00e1 una tarea dif\u00edcil por lo que he visto, ya que este equipo jug\u00f3 mucho al pelotazo en los dos primeros partidos. En el f\u00fatbol, correr es gratis, pero hay que hacerlo bien, esa es nuestra tarea, que el equipo mejore\u201d, agreg\u00f3 el coach, que no descart\u00f3 la llegada de nuevos refuerzos. \u201cLo veremos a medida que avancen los d\u00edas\u201d, finaliz\u00f3 el \u2018Fantasma\u2019.<\/p>\n<p>&nbsp;<\/p>\n","protected":false},"excerpt":{"rendered":"<p>A las tres de la tarde en punto del lunes, en el complejo deportivo que la instituci\u00f3n unionista posee en el sector Parras\u00eda, el t\u00e9cnico Marco Antonio \u2018Fantasma\u2019 Figueroa asumi\u00f3 en plenitud&#8230;<\/p>\n","protected":false},"author":482,"featured_media":20803,"comment_status":"open","ping_status":"closed","sticky":false,"template":"","format":"standard","meta":{"advanced_seo_description":"","jetpack_seo_html_title":"","jetpack_seo_noindex":false,"_jetpack_memberships_contains_paid_content":false,"footnotes":""},"categories":[19],"tags":[],"class_list":["post-20802","post","type-post","status-publish","format-standard","has-post-thumbnail","hentry","category-deportes"],"jetpack_featured_media_url":"https:\/\/i0.wp.com\/eltrabajo.cl\/portal\/wp-content\/uploads\/2012\/07\/figueroa-frente-a-los-microfonos.jpg?fit=600%2C451&ssl=1","jetpack_sharing_enabled":true,"jetpack_likes_enabled":true,"jetpack-related-posts":[],"_links":{"self":[{"href":"https:\/\/eltrabajo.cl\/portal\/wp-json\/wp\/v2\/posts\/20802","targetHints":{"allow":["GET"]}}],"collection":[{"href":"https:\/\/eltrabajo.cl\/portal\/wp-json\/wp\/v2\/posts"}],"about":[{"href":"https:\/\/eltrabajo.cl\/portal\/wp-json\/wp\/v2\/types\/post"}],"author":[{"embeddable":true,"href":"https:\/\/eltrabajo.cl\/portal\/wp-json\/wp\/v2\/users\/482"}],"replies":[{"embeddable":true,"href":"https:\/\/eltrabajo.cl\/portal\/wp-json\/wp\/v2\/comments?post=20802"}],"version-history":[{"count":0,"href":"https:\/\/eltrabajo.cl\/portal\/wp-json\/wp\/v2\/posts\/20802\/revisions"}],"wp:featuredmedia":[{"embeddable":true,"href":"https:\/\/eltrabajo.cl\/portal\/wp-json\/wp\/v2\/media\/20803"}],"wp:attachment":[{"href":"https:\/\/eltrabajo.cl\/portal\/wp-json\/wp\/v2\/media?parent=20802"}],"wp:term":[{"taxonomy":"category","embeddable":true,"href":"https:\/\/eltrabajo.cl\/portal\/wp-json\/wp\/v2\/categories?post=20802"},{"taxonomy":"post_tag","embeddable":true,"href":"https:\/\/eltrabajo.cl\/portal\/wp-json\/wp\/v2\/tags?post=20802"}],"curies":[{"name":"wp","href":"https:\/\/api.w.org\/{rel}","templated":true}]}}