{"id":20810,"date":"2012-07-18T10:06:18","date_gmt":"2012-07-18T14:06:18","guid":{"rendered":"http:\/\/www.eltrabajo.cl\/portal\/?p=20810"},"modified":"2012-07-18T10:06:18","modified_gmt":"2012-07-18T14:06:18","slug":"transparencia-y-meticulosidad-es-prioridad-en-agencia-kovacs-san-felipe","status":"publish","type":"post","link":"https:\/\/eltrabajo.cl\/portal\/transparencia-y-meticulosidad-es-prioridad-en-agencia-kovacs-san-felipe\/","title":{"rendered":"Transparencia y meticulosidad es prioridad en agencia Kovacs San Felipe"},"content":{"rendered":"<figure id=\"attachment_20812\" aria-describedby=\"caption-attachment-20812\" style=\"width: 600px\" class=\"wp-caption alignnone\"><a href=\"http:\/\/www.eltrabajo.cl\/portal\/2012\/07\/transparencia-y-meticulosidad-es-prioridad-en-agencia-kovacs-san-felipe\/fuerza-laboral1\/\" rel=\"attachment wp-att-20812\"><img data-recalc-dims=\"1\" loading=\"lazy\" decoding=\"async\" class=\"size-full wp-image-20812\" title=\"Fuerza Laboral1\" src=\"https:\/\/i0.wp.com\/www.eltrabajo.cl\/portal\/wp-content\/uploads\/2012\/07\/Fuerza-Laboral1.jpg?resize=600%2C396\" alt=\"\" width=\"600\" height=\"396\" srcset=\"https:\/\/i0.wp.com\/eltrabajo.cl\/portal\/wp-content\/uploads\/2012\/07\/Fuerza-Laboral1.jpg?w=600&amp;ssl=1 600w, https:\/\/i0.wp.com\/eltrabajo.cl\/portal\/wp-content\/uploads\/2012\/07\/Fuerza-Laboral1.jpg?resize=200%2C132&amp;ssl=1 200w, https:\/\/i0.wp.com\/eltrabajo.cl\/portal\/wp-content\/uploads\/2012\/07\/Fuerza-Laboral1.jpg?resize=300%2C198&amp;ssl=1 300w, https:\/\/i0.wp.com\/eltrabajo.cl\/portal\/wp-content\/uploads\/2012\/07\/Fuerza-Laboral1.jpg?resize=150%2C99&amp;ssl=1 150w, https:\/\/i0.wp.com\/eltrabajo.cl\/portal\/wp-content\/uploads\/2012\/07\/Fuerza-Laboral1.jpg?resize=400%2C264&amp;ssl=1 400w\" sizes=\"auto, (max-width: 600px) 100vw, 600px\" \/><\/a><figcaption id=\"caption-attachment-20812\" class=\"wp-caption-text\">Esta es la fuerza laboral que E. Kovacs ha dispuesto para brindar El Nuevo Servicio Chevrolet en San Felipe.<\/figcaption><\/figure>\n<p>Roberto Gonz\u00e1lez Short &#8211; rgonzalez@eltrabajo.cl<\/p>\n<p>orr\u00eda la d\u00e9cada de los a\u00f1os treinta y Eduardo Kovacs Jones daba sus primeros pasos empresariales en el terreno automotriz en nuestro pa\u00eds. Este chileno sab\u00eda lo que quer\u00eda en su vida y fund\u00f3 E. Kovacs Chile, una firma comercial que, con el paso de los a\u00f1os, pas\u00f3 a manos de Eduardo Kovacs Amengual quien, al lado de su hijo Eduardo Kovacs Bauer, lograron darle textura y solidez a esta empresa chilena hasta el d\u00eda de hoy.<\/p>\n<p>Diario El Trabajo visit\u00f3 recientemente la planta f\u00edsica de E. Kovacs San Felipe, a fin de conocer el nuevo paquete empresarial que esta empresa puso en ejecuci\u00f3n la semana pasada. Se trata del \u2018Nuevo Servicio Chevrolet\u2019, una modalidad de trato al cliente implementada en Chile luego de que la misma fuese probada en Brasil durante varios a\u00f1os.<\/p>\n<p>Anteriormente en E. Kovacs y el resto de empresas que venden autos, el cliente nunca pod\u00eda ver qu\u00e9 es lo que los mec\u00e1nicos hacen al motor ni a otras partes del veh\u00edculo. Con el \u2018Nuevo Servicio Chevrolet\u2019; exclusivo de E. Kovacs Chile, se busca cambiar esa modalidad de trabajar la Postventa y contrarrestar as\u00ed los inconvenientes existentes en el sistema tradicional.<\/p>\n<figure id=\"attachment_20811\" aria-describedby=\"caption-attachment-20811\" style=\"width: 300px\" class=\"wp-caption alignright\"><a href=\"http:\/\/www.eltrabajo.cl\/portal\/2012\/07\/transparencia-y-meticulosidad-es-prioridad-en-agencia-kovacs-san-felipe\/herencia1\/\" rel=\"attachment wp-att-20811\"><img data-recalc-dims=\"1\" loading=\"lazy\" decoding=\"async\" class=\"size-medium wp-image-20811\" title=\"Herencia1\" src=\"https:\/\/i0.wp.com\/www.eltrabajo.cl\/portal\/wp-content\/uploads\/2012\/07\/Herencia1-300x189.jpg?resize=300%2C189\" alt=\"\" width=\"300\" height=\"189\" srcset=\"https:\/\/i0.wp.com\/eltrabajo.cl\/portal\/wp-content\/uploads\/2012\/07\/Herencia1.jpg?resize=300%2C189&amp;ssl=1 300w, https:\/\/i0.wp.com\/eltrabajo.cl\/portal\/wp-content\/uploads\/2012\/07\/Herencia1.jpg?resize=200%2C126&amp;ssl=1 200w, https:\/\/i0.wp.com\/eltrabajo.cl\/portal\/wp-content\/uploads\/2012\/07\/Herencia1.jpg?resize=150%2C94&amp;ssl=1 150w, https:\/\/i0.wp.com\/eltrabajo.cl\/portal\/wp-content\/uploads\/2012\/07\/Herencia1.jpg?resize=400%2C252&amp;ssl=1 400w, https:\/\/i0.wp.com\/eltrabajo.cl\/portal\/wp-content\/uploads\/2012\/07\/Herencia1.jpg?w=600&amp;ssl=1 600w\" sizes=\"auto, (max-width: 300px) 100vw, 300px\" \/><\/a><figcaption id=\"caption-attachment-20811\" class=\"wp-caption-text\">Eduardo Kovacs Jones al centro; Eduardo Kovacs Amengual a la derecha, y Eduardo Kovacs Bauer a la izquierda. Abuelo, hijo y nieto, son los Kovacs m\u00e1s respetados en Chile del mundo automotriz.<\/figcaption><\/figure>\n<p>Diario El Trabajo verific\u00f3 en acci\u00f3n este nuevo servicio en E. Kovacs San Felipe e hicimos un seguimiento al veh\u00edculo de Ximena Gonz\u00e1lez, due\u00f1a de un auto Chevrolet.<\/p>\n<p>\u201cEstoy m\u00e1s que sorprendida, pues antes yo entregaba mi auto y de la entrada del taller no pod\u00eda ingresar m\u00e1s adentro, ahora pude ver c\u00f3mo cambian las piezas y el aceite de mi auto. Me parece m\u00e1s personalizado el trato y economizo mucho tiempo\u201d, coment\u00f3 Gonz\u00e1lez.<\/p>\n<p>Con unas 35 personas para atender individualmente a sus clientes, E. Kovacs figura en San Felipe como una plataforma automotriz capaz de brindar el mejor servicio en un tiempo r\u00e9cord. La semana pasada esta firma comercial recibi\u00f3 la certificaci\u00f3n \u2018Nuevo Servicio Chevrolet\u2019 que ya funciona en todo Chile de manera estandarizada.<\/p>\n<p>&nbsp;<\/p>\n","protected":false},"excerpt":{"rendered":"<p>Roberto Gonz\u00e1lez Short &#8211; rgonzalez@eltrabajo.cl orr\u00eda la d\u00e9cada de los a\u00f1os treinta y Eduardo Kovacs Jones daba sus primeros pasos empresariales en el terreno automotriz en nuestro pa\u00eds. Este chileno sab\u00eda lo&#8230;<\/p>\n","protected":false},"author":482,"featured_media":20812,"comment_status":"open","ping_status":"closed","sticky":false,"template":"","format":"standard","meta":{"advanced_seo_description":"","jetpack_seo_html_title":"","jetpack_seo_noindex":false,"_jetpack_memberships_contains_paid_content":false,"footnotes":""},"categories":[15],"tags":[],"class_list":["post-20810","post","type-post","status-publish","format-standard","has-post-thumbnail","hentry","category-comunidad"],"jetpack_featured_media_url":"https:\/\/i0.wp.com\/eltrabajo.cl\/portal\/wp-content\/uploads\/2012\/07\/Fuerza-Laboral1.jpg?fit=600%2C396&ssl=1","jetpack_sharing_enabled":true,"jetpack_likes_enabled":true,"jetpack-related-posts":[],"_links":{"self":[{"href":"https:\/\/eltrabajo.cl\/portal\/wp-json\/wp\/v2\/posts\/20810","targetHints":{"allow":["GET"]}}],"collection":[{"href":"https:\/\/eltrabajo.cl\/portal\/wp-json\/wp\/v2\/posts"}],"about":[{"href":"https:\/\/eltrabajo.cl\/portal\/wp-json\/wp\/v2\/types\/post"}],"author":[{"embeddable":true,"href":"https:\/\/eltrabajo.cl\/portal\/wp-json\/wp\/v2\/users\/482"}],"replies":[{"embeddable":true,"href":"https:\/\/eltrabajo.cl\/portal\/wp-json\/wp\/v2\/comments?post=20810"}],"version-history":[{"count":0,"href":"https:\/\/eltrabajo.cl\/portal\/wp-json\/wp\/v2\/posts\/20810\/revisions"}],"wp:featuredmedia":[{"embeddable":true,"href":"https:\/\/eltrabajo.cl\/portal\/wp-json\/wp\/v2\/media\/20812"}],"wp:attachment":[{"href":"https:\/\/eltrabajo.cl\/portal\/wp-json\/wp\/v2\/media?parent=20810"}],"wp:term":[{"taxonomy":"category","embeddable":true,"href":"https:\/\/eltrabajo.cl\/portal\/wp-json\/wp\/v2\/categories?post=20810"},{"taxonomy":"post_tag","embeddable":true,"href":"https:\/\/eltrabajo.cl\/portal\/wp-json\/wp\/v2\/tags?post=20810"}],"curies":[{"name":"wp","href":"https:\/\/api.w.org\/{rel}","templated":true}]}}