{"id":20815,"date":"2012-07-18T10:08:08","date_gmt":"2012-07-18T14:08:08","guid":{"rendered":"http:\/\/www.eltrabajo.cl\/portal\/?p=20815"},"modified":"2012-07-18T10:08:08","modified_gmt":"2012-07-18T14:08:08","slug":"comerciantes-de-feria-de-las-pulgas-piden-autorizacion-para-funcionar","status":"publish","type":"post","link":"https:\/\/eltrabajo.cl\/portal\/comerciantes-de-feria-de-las-pulgas-piden-autorizacion-para-funcionar\/","title":{"rendered":"Comerciantes de Feria de las Pulgas piden autorizaci\u00f3n para funcionar"},"content":{"rendered":"<figure id=\"attachment_20816\" aria-describedby=\"caption-attachment-20816\" style=\"width: 600px\" class=\"wp-caption alignnone\"><a href=\"http:\/\/www.eltrabajo.cl\/portal\/2012\/07\/comerciantes-de-feria-de-las-pulgas-piden-autorizacion-para-funcionar\/vendedores\/\" rel=\"attachment wp-att-20816\"><img data-recalc-dims=\"1\" loading=\"lazy\" decoding=\"async\" class=\"size-full wp-image-20816\" title=\"VENDEDORES\" src=\"https:\/\/i0.wp.com\/www.eltrabajo.cl\/portal\/wp-content\/uploads\/2012\/07\/VENDEDORES.jpg?resize=600%2C450\" alt=\"\" width=\"600\" height=\"450\" srcset=\"https:\/\/i0.wp.com\/eltrabajo.cl\/portal\/wp-content\/uploads\/2012\/07\/VENDEDORES.jpg?w=600&amp;ssl=1 600w, https:\/\/i0.wp.com\/eltrabajo.cl\/portal\/wp-content\/uploads\/2012\/07\/VENDEDORES.jpg?resize=200%2C150&amp;ssl=1 200w, https:\/\/i0.wp.com\/eltrabajo.cl\/portal\/wp-content\/uploads\/2012\/07\/VENDEDORES.jpg?resize=300%2C225&amp;ssl=1 300w, https:\/\/i0.wp.com\/eltrabajo.cl\/portal\/wp-content\/uploads\/2012\/07\/VENDEDORES.jpg?resize=150%2C112&amp;ssl=1 150w, https:\/\/i0.wp.com\/eltrabajo.cl\/portal\/wp-content\/uploads\/2012\/07\/VENDEDORES.jpg?resize=400%2C300&amp;ssl=1 400w\" sizes=\"auto, (max-width: 600px) 100vw, 600px\" \/><\/a><figcaption id=\"caption-attachment-20816\" class=\"wp-caption-text\">Los peque\u00f1os comerciantes est\u00e1n solicitando la autorizaci\u00f3n para funcionar, aunque sea hasta octubre, se\u00f1alan, ya que para muchos es su \u00fanico ingreso de dinero.<\/figcaption><\/figure>\n<ul>\n<li><strong>Actualmente atienden sin permiso y solicitan la autorizaci\u00f3n, aunque sea provisoria, ya que para muchos es la \u00fanica entrada de dinero que tiene su familia.<\/strong><\/li>\n<\/ul>\n<p>Un permiso provisorio est\u00e1 solicitando un grupo de peque\u00f1os comerciantes para instalarse, al menos hasta el mes de octubre, a continuaci\u00f3n de la feria que se ubica el d\u00eda domingo en San Felipe.<\/p>\n<p>Los comerciantes, encabezados por Patricia Cer\u00f3n, se encuentran funcionando en la conocida Feria de las Pulgas, sin permiso, por ello est\u00e1n solicitando la autorizaci\u00f3n, a pesar de que dicen no contar con el apoyo de los vecinos del sector, quienes se opondr\u00edan a que se instalen en el lugar.<\/p>\n<p>&nbsp;<\/p>\n<p><strong>FUNCIONAN SIN PERMISO<\/strong><\/p>\n<p>Los peque\u00f1os comerciantes se encuentran desde marzo funcionando en la feria, pero llevan a\u00f1os dedicados a este rubro, por lo que la situaci\u00f3n los tiene sumamente preocupados, ya que para muchos es la \u00fanica entrada de dinero que tienen para mantener a sus familias.<\/p>\n<p>\u201cEstamos en ascuas, porque detr\u00e1s hay familias, estos caballeros se levantan tempran\u00edsimo, yo me levanto a las 6 de la ma\u00f1ana, soy una madre esforzada, entonces necesito y nosotros solamente vendemos cosas usadas, adem\u00e1s este tiempo no es de trabajo, se acaba la temporada frutal y la gente no tiene trabajo\u201d, dijo Patricia Cer\u00f3n.<\/p>\n<p>&nbsp;<\/p>\n<p><strong>MEDIDA DE PRESI\u00d3N<\/strong><\/p>\n<p>Patricia dice que esperan no tener que realizar alguna medida de presi\u00f3n para poder contar con el permiso, el que podr\u00edan lograr con el apoyo del presidente de la junta de vecinos del sector donde se ubica la feria.<\/p>\n<p>\u201cEst\u00e1n equivocados (los vecinos que se oponen) porque no hemos botado basura, son los mismos que van a comprar, nosotros no podemos estar recogiendo la basura de los otros, nos preocuparnos de la basura de nosotros\u201d.<\/p>\n<p>&nbsp;<\/p>\n","protected":false},"excerpt":{"rendered":"<p>Actualmente atienden sin permiso y solicitan la autorizaci\u00f3n, aunque sea provisoria, ya que para muchos es la \u00fanica entrada de dinero que tiene su familia. Un permiso provisorio est\u00e1 solicitando un grupo&#8230;<\/p>\n","protected":false},"author":482,"featured_media":20816,"comment_status":"open","ping_status":"closed","sticky":false,"template":"","format":"standard","meta":{"advanced_seo_description":"","jetpack_seo_html_title":"","jetpack_seo_noindex":false,"_jetpack_memberships_contains_paid_content":false,"footnotes":""},"categories":[15],"tags":[],"class_list":["post-20815","post","type-post","status-publish","format-standard","has-post-thumbnail","hentry","category-comunidad"],"jetpack_featured_media_url":"https:\/\/i0.wp.com\/eltrabajo.cl\/portal\/wp-content\/uploads\/2012\/07\/VENDEDORES.jpg?fit=600%2C450&ssl=1","jetpack_sharing_enabled":true,"jetpack_likes_enabled":true,"jetpack-related-posts":[],"_links":{"self":[{"href":"https:\/\/eltrabajo.cl\/portal\/wp-json\/wp\/v2\/posts\/20815","targetHints":{"allow":["GET"]}}],"collection":[{"href":"https:\/\/eltrabajo.cl\/portal\/wp-json\/wp\/v2\/posts"}],"about":[{"href":"https:\/\/eltrabajo.cl\/portal\/wp-json\/wp\/v2\/types\/post"}],"author":[{"embeddable":true,"href":"https:\/\/eltrabajo.cl\/portal\/wp-json\/wp\/v2\/users\/482"}],"replies":[{"embeddable":true,"href":"https:\/\/eltrabajo.cl\/portal\/wp-json\/wp\/v2\/comments?post=20815"}],"version-history":[{"count":0,"href":"https:\/\/eltrabajo.cl\/portal\/wp-json\/wp\/v2\/posts\/20815\/revisions"}],"wp:featuredmedia":[{"embeddable":true,"href":"https:\/\/eltrabajo.cl\/portal\/wp-json\/wp\/v2\/media\/20816"}],"wp:attachment":[{"href":"https:\/\/eltrabajo.cl\/portal\/wp-json\/wp\/v2\/media?parent=20815"}],"wp:term":[{"taxonomy":"category","embeddable":true,"href":"https:\/\/eltrabajo.cl\/portal\/wp-json\/wp\/v2\/categories?post=20815"},{"taxonomy":"post_tag","embeddable":true,"href":"https:\/\/eltrabajo.cl\/portal\/wp-json\/wp\/v2\/tags?post=20815"}],"curies":[{"name":"wp","href":"https:\/\/api.w.org\/{rel}","templated":true}]}}