{"id":20819,"date":"2012-07-18T10:09:34","date_gmt":"2012-07-18T14:09:34","guid":{"rendered":"http:\/\/www.eltrabajo.cl\/portal\/?p=20819"},"modified":"2012-07-18T10:09:34","modified_gmt":"2012-07-18T14:09:34","slug":"bajan-casos-de-enfermedades-respiratorias-en-comparacion-con-el-2011","status":"publish","type":"post","link":"https:\/\/eltrabajo.cl\/portal\/bajan-casos-de-enfermedades-respiratorias-en-comparacion-con-el-2011\/","title":{"rendered":"Bajan casos de enfermedades respiratorias en comparaci\u00f3n con el 2011"},"content":{"rendered":"<figure id=\"attachment_20820\" aria-describedby=\"caption-attachment-20820\" style=\"width: 300px\" class=\"wp-caption alignleft\"><a href=\"http:\/\/www.eltrabajo.cl\/portal\/2012\/07\/bajan-casos-de-enfermedades-respiratorias-en-comparacion-con-el-2011\/rodrigo-infante-10\/\" rel=\"attachment wp-att-20820\"><img data-recalc-dims=\"1\" loading=\"lazy\" decoding=\"async\" class=\"size-medium wp-image-20820\" title=\"rodrigo infante\" src=\"https:\/\/i0.wp.com\/www.eltrabajo.cl\/portal\/wp-content\/uploads\/2012\/07\/rodrigo-infante-300x239.jpg?resize=300%2C239\" alt=\"\" width=\"300\" height=\"239\" srcset=\"https:\/\/i0.wp.com\/eltrabajo.cl\/portal\/wp-content\/uploads\/2012\/07\/rodrigo-infante.jpg?resize=300%2C239&amp;ssl=1 300w, https:\/\/i0.wp.com\/eltrabajo.cl\/portal\/wp-content\/uploads\/2012\/07\/rodrigo-infante.jpg?resize=188%2C150&amp;ssl=1 188w, https:\/\/i0.wp.com\/eltrabajo.cl\/portal\/wp-content\/uploads\/2012\/07\/rodrigo-infante.jpg?resize=150%2C119&amp;ssl=1 150w, https:\/\/i0.wp.com\/eltrabajo.cl\/portal\/wp-content\/uploads\/2012\/07\/rodrigo-infante.jpg?resize=400%2C318&amp;ssl=1 400w, https:\/\/i0.wp.com\/eltrabajo.cl\/portal\/wp-content\/uploads\/2012\/07\/rodrigo-infante.jpg?w=600&amp;ssl=1 600w\" sizes=\"auto, (max-width: 300px) 100vw, 300px\" \/><\/a><figcaption id=\"caption-attachment-20820\" class=\"wp-caption-text\">El Director del Servicio de Salud, Rodrigo Infante, llam\u00f3 a la comunidad a no descuidarse.<\/figcaption><\/figure>\n<p>Un invierno bastante normal se ha registrado este a\u00f1o, tomando en cuenta la cantidad de casos de personas contagiadas con virus sincicial, en comparaci\u00f3n con el a\u00f1o pasado, eso a pesar de que el per\u00edodo comprende la semana 28 en t\u00e9rminos epidemiol\u00f3gicos.<\/p>\n<p>Hasta la fecha se han registrado 120 casos que han sido notificados al sistema de salud, a diferencia de la misma fecha del a\u00f1o pasado, cuando ya se hab\u00edan producido 200 casos de virus sincicial, lo que significa que ha habido una menor circulaci\u00f3n del virus, situaci\u00f3n que seg\u00fan el director del Servicio de Salud, podr\u00eda tener dos explicaciones. Por una parte una buena cobertura de inmunizaci\u00f3n, registrando casi un 99% de vacunaci\u00f3n respecto de la poblaci\u00f3n objetivo que se hab\u00eda establecido en el valle de Aconcagua, y un 117% de la poblaci\u00f3n en general, lo que dice que se vacun\u00f3 mucho m\u00e1s gente de la que comprend\u00eda la campa\u00f1a.<\/p>\n<p>\u201cEso nos ha permitido pasar un buen invierno, sin embargo ha aumentado la cantidad de egresos en los hospitales, que es propio de la \u00e9poca tambi\u00e9n, cuatro egresos m\u00e1s que la semana pasada, 24 egresos por causas respiratorias y tambi\u00e9n la semana pasada hubo una proporci\u00f3n mucho m\u00e1s alta de enfermedades respiratorias en los centro de salud\u201d, dijo Infante.<\/p>\n<p><strong>CASOS REGISTRADOS<\/strong><\/p>\n<p>Los casos registrados dicen relaci\u00f3n con personas resfriadas o con gripe, algunos de los cuales evolucionan a neumon\u00eda o cuadros m\u00e1s graves, a los que se suman los casos de personas que est\u00e1n enfermas, pero que no concurren a los centros de salud de la zona.<\/p>\n<p>\u201cEsa es una poblaci\u00f3n que est\u00e1 pasando un mejor invierno, porque puede automedicinarse y estar en la casa y pasar un invierno tranquilo, la gente que llega complicada a la unidad de emergencia es hospitalizada y es ingresada\u201d, se\u00f1al\u00f3 Infante.<\/p>\n<p>Seg\u00fan indic\u00f3 el director del servicio, este a\u00f1o se ha contado con camas para gestionar y los pacientes han sido hospitalizados cuando ha correspondido, y no se han registrado problemas, mientras que aquellos que han registrado mayor gravedad han sido derivados a las redes nacionales sin inconvenientes.<\/p>\n<p>Infante adem\u00e1s destac\u00f3 la posibilidad de utilizar el Fono Salud, que ha permitido descongestionar los servicios de urgencia, tanto en los Sapu como en los hospitales, a lo que se suman las horas de morbilidad, lo que ha posibilitado a las personas acceder a atenciones de salud en la atenci\u00f3n primaria.<\/p>\n<p><strong>SEMANA 30<\/strong><\/p>\n<p>Sin embargo, estos aspectos positivos no deben hacer olvidar que el peak en el valle de Aconcagua, en lo que se refiere a enfermedades respiratorias, se produce en la semana epidemiol\u00f3gica 30, y estamos en la semana 28, por lo que el llamado es a preocuparse y cuidarse para evitar contagios de enfermedades respiratorias que podr\u00edan complicarse.<\/p>\n<p>&nbsp;<\/p>\n","protected":false},"excerpt":{"rendered":"<p>Un invierno bastante normal se ha registrado este a\u00f1o, tomando en cuenta la cantidad de casos de personas contagiadas con virus sincicial, en comparaci\u00f3n con el a\u00f1o pasado, eso a pesar de&#8230;<\/p>\n","protected":false},"author":482,"featured_media":20820,"comment_status":"open","ping_status":"closed","sticky":false,"template":"","format":"standard","meta":{"advanced_seo_description":"","jetpack_seo_html_title":"","jetpack_seo_noindex":false,"_jetpack_memberships_contains_paid_content":false,"footnotes":""},"categories":[15],"tags":[],"class_list":["post-20819","post","type-post","status-publish","format-standard","has-post-thumbnail","hentry","category-comunidad"],"jetpack_featured_media_url":"https:\/\/i0.wp.com\/eltrabajo.cl\/portal\/wp-content\/uploads\/2012\/07\/rodrigo-infante.jpg?fit=600%2C478&ssl=1","jetpack_sharing_enabled":true,"jetpack_likes_enabled":true,"jetpack-related-posts":[],"_links":{"self":[{"href":"https:\/\/eltrabajo.cl\/portal\/wp-json\/wp\/v2\/posts\/20819","targetHints":{"allow":["GET"]}}],"collection":[{"href":"https:\/\/eltrabajo.cl\/portal\/wp-json\/wp\/v2\/posts"}],"about":[{"href":"https:\/\/eltrabajo.cl\/portal\/wp-json\/wp\/v2\/types\/post"}],"author":[{"embeddable":true,"href":"https:\/\/eltrabajo.cl\/portal\/wp-json\/wp\/v2\/users\/482"}],"replies":[{"embeddable":true,"href":"https:\/\/eltrabajo.cl\/portal\/wp-json\/wp\/v2\/comments?post=20819"}],"version-history":[{"count":0,"href":"https:\/\/eltrabajo.cl\/portal\/wp-json\/wp\/v2\/posts\/20819\/revisions"}],"wp:featuredmedia":[{"embeddable":true,"href":"https:\/\/eltrabajo.cl\/portal\/wp-json\/wp\/v2\/media\/20820"}],"wp:attachment":[{"href":"https:\/\/eltrabajo.cl\/portal\/wp-json\/wp\/v2\/media?parent=20819"}],"wp:term":[{"taxonomy":"category","embeddable":true,"href":"https:\/\/eltrabajo.cl\/portal\/wp-json\/wp\/v2\/categories?post=20819"},{"taxonomy":"post_tag","embeddable":true,"href":"https:\/\/eltrabajo.cl\/portal\/wp-json\/wp\/v2\/tags?post=20819"}],"curies":[{"name":"wp","href":"https:\/\/api.w.org\/{rel}","templated":true}]}}