{"id":20823,"date":"2012-07-18T10:11:09","date_gmt":"2012-07-18T14:11:09","guid":{"rendered":"http:\/\/www.eltrabajo.cl\/portal\/?p=20823"},"modified":"2012-07-18T10:11:09","modified_gmt":"2012-07-18T14:11:09","slug":"senda-implemento-acciones-para-prevenir-consumo-de-alcohol-en-conductores","status":"publish","type":"post","link":"https:\/\/eltrabajo.cl\/portal\/senda-implemento-acciones-para-prevenir-consumo-de-alcohol-en-conductores\/","title":{"rendered":"Senda implement\u00f3 acciones para prevenir consumo de alcohol en conductores"},"content":{"rendered":"<figure id=\"attachment_20824\" aria-describedby=\"caption-attachment-20824\" style=\"width: 600px\" class=\"wp-caption alignnone\"><a href=\"http:\/\/www.eltrabajo.cl\/portal\/2012\/07\/senda-implemento-acciones-para-prevenir-consumo-de-alcohol-en-conductores\/senda-conductores1\/\" rel=\"attachment wp-att-20824\"><img data-recalc-dims=\"1\" loading=\"lazy\" decoding=\"async\" class=\"size-full wp-image-20824\" title=\"Senda Conductores1\" src=\"https:\/\/i0.wp.com\/www.eltrabajo.cl\/portal\/wp-content\/uploads\/2012\/07\/Senda-Conductores1.jpg?resize=600%2C450\" alt=\"\" width=\"600\" height=\"450\" srcset=\"https:\/\/i0.wp.com\/eltrabajo.cl\/portal\/wp-content\/uploads\/2012\/07\/Senda-Conductores1.jpg?w=600&amp;ssl=1 600w, https:\/\/i0.wp.com\/eltrabajo.cl\/portal\/wp-content\/uploads\/2012\/07\/Senda-Conductores1.jpg?resize=200%2C150&amp;ssl=1 200w, https:\/\/i0.wp.com\/eltrabajo.cl\/portal\/wp-content\/uploads\/2012\/07\/Senda-Conductores1.jpg?resize=300%2C225&amp;ssl=1 300w, https:\/\/i0.wp.com\/eltrabajo.cl\/portal\/wp-content\/uploads\/2012\/07\/Senda-Conductores1.jpg?resize=150%2C112&amp;ssl=1 150w, https:\/\/i0.wp.com\/eltrabajo.cl\/portal\/wp-content\/uploads\/2012\/07\/Senda-Conductores1.jpg?resize=400%2C300&amp;ssl=1 400w\" sizes=\"auto, (max-width: 600px) 100vw, 600px\" \/><\/a><figcaption id=\"caption-attachment-20824\" class=\"wp-caption-text\">Personal del Senda Panquehue, con ayuda de Carabineros, particip\u00f3 de una jornada de difusi\u00f3n del programa, poniendo hincapi\u00e9 en el consumo de Alcohol al momento de conducir.<\/figcaption><\/figure>\n<ul>\n<li><strong>M\u00e1s de 50 automovilistas conocieron del programa de prevenci\u00f3n en su paso por Panquehue.<\/strong><\/li>\n<\/ul>\n<p>Con la finalidad de dar a conocer el programa Senda, Servicio Nacional de Prevenci\u00f3n Rehabilitaci\u00f3n de Alcohol y Drogas, y a su vez entregar informaci\u00f3n sobre el consumo de alcohol, cerca de 50 conductores conocieron sobre este programa de prevenci\u00f3n en la comuna de Panquehue.<\/p>\n<p>Tras celebrar el d\u00eda Internacional de la Prevenci\u00f3n hace algunas semanas en la comuna, el pasado viernes personal de la oficina de Senda de Panquehue, encabezado por Patricia Gonz\u00e1lez, realiz\u00f3 su segunda actividad, ahora con la ayuda de Carabineros, la cual puso hincapi\u00e9 en el consumo de Alcohol al momento de conducir.<\/p>\n<p>\u00abEs muy importante continuar realizando estas actividades porque as\u00ed damos a conocer el programa y adem\u00e1s realizamos la prevenci\u00f3n en la comuna. En este caso fueron los conductores que se mostraron muy amables al momento de recibir la informaci\u00f3n\u00bb, expres\u00f3 el Alcalde Luis Pradenas.<\/p>\n<p>En tanto, la encargada del programa en la comuna coment\u00f3 que \u00abla idea es seguir realizando diferentes actividades en pro de la prevenci\u00f3n\u00bb.<\/p>\n<p>Senda en la comuna est\u00e1 adem\u00e1s realizando actividades a nivel escolar, desde los p\u00e1rvulos hasta Ense\u00f1anza Media, asumiendo la tarea preventiva, enfatizando el desarrollo de competencias, habilidades, saberes y actitudes necesarias para el ejercicio de una ciudadan\u00eda activa, como modo de fortalecimiento de factores protectores y generaci\u00f3n de una cultura preventiva.<\/p>\n<p>&nbsp;<\/p>\n","protected":false},"excerpt":{"rendered":"<p>M\u00e1s de 50 automovilistas conocieron del programa de prevenci\u00f3n en su paso por Panquehue. Con la finalidad de dar a conocer el programa Senda, Servicio Nacional de Prevenci\u00f3n Rehabilitaci\u00f3n de Alcohol y&#8230;<\/p>\n","protected":false},"author":482,"featured_media":20824,"comment_status":"open","ping_status":"closed","sticky":false,"template":"","format":"standard","meta":{"advanced_seo_description":"","jetpack_seo_html_title":"","jetpack_seo_noindex":false,"_jetpack_memberships_contains_paid_content":false,"footnotes":""},"categories":[1],"tags":[],"class_list":["post-20823","post","type-post","status-publish","format-standard","has-post-thumbnail","hentry","category-cronica"],"jetpack_featured_media_url":"https:\/\/i0.wp.com\/eltrabajo.cl\/portal\/wp-content\/uploads\/2012\/07\/Senda-Conductores1.jpg?fit=600%2C450&ssl=1","jetpack_sharing_enabled":true,"jetpack_likes_enabled":true,"jetpack-related-posts":[],"_links":{"self":[{"href":"https:\/\/eltrabajo.cl\/portal\/wp-json\/wp\/v2\/posts\/20823","targetHints":{"allow":["GET"]}}],"collection":[{"href":"https:\/\/eltrabajo.cl\/portal\/wp-json\/wp\/v2\/posts"}],"about":[{"href":"https:\/\/eltrabajo.cl\/portal\/wp-json\/wp\/v2\/types\/post"}],"author":[{"embeddable":true,"href":"https:\/\/eltrabajo.cl\/portal\/wp-json\/wp\/v2\/users\/482"}],"replies":[{"embeddable":true,"href":"https:\/\/eltrabajo.cl\/portal\/wp-json\/wp\/v2\/comments?post=20823"}],"version-history":[{"count":0,"href":"https:\/\/eltrabajo.cl\/portal\/wp-json\/wp\/v2\/posts\/20823\/revisions"}],"wp:featuredmedia":[{"embeddable":true,"href":"https:\/\/eltrabajo.cl\/portal\/wp-json\/wp\/v2\/media\/20824"}],"wp:attachment":[{"href":"https:\/\/eltrabajo.cl\/portal\/wp-json\/wp\/v2\/media?parent=20823"}],"wp:term":[{"taxonomy":"category","embeddable":true,"href":"https:\/\/eltrabajo.cl\/portal\/wp-json\/wp\/v2\/categories?post=20823"},{"taxonomy":"post_tag","embeddable":true,"href":"https:\/\/eltrabajo.cl\/portal\/wp-json\/wp\/v2\/tags?post=20823"}],"curies":[{"name":"wp","href":"https:\/\/api.w.org\/{rel}","templated":true}]}}