{"id":20828,"date":"2012-07-18T10:13:19","date_gmt":"2012-07-18T14:13:19","guid":{"rendered":"http:\/\/www.eltrabajo.cl\/portal\/?p=20828"},"modified":"2012-07-18T10:13:19","modified_gmt":"2012-07-18T14:13:19","slug":"prodesal-llama-a-postular-a-fondos-del-programa-de-apoyo-a-agricultores","status":"publish","type":"post","link":"https:\/\/eltrabajo.cl\/portal\/prodesal-llama-a-postular-a-fondos-del-programa-de-apoyo-a-agricultores\/","title":{"rendered":"Prodesal llama a postular a fondos del Programa de Apoyo a Agricultores"},"content":{"rendered":"<figure id=\"attachment_20829\" aria-describedby=\"caption-attachment-20829\" style=\"width: 300px\" class=\"wp-caption alignleft\"><a href=\"http:\/\/www.eltrabajo.cl\/portal\/2012\/07\/prodesal-llama-a-postular-a-fondos-del-programa-de-apoyo-a-agricultores\/sandra-1\/\" rel=\"attachment wp-att-20829\"><img data-recalc-dims=\"1\" loading=\"lazy\" decoding=\"async\" class=\"size-medium wp-image-20829\" title=\"sandra (1)\" src=\"https:\/\/i0.wp.com\/www.eltrabajo.cl\/portal\/wp-content\/uploads\/2012\/07\/sandra-1-300x224.jpg?resize=300%2C224\" alt=\"\" width=\"300\" height=\"224\" srcset=\"https:\/\/i0.wp.com\/eltrabajo.cl\/portal\/wp-content\/uploads\/2012\/07\/sandra-1.jpg?resize=300%2C224&amp;ssl=1 300w, https:\/\/i0.wp.com\/eltrabajo.cl\/portal\/wp-content\/uploads\/2012\/07\/sandra-1.jpg?resize=200%2C150&amp;ssl=1 200w, https:\/\/i0.wp.com\/eltrabajo.cl\/portal\/wp-content\/uploads\/2012\/07\/sandra-1.jpg?resize=150%2C112&amp;ssl=1 150w, https:\/\/i0.wp.com\/eltrabajo.cl\/portal\/wp-content\/uploads\/2012\/07\/sandra-1.jpg?resize=400%2C299&amp;ssl=1 400w, https:\/\/i0.wp.com\/eltrabajo.cl\/portal\/wp-content\/uploads\/2012\/07\/sandra-1.jpg?w=600&amp;ssl=1 600w\" sizes=\"auto, (max-width: 300px) 100vw, 300px\" \/><\/a><figcaption id=\"caption-attachment-20829\" class=\"wp-caption-text\">Sandra Sandoval, Ejecutiva de Indap, invit\u00f3 a los agricultores usuarios a concurrir a las oficinas de Indap para plantear sus necesidades.<\/figcaption><\/figure>\n<ul>\n<li><strong>Iniciativa contempla un fondo de apoyo a la inversi\u00f3n inicial y un fondo de fortalecimiento productivo.<\/strong><\/li>\n<\/ul>\n<p>Un llamado a los agricultores usuarios del Prodesal San Felipe, para que postulen a los fondos que dispone el Programa de Apoyo a Agricultores, formul\u00f3 el alcalde Jaime Amar junto a la representante de Indap, Sandra Sandoval.<\/p>\n<p>La invitaci\u00f3n la formularon en el marco de una conferencia de prensa donde tambi\u00e9n se encontraban presentes los jefes t\u00e9cnicos de Prodesal, Pamela L\u00f3pez y Miguel Erbetta.<\/p>\n<p>Este es el primer concurso que se abre desde que partiera el funcionamiento del Prodesal en San Felipe. Uno de los fondos va dirigido al apoyo a la inversi\u00f3n inicial, que entrega aportes m\u00e1s peque\u00f1os de cien mil pesos a un total de 42 agricultores, en tanto que el segundo fondo corresponde al fortalecimiento productivo, que realmente es de mayor envergadura, pues entrega un mill\u00f3n de pesos que favorecer\u00e1n a un total de 18 participantes.<\/p>\n<p>La autoridad destac\u00f3 la importancia de este programa, en el sentido que el 95 por ciento de la inversi\u00f3n es aportada por Indap y el 5 por ciento por los peque\u00f1os productores agr\u00edcolas.<\/p>\n<p>\u201cPor lo tanto es un subsidio directo que se entrega para mejorar el servicio productivo que ellos desarrollan. Para nosotros es importante este programa, porque es la primera muestra de los resultados que tiene nuestro Prodesal, para mejorar la calidad de la producci\u00f3n y los servicios que desarrollan nuestros usuarios\u201d, manifest\u00f3 el jefe comunal.<\/p>\n<p>En tanto, la profesional de Indap, Sandra Sandoval, explicit\u00f3 que en el caso del fondo de apoyo a la inversi\u00f3n inicial, est\u00e1 destinado a la compra de insumos agr\u00edcolas y veterinarios. El segundo fondo, de fortalecimiento productivo, est\u00e1 destinado a cofinanciar emprendimientos econ\u00f3micos agropecuarios, as\u00ed como todo lo relacionado con la sustentabilidad de los procesos productivos.<\/p>\n<p>\u201cPor ello los agricultores usuarios deben concurrir a las oficinas de Indap para plantear sus demandas, o bien, acudir a los jefes t\u00e9cnicos del programa Prodesal\u201d, se\u00f1al\u00f3 Sandra Sandoval.<\/p>\n<p>Los plazos para postular vencen el 2 de agosto en el caso del fondo de apoyo a la inversi\u00f3n inicial, mientras que el fondo de fortalecimiento productivo vence el 3 de agosto.<\/p>\n<p>&nbsp;<\/p>\n","protected":false},"excerpt":{"rendered":"<p>Iniciativa contempla un fondo de apoyo a la inversi\u00f3n inicial y un fondo de fortalecimiento productivo. Un llamado a los agricultores usuarios del Prodesal San Felipe, para que postulen a los fondos&#8230;<\/p>\n","protected":false},"author":482,"featured_media":20829,"comment_status":"open","ping_status":"closed","sticky":false,"template":"","format":"standard","meta":{"advanced_seo_description":"","jetpack_seo_html_title":"","jetpack_seo_noindex":false,"_jetpack_memberships_contains_paid_content":false,"footnotes":""},"categories":[1],"tags":[],"class_list":["post-20828","post","type-post","status-publish","format-standard","has-post-thumbnail","hentry","category-cronica"],"jetpack_featured_media_url":"https:\/\/i0.wp.com\/eltrabajo.cl\/portal\/wp-content\/uploads\/2012\/07\/sandra-1.jpg?fit=600%2C449&ssl=1","jetpack_sharing_enabled":true,"jetpack_likes_enabled":true,"jetpack-related-posts":[],"_links":{"self":[{"href":"https:\/\/eltrabajo.cl\/portal\/wp-json\/wp\/v2\/posts\/20828","targetHints":{"allow":["GET"]}}],"collection":[{"href":"https:\/\/eltrabajo.cl\/portal\/wp-json\/wp\/v2\/posts"}],"about":[{"href":"https:\/\/eltrabajo.cl\/portal\/wp-json\/wp\/v2\/types\/post"}],"author":[{"embeddable":true,"href":"https:\/\/eltrabajo.cl\/portal\/wp-json\/wp\/v2\/users\/482"}],"replies":[{"embeddable":true,"href":"https:\/\/eltrabajo.cl\/portal\/wp-json\/wp\/v2\/comments?post=20828"}],"version-history":[{"count":0,"href":"https:\/\/eltrabajo.cl\/portal\/wp-json\/wp\/v2\/posts\/20828\/revisions"}],"wp:featuredmedia":[{"embeddable":true,"href":"https:\/\/eltrabajo.cl\/portal\/wp-json\/wp\/v2\/media\/20829"}],"wp:attachment":[{"href":"https:\/\/eltrabajo.cl\/portal\/wp-json\/wp\/v2\/media?parent=20828"}],"wp:term":[{"taxonomy":"category","embeddable":true,"href":"https:\/\/eltrabajo.cl\/portal\/wp-json\/wp\/v2\/categories?post=20828"},{"taxonomy":"post_tag","embeddable":true,"href":"https:\/\/eltrabajo.cl\/portal\/wp-json\/wp\/v2\/tags?post=20828"}],"curies":[{"name":"wp","href":"https:\/\/api.w.org\/{rel}","templated":true}]}}