{"id":20832,"date":"2012-07-18T10:33:40","date_gmt":"2012-07-18T14:33:40","guid":{"rendered":"http:\/\/www.eltrabajo.cl\/portal\/?p=20832"},"modified":"2012-07-18T10:35:29","modified_gmt":"2012-07-18T14:35:29","slug":"jaime-amar-se-repostula-al-cargo-pensando-en-una-gran-cantidad-de-proyectos","status":"publish","type":"post","link":"https:\/\/eltrabajo.cl\/portal\/jaime-amar-se-repostula-al-cargo-pensando-en-una-gran-cantidad-de-proyectos\/","title":{"rendered":"Jaime Amar se repostula al cargo pensando en una gran cantidad de proyectos"},"content":{"rendered":"<figure id=\"attachment_20833\" aria-describedby=\"caption-attachment-20833\" style=\"width: 300px\" class=\"wp-caption alignleft\"><a href=\"http:\/\/www.eltrabajo.cl\/portal\/2012\/07\/jaime-amar-se-repostula-al-cargo-pensando-en-una-gran-cantidad-de-proyectos\/jaime-amar-1-5\/\" rel=\"attachment wp-att-20833\"><img data-recalc-dims=\"1\" loading=\"lazy\" decoding=\"async\" class=\"size-medium wp-image-20833\" title=\"jaime amar (1)\" src=\"https:\/\/i0.wp.com\/www.eltrabajo.cl\/portal\/wp-content\/uploads\/2012\/07\/jaime-amar-1-300x224.jpg?resize=300%2C224\" alt=\"\" width=\"300\" height=\"224\" srcset=\"https:\/\/i0.wp.com\/eltrabajo.cl\/portal\/wp-content\/uploads\/2012\/07\/jaime-amar-1.jpg?resize=300%2C224&amp;ssl=1 300w, https:\/\/i0.wp.com\/eltrabajo.cl\/portal\/wp-content\/uploads\/2012\/07\/jaime-amar-1.jpg?resize=200%2C150&amp;ssl=1 200w, https:\/\/i0.wp.com\/eltrabajo.cl\/portal\/wp-content\/uploads\/2012\/07\/jaime-amar-1.jpg?resize=150%2C112&amp;ssl=1 150w, https:\/\/i0.wp.com\/eltrabajo.cl\/portal\/wp-content\/uploads\/2012\/07\/jaime-amar-1.jpg?resize=400%2C299&amp;ssl=1 400w, https:\/\/i0.wp.com\/eltrabajo.cl\/portal\/wp-content\/uploads\/2012\/07\/jaime-amar-1.jpg?w=600&amp;ssl=1 600w\" sizes=\"auto, (max-width: 300px) 100vw, 300px\" \/><\/a><figcaption id=\"caption-attachment-20833\" class=\"wp-caption-text\">El Alcalde Jaime Amar anunci\u00f3 su repostulaci\u00f3n al cargo, pensando en concretar varios proyectos que ya comenzaron a ejecutarse.<\/figcaption><\/figure>\n<ul>\n<li><strong>Edil destac\u00f3 la remodelaci\u00f3n del centro, construcci\u00f3n de un parque urbano, el nuevo estadio, el Centro Cultural y el levantamiento del Strip Center en el sector de Enc\u00f3n, como proyectos que lo han reencantado.<\/strong><\/li>\n<\/ul>\n<p>El Alcalde Jaime Amar comunic\u00f3 este martes que se repostular\u00e1 al cargo, decisi\u00f3n que tom\u00f3 luego de un largo proceso de meditaci\u00f3n.<\/p>\n<p>La decisi\u00f3n la comunic\u00f3 este martes, luego de evaluar la situaci\u00f3n por bastantes meses y de pasar por un proceso de reencantamiento con los proyectos que est\u00e1 liderando.<\/p>\n<p>El jefe comunal dijo que ya despach\u00f3 los antecedentes al partido, proceso que contin\u00faa con el an\u00e1lisis interno y finalmente la decisi\u00f3n pol\u00edtica de Renovaci\u00f3n Nacional, quien tiene que visar y hacer el proceso de inscripci\u00f3n.<\/p>\n<p><strong>ESCENARIO POL\u00cdTICO ACTUAL<\/strong><\/p>\n<p>Consultado por el an\u00e1lisis que personalmente hace respecto del escenario pol\u00edtico actual, y con la cantidad de candidatos a alcalde que se han conocido hasta la fecha, Amar dijo que \u00e9l no analiza los temas pol\u00edticos con ese \u00e9nfasis.<\/p>\n<p>\u201cA m\u00ed lo que me interesa es que me he reencantado, especialmente por lo que hoy d\u00eda tenemos como proyecto a desarrollar\u201d, dijo Amar, donde destac\u00f3 la remodelaci\u00f3n del centro de la comuna, la construcci\u00f3n de un parque urbano, el desarrollo de un nuevo estadio para la ciudad, el inicio dentro de los pr\u00f3ximos mees del proyecto del Centro Cultural que se encuentra en la \u00faltima etapa y donde existe el compromiso de contar con recursos desde el nivel central, sumado a la constante construcci\u00f3n de viviendas en distintos sectores de San Felipe y al levantamiento del Strip Center en el sector de Enc\u00f3n.<\/p>\n<p>\u201cSon los proyectos que uno se reencanta, uno ve que hay que liderar esos procesos, hay que tener las posibilidades de llegar a los recursos, estas cosas se hacen a trav\u00e9s de acuerdos a trav\u00e9s de entidades gubernamentales, son inversiones bastante importantes y esos aspectos son los que uno mira\u201d.<\/p>\n<p>Amar se\u00f1al\u00f3 que su visi\u00f3n es hacia adelante y dice que su principal oponente es Jaime Amar como Alcalde especialmente en los a\u00f1os.<\/p>\n<p>\u201cMuchas veces se piensa que es un factor que tambi\u00e9n se considera en los procesos, el desgaste natural, pero al mismo tiempo desde mi perspectiva y mi visi\u00f3n est\u00e1 centrada en que no interesan los desgastes, lo que interesa son los proyectos, el encantamiento y las posibilidades reales de desarrollar proyectos de esta naturaleza\u201d.<\/p>\n<p><strong>LA GENTE PODR\u00c1 TOMAR SU PROPIA DECISI\u00d3N<\/strong><\/p>\n<p>Consultado por las declaraciones que hizo hace alg\u00fan tiempo respecto de que no le gustar\u00eda dejar el cargo en manos de personas que no cuentan con una propuesta concreta, el Alcalde dijo que no mira en forma despectiva a los otros candidatos, sino que explic\u00f3 todos tiene sus fortalezas y debilidades, y que lo importante es mirar la construcci\u00f3n del futuro de esta comuna.<\/p>\n<p>\u201cLo \u00fanico que espera uno es que cada uno diga qu\u00e9 es lo que va a hacer, c\u00f3mo lo va a hacer, de d\u00f3nde va a sacar los recursos, cu\u00e1les son sus propuestas, cu\u00e1les son sus equipos y de esa manera la gente podr\u00e1 tomar las mejores decisiones\u201d, dijo el Alcalde.<\/p>\n<p><strong>\u00a0CIUDAD UNIVERSITARIA<\/strong><\/p>\n<p>El jefe comunal record\u00f3 que esta es una ciudad universitaria, y que gran parte de ese proceso fue liderado por \u00e9l, a lo que sum\u00f3 la atenci\u00f3n de salud primaria como l\u00edder en la regi\u00f3n.<\/p>\n","protected":false},"excerpt":{"rendered":"<p>Edil destac\u00f3 la remodelaci\u00f3n del centro, construcci\u00f3n de un parque urbano, el nuevo estadio, el Centro Cultural y el levantamiento del Strip Center en el sector de Enc\u00f3n, como proyectos que lo&#8230;<\/p>\n","protected":false},"author":482,"featured_media":20833,"comment_status":"open","ping_status":"closed","sticky":false,"template":"","format":"standard","meta":{"advanced_seo_description":"","jetpack_seo_html_title":"","jetpack_seo_noindex":false,"_jetpack_memberships_contains_paid_content":false,"footnotes":""},"categories":[1],"tags":[],"class_list":["post-20832","post","type-post","status-publish","format-standard","has-post-thumbnail","hentry","category-cronica"],"jetpack_featured_media_url":"https:\/\/i0.wp.com\/eltrabajo.cl\/portal\/wp-content\/uploads\/2012\/07\/jaime-amar-1.jpg?fit=600%2C449&ssl=1","jetpack_sharing_enabled":true,"jetpack_likes_enabled":true,"jetpack-related-posts":[],"_links":{"self":[{"href":"https:\/\/eltrabajo.cl\/portal\/wp-json\/wp\/v2\/posts\/20832","targetHints":{"allow":["GET"]}}],"collection":[{"href":"https:\/\/eltrabajo.cl\/portal\/wp-json\/wp\/v2\/posts"}],"about":[{"href":"https:\/\/eltrabajo.cl\/portal\/wp-json\/wp\/v2\/types\/post"}],"author":[{"embeddable":true,"href":"https:\/\/eltrabajo.cl\/portal\/wp-json\/wp\/v2\/users\/482"}],"replies":[{"embeddable":true,"href":"https:\/\/eltrabajo.cl\/portal\/wp-json\/wp\/v2\/comments?post=20832"}],"version-history":[{"count":0,"href":"https:\/\/eltrabajo.cl\/portal\/wp-json\/wp\/v2\/posts\/20832\/revisions"}],"wp:featuredmedia":[{"embeddable":true,"href":"https:\/\/eltrabajo.cl\/portal\/wp-json\/wp\/v2\/media\/20833"}],"wp:attachment":[{"href":"https:\/\/eltrabajo.cl\/portal\/wp-json\/wp\/v2\/media?parent=20832"}],"wp:term":[{"taxonomy":"category","embeddable":true,"href":"https:\/\/eltrabajo.cl\/portal\/wp-json\/wp\/v2\/categories?post=20832"},{"taxonomy":"post_tag","embeddable":true,"href":"https:\/\/eltrabajo.cl\/portal\/wp-json\/wp\/v2\/tags?post=20832"}],"curies":[{"name":"wp","href":"https:\/\/api.w.org\/{rel}","templated":true}]}}