{"id":20836,"date":"2012-07-18T10:17:42","date_gmt":"2012-07-18T14:17:42","guid":{"rendered":"http:\/\/www.eltrabajo.cl\/portal\/?p=20836"},"modified":"2012-07-18T10:17:42","modified_gmt":"2012-07-18T14:17:42","slug":"heroica-accion-de-carabineros-evita-que-fuego-consumiera-una-vivienda","status":"publish","type":"post","link":"https:\/\/eltrabajo.cl\/portal\/heroica-accion-de-carabineros-evita-que-fuego-consumiera-una-vivienda\/","title":{"rendered":"Heroica acci\u00f3n de Carabineros evita que fuego consumiera una vivienda"},"content":{"rendered":"<figure id=\"attachment_20838\" aria-describedby=\"caption-attachment-20838\" style=\"width: 300px\" class=\"wp-caption alignleft\"><a href=\"http:\/\/www.eltrabajo.cl\/portal\/2012\/07\/heroica-accion-de-carabineros-evita-que-fuego-consumiera-una-vivienda\/amago-de-incendio-5\/\" rel=\"attachment wp-att-20838\"><img data-recalc-dims=\"1\" loading=\"lazy\" decoding=\"async\" class=\"size-medium wp-image-20838\" title=\"amago de incendio (5)\" src=\"https:\/\/i0.wp.com\/www.eltrabajo.cl\/portal\/wp-content\/uploads\/2012\/07\/amago-de-incendio-5-300x225.jpg?resize=300%2C225\" alt=\"\" width=\"300\" height=\"225\" srcset=\"https:\/\/i0.wp.com\/eltrabajo.cl\/portal\/wp-content\/uploads\/2012\/07\/amago-de-incendio-5.jpg?resize=300%2C225&amp;ssl=1 300w, https:\/\/i0.wp.com\/eltrabajo.cl\/portal\/wp-content\/uploads\/2012\/07\/amago-de-incendio-5.jpg?resize=200%2C150&amp;ssl=1 200w, https:\/\/i0.wp.com\/eltrabajo.cl\/portal\/wp-content\/uploads\/2012\/07\/amago-de-incendio-5.jpg?resize=150%2C112&amp;ssl=1 150w, https:\/\/i0.wp.com\/eltrabajo.cl\/portal\/wp-content\/uploads\/2012\/07\/amago-de-incendio-5.jpg?resize=400%2C300&amp;ssl=1 400w, https:\/\/i0.wp.com\/eltrabajo.cl\/portal\/wp-content\/uploads\/2012\/07\/amago-de-incendio-5.jpg?w=600&amp;ssl=1 600w\" sizes=\"auto, (max-width: 300px) 100vw, 300px\" \/><\/a><figcaption id=\"caption-attachment-20838\" class=\"wp-caption-text\">Germ\u00e1n Olivi e Isabel Riffo resultaron ilesos, en tanto la vivienda sufri\u00f3 da\u00f1os menores en el \u00e1rea del techo.<\/figcaption><\/figure>\n<p><strong>PUTAENDO<\/strong>.- La noche de este lunes, pasadas las 22:50 horas, se dio la alerta de un incendio de car\u00e1cter estructural en el sector de Quebrada Herrera, en una vivienda de material ligero en las cercan\u00edas del ret\u00e9n de Carabineros del citado sector, donde dos efectivos policiales jugaron un rol protag\u00f3nico al lograr en forma heroica impedir que el incendio se desatara cuando ya las llamas comenzaban a expandirse por toda la vivienda.<\/p>\n<p>El Cabo Primero Jos\u00e9 Riquelme Bejar, que se encontraba de guardia, y el carabinero Christian Godoy San Mart\u00edn, que se encontraba de franco en la unidad, llegaron r\u00e1pidamente al lugar y rompieron parte del cielo de la casa para mediante una manguera comenzar a apagar las llamas que amenazaban con propagarse, mientras sacaban del lugar al matrimonio de adultos mayores que en ese momento estaban en estado de shock, ya que la vivienda se llen\u00f3 por completo de humo por algunos minutos.<\/p>\n<p>La vivienda de propiedad de la pareja de adultos mayores identificados como Germ\u00e1n Olivi e Isabel Riffo, result\u00f3 con da\u00f1os menores en el \u00e1rea del techo de la vivienda, y durante la emergencia no se registraron personas lesionadas.<\/p>\n<figure id=\"attachment_20837\" aria-describedby=\"caption-attachment-20837\" style=\"width: 300px\" class=\"wp-caption alignright\"><a href=\"http:\/\/www.eltrabajo.cl\/portal\/2012\/07\/heroica-accion-de-carabineros-evita-que-fuego-consumiera-una-vivienda\/amago-de-incendio-1\/\" rel=\"attachment wp-att-20837\"><img data-recalc-dims=\"1\" loading=\"lazy\" decoding=\"async\" class=\"size-medium wp-image-20837\" title=\"amago de incendio (1)\" src=\"https:\/\/i0.wp.com\/www.eltrabajo.cl\/portal\/wp-content\/uploads\/2012\/07\/amago-de-incendio-1-300x225.jpg?resize=300%2C225\" alt=\"\" width=\"300\" height=\"225\" srcset=\"https:\/\/i0.wp.com\/eltrabajo.cl\/portal\/wp-content\/uploads\/2012\/07\/amago-de-incendio-1.jpg?resize=300%2C225&amp;ssl=1 300w, https:\/\/i0.wp.com\/eltrabajo.cl\/portal\/wp-content\/uploads\/2012\/07\/amago-de-incendio-1.jpg?resize=200%2C150&amp;ssl=1 200w, https:\/\/i0.wp.com\/eltrabajo.cl\/portal\/wp-content\/uploads\/2012\/07\/amago-de-incendio-1.jpg?resize=150%2C112&amp;ssl=1 150w, https:\/\/i0.wp.com\/eltrabajo.cl\/portal\/wp-content\/uploads\/2012\/07\/amago-de-incendio-1.jpg?resize=400%2C300&amp;ssl=1 400w, https:\/\/i0.wp.com\/eltrabajo.cl\/portal\/wp-content\/uploads\/2012\/07\/amago-de-incendio-1.jpg?w=600&amp;ssl=1 600w\" sizes=\"auto, (max-width: 300px) 100vw, 300px\" \/><\/a><figcaption id=\"caption-attachment-20837\" class=\"wp-caption-text\">Los funcionarios policiales rompieron parte del cielo de la casa y mediante una manguera comenzaron a apagar las llamas que amenazaban con propagarse.<\/figcaption><\/figure>\n<p>En lo que respecta a las causas de esta emergencia, el Comandante del Cuerpo de Bomberos de Putaendo, Luis Sep\u00falveda Hidalgo, se\u00f1al\u00f3 que el inicio del siniestro se origin\u00f3 luego que se volcara una estufa a parafina, la que cay\u00f3 en una mesa que ten\u00eda encima c\u00e1scaras de nueces, lo que habr\u00eda comenzado a propagarse. Afortunadamente la r\u00e1pida intervenci\u00f3n del personal policial de Quebrada Herrera, unido a la de los propietarios de la vivienda, vecinos y por supuesto la labor de Bomberos de Putaendo, la situaci\u00f3n logr\u00f3 ser controlada en corto tiempo.<\/p>\n<p>El Cabo 1\u00ba Riquelme del Ret\u00e9n de Carabineros de Quebrada Herrera, indic\u00f3 que vecinos concurrieron hasta el ret\u00e9n para informar de la situaci\u00f3n, llegando raudamente hasta la vivienda que se encontraba pr\u00f3xima al destacamento policial para ayudar a evitar la propagaci\u00f3n del amago del incendio, se\u00f1alando adem\u00e1s que en un momento se vivi\u00f3 una situaci\u00f3n ca\u00f3tica en la que nadie avis\u00f3 sobre la emergencia a personal de Bomberos.<\/p>\n<p>La propietaria de la vivienda, Isabel Riffo, en conversaci\u00f3n con Diario El Trabajo agreg\u00f3 que ella junto a su esposo sacaron la estufa a parafina para proceder a apagarla, dej\u00e1ndola encima de un \u2018banco\u2019, a lo que aparentemente un animal la habr\u00eda botado, agradeciendo a personal de Carabineros de Quebrada Herrera y a Bomberos de Putaendo.<\/p>\n<p>Patricio Gallardo M.<\/p>\n<p>&nbsp;<\/p>\n","protected":false},"excerpt":{"rendered":"<p>PUTAENDO.- La noche de este lunes, pasadas las 22:50 horas, se dio la alerta de un incendio de car\u00e1cter estructural en el sector de Quebrada Herrera, en una vivienda de material ligero&#8230;<\/p>\n","protected":false},"author":482,"featured_media":20838,"comment_status":"open","ping_status":"closed","sticky":false,"template":"","format":"standard","meta":{"advanced_seo_description":"","jetpack_seo_html_title":"","jetpack_seo_noindex":false,"_jetpack_memberships_contains_paid_content":false,"footnotes":""},"categories":[21],"tags":[],"class_list":["post-20836","post","type-post","status-publish","format-standard","has-post-thumbnail","hentry","category-policial"],"jetpack_featured_media_url":"https:\/\/i0.wp.com\/eltrabajo.cl\/portal\/wp-content\/uploads\/2012\/07\/amago-de-incendio-5.jpg?fit=600%2C451&ssl=1","jetpack_sharing_enabled":true,"jetpack_likes_enabled":true,"jetpack-related-posts":[],"_links":{"self":[{"href":"https:\/\/eltrabajo.cl\/portal\/wp-json\/wp\/v2\/posts\/20836","targetHints":{"allow":["GET"]}}],"collection":[{"href":"https:\/\/eltrabajo.cl\/portal\/wp-json\/wp\/v2\/posts"}],"about":[{"href":"https:\/\/eltrabajo.cl\/portal\/wp-json\/wp\/v2\/types\/post"}],"author":[{"embeddable":true,"href":"https:\/\/eltrabajo.cl\/portal\/wp-json\/wp\/v2\/users\/482"}],"replies":[{"embeddable":true,"href":"https:\/\/eltrabajo.cl\/portal\/wp-json\/wp\/v2\/comments?post=20836"}],"version-history":[{"count":0,"href":"https:\/\/eltrabajo.cl\/portal\/wp-json\/wp\/v2\/posts\/20836\/revisions"}],"wp:featuredmedia":[{"embeddable":true,"href":"https:\/\/eltrabajo.cl\/portal\/wp-json\/wp\/v2\/media\/20838"}],"wp:attachment":[{"href":"https:\/\/eltrabajo.cl\/portal\/wp-json\/wp\/v2\/media?parent=20836"}],"wp:term":[{"taxonomy":"category","embeddable":true,"href":"https:\/\/eltrabajo.cl\/portal\/wp-json\/wp\/v2\/categories?post=20836"},{"taxonomy":"post_tag","embeddable":true,"href":"https:\/\/eltrabajo.cl\/portal\/wp-json\/wp\/v2\/tags?post=20836"}],"curies":[{"name":"wp","href":"https:\/\/api.w.org\/{rel}","templated":true}]}}