{"id":20841,"date":"2012-07-18T10:19:53","date_gmt":"2012-07-18T14:19:53","guid":{"rendered":"http:\/\/www.eltrabajo.cl\/portal\/?p=20841"},"modified":"2012-07-18T10:19:53","modified_gmt":"2012-07-18T14:19:53","slug":"diez-detenidos-por-conducir-en-estado-de-ebriedad-durante-largo-fin-de-semana","status":"publish","type":"post","link":"https:\/\/eltrabajo.cl\/portal\/diez-detenidos-por-conducir-en-estado-de-ebriedad-durante-largo-fin-de-semana\/","title":{"rendered":"Diez detenidos por conducir en estado de ebriedad durante largo fin de semana"},"content":{"rendered":"<figure id=\"attachment_20842\" aria-describedby=\"caption-attachment-20842\" style=\"width: 300px\" class=\"wp-caption alignleft\"><a href=\"http:\/\/www.eltrabajo.cl\/portal\/2012\/07\/diez-detenidos-por-conducir-en-estado-de-ebriedad-durante-largo-fin-de-semana\/mayor-arancibia-4\/\" rel=\"attachment wp-att-20842\"><img data-recalc-dims=\"1\" loading=\"lazy\" decoding=\"async\" class=\"size-medium wp-image-20842\" title=\"mayor arancibia\" src=\"https:\/\/i0.wp.com\/www.eltrabajo.cl\/portal\/wp-content\/uploads\/2012\/07\/mayor-arancibia-300x229.jpg?resize=300%2C229\" alt=\"\" width=\"300\" height=\"229\" srcset=\"https:\/\/i0.wp.com\/eltrabajo.cl\/portal\/wp-content\/uploads\/2012\/07\/mayor-arancibia.jpg?resize=300%2C229&amp;ssl=1 300w, https:\/\/i0.wp.com\/eltrabajo.cl\/portal\/wp-content\/uploads\/2012\/07\/mayor-arancibia.jpg?resize=196%2C150&amp;ssl=1 196w, https:\/\/i0.wp.com\/eltrabajo.cl\/portal\/wp-content\/uploads\/2012\/07\/mayor-arancibia.jpg?resize=150%2C114&amp;ssl=1 150w, https:\/\/i0.wp.com\/eltrabajo.cl\/portal\/wp-content\/uploads\/2012\/07\/mayor-arancibia.jpg?resize=400%2C305&amp;ssl=1 400w, https:\/\/i0.wp.com\/eltrabajo.cl\/portal\/wp-content\/uploads\/2012\/07\/mayor-arancibia.jpg?w=600&amp;ssl=1 600w\" sizes=\"auto, (max-width: 300px) 100vw, 300px\" \/><\/a><figcaption id=\"caption-attachment-20842\" class=\"wp-caption-text\">El Mayor Marcelo Arancibia calific\u00f3 como positivo el balance realizado luego del fin de semana reci\u00e9n pasado, ya que no se registraron hechos de gravedad.<\/figcaption><\/figure>\n<p>Carabineros realiz\u00f3 exhaustivos controles vehiculares en distintos sectores de la comuna durante el fin de semana largo, los que arrojaron una importante cantidad de personas detenidas por conducir en estado de ebriedad.<\/p>\n<p>Seg\u00fan inform\u00f3 el Comisario de Carabineros, Mayor Marcelo Arancibia, durante los tres d\u00edas que dur\u00f3 el fin de semana se fiscaliz\u00f3 a 10 personas por conducir en estado de ebriedad, las que fueron detenidas y los antecedentes entregados a la Fiscal\u00eda de San Felipe.<\/p>\n<p>\u201cEsto se suma a toda la labor preventiva que tenemos nosotros los carabineros con el p\u00fablico, con la finalidad de evitar que, primero, se siga conduciendo de esta forma; dos, evitar accidentes y que terceras personas salgan afectadas por los irresponsables que lo hacen en este estado; y tres, seguir con esta campa\u00f1a que como Carabineros de Chile estamos posicionados para evitar cualquier tipo de accidente que la causa basal sea la ingesta de bebidas alcoh\u00f3licas\u201d.<\/p>\n<p>Seg\u00fan explic\u00f3 el uniformado, semanalmente se est\u00e1n realizando seguimientos de los casos de personas detenidas y realizando estad\u00edsticas que permitan comparar los casos que se han presentado desde que entr\u00f3 en vigencia la normativa conocida como Tolerancia Cero, informaci\u00f3n que demuestra una disminuci\u00f3n, por ejemplo de accidentes de tr\u00e1nsito de gravedad durante la \u00faltima semana en la zona, producto de personas que manejan en estado de ebriedad, lo que entrega un balance positivo sobre la aplicaci\u00f3n de la norma.<\/p>\n<p><strong>LLAMADO A LOS CONDUCTORES POR ROBOS<\/strong><\/p>\n<p>Adem\u00e1s el oficial hizo un llamado a los conductores que dejan sus veh\u00edculos estacionados en el sector c\u00e9ntrico, a no dejar objetos de valor a la vista de los transe\u00fantes, ya que de esa manera llaman la atenci\u00f3n de los \u2018amigos de lo ajeno\u2019 y pueden sufrir el robo de distintas especies.<\/p>\n<p>\u201cNo dejar los paneles de las radios desmontables, ni notebook, ni computadores, ni ninguna especie que sea atractiva para el delincuente\u201d.<\/p>\n<p>Estas son medidas de autoprotecci\u00f3n que pueden aplicar las personas para evitar por una parte que los antisociales da\u00f1en el veh\u00edculo al tratar de abrirlo y luego le sustraigan objetos de valor desde el interior.<\/p>\n<p>&nbsp;<\/p>\n","protected":false},"excerpt":{"rendered":"<p>Carabineros realiz\u00f3 exhaustivos controles vehiculares en distintos sectores de la comuna durante el fin de semana largo, los que arrojaron una importante cantidad de personas detenidas por conducir en estado de ebriedad&#8230;.<\/p>\n","protected":false},"author":482,"featured_media":20842,"comment_status":"open","ping_status":"closed","sticky":false,"template":"","format":"standard","meta":{"advanced_seo_description":"","jetpack_seo_html_title":"","jetpack_seo_noindex":false,"_jetpack_memberships_contains_paid_content":false,"footnotes":""},"categories":[21],"tags":[],"class_list":["post-20841","post","type-post","status-publish","format-standard","has-post-thumbnail","hentry","category-policial"],"jetpack_featured_media_url":"https:\/\/i0.wp.com\/eltrabajo.cl\/portal\/wp-content\/uploads\/2012\/07\/mayor-arancibia.jpg?fit=600%2C458&ssl=1","jetpack_sharing_enabled":true,"jetpack_likes_enabled":true,"jetpack-related-posts":[],"_links":{"self":[{"href":"https:\/\/eltrabajo.cl\/portal\/wp-json\/wp\/v2\/posts\/20841","targetHints":{"allow":["GET"]}}],"collection":[{"href":"https:\/\/eltrabajo.cl\/portal\/wp-json\/wp\/v2\/posts"}],"about":[{"href":"https:\/\/eltrabajo.cl\/portal\/wp-json\/wp\/v2\/types\/post"}],"author":[{"embeddable":true,"href":"https:\/\/eltrabajo.cl\/portal\/wp-json\/wp\/v2\/users\/482"}],"replies":[{"embeddable":true,"href":"https:\/\/eltrabajo.cl\/portal\/wp-json\/wp\/v2\/comments?post=20841"}],"version-history":[{"count":0,"href":"https:\/\/eltrabajo.cl\/portal\/wp-json\/wp\/v2\/posts\/20841\/revisions"}],"wp:featuredmedia":[{"embeddable":true,"href":"https:\/\/eltrabajo.cl\/portal\/wp-json\/wp\/v2\/media\/20842"}],"wp:attachment":[{"href":"https:\/\/eltrabajo.cl\/portal\/wp-json\/wp\/v2\/media?parent=20841"}],"wp:term":[{"taxonomy":"category","embeddable":true,"href":"https:\/\/eltrabajo.cl\/portal\/wp-json\/wp\/v2\/categories?post=20841"},{"taxonomy":"post_tag","embeddable":true,"href":"https:\/\/eltrabajo.cl\/portal\/wp-json\/wp\/v2\/tags?post=20841"}],"curies":[{"name":"wp","href":"https:\/\/api.w.org\/{rel}","templated":true}]}}