{"id":20845,"date":"2012-07-18T10:34:39","date_gmt":"2012-07-18T14:34:39","guid":{"rendered":"http:\/\/www.eltrabajo.cl\/portal\/?p=20845"},"modified":"2012-07-18T10:34:39","modified_gmt":"2012-07-18T14:34:39","slug":"manifestantes-levantan-barricadas-en-calle-jose-antonio-salinas","status":"publish","type":"post","link":"https:\/\/eltrabajo.cl\/portal\/manifestantes-levantan-barricadas-en-calle-jose-antonio-salinas\/","title":{"rendered":"Manifestantes levantan barricadas en calle Jos\u00e9 Antonio Salinas"},"content":{"rendered":"<figure id=\"attachment_20847\" aria-describedby=\"caption-attachment-20847\" style=\"width: 600px\" class=\"wp-caption alignnone\"><a href=\"http:\/\/www.eltrabajo.cl\/portal\/2012\/07\/manifestantes-levantan-barricadas-en-calle-jose-antonio-salinas\/barricadas-8\/\" rel=\"attachment wp-att-20847\"><img data-recalc-dims=\"1\" loading=\"lazy\" decoding=\"async\" class=\"size-full wp-image-20847\" title=\"barricadas (8)\" src=\"https:\/\/i0.wp.com\/www.eltrabajo.cl\/portal\/wp-content\/uploads\/2012\/07\/barricadas-8.jpg?resize=600%2C450\" alt=\"\" width=\"600\" height=\"450\" srcset=\"https:\/\/i0.wp.com\/eltrabajo.cl\/portal\/wp-content\/uploads\/2012\/07\/barricadas-8.jpg?w=600&amp;ssl=1 600w, https:\/\/i0.wp.com\/eltrabajo.cl\/portal\/wp-content\/uploads\/2012\/07\/barricadas-8.jpg?resize=200%2C150&amp;ssl=1 200w, https:\/\/i0.wp.com\/eltrabajo.cl\/portal\/wp-content\/uploads\/2012\/07\/barricadas-8.jpg?resize=300%2C225&amp;ssl=1 300w, https:\/\/i0.wp.com\/eltrabajo.cl\/portal\/wp-content\/uploads\/2012\/07\/barricadas-8.jpg?resize=150%2C112&amp;ssl=1 150w, https:\/\/i0.wp.com\/eltrabajo.cl\/portal\/wp-content\/uploads\/2012\/07\/barricadas-8.jpg?resize=400%2C300&amp;ssl=1 400w\" sizes=\"auto, (max-width: 600px) 100vw, 600px\" \/><\/a><figcaption id=\"caption-attachment-20847\" class=\"wp-caption-text\">Los j\u00f3venes levantaron barricadas con neum\u00e1ticos y piedras evitando el tr\u00e1nsito vehicular.<\/figcaption><\/figure>\n<ul>\n<li><strong>Vecinas molestas denuncian violencia por parte de Carabineros<\/strong><\/li>\n<\/ul>\n<p><strong>PUTAENDO.-<\/strong> Un grupo de alrededor de 15 manifestantes levantaron barricadas en calle Jos\u00e9 Antonio Salinas a la altura del Cementerio Parroquial de Putaendo la madrugada de ayer. Gran cantidad de piedras y neum\u00e1ticos en llamas obstaculizaron el tr\u00e1nsito en la citada arteria.<\/p>\n<p>Nuestro medio estuvo en el lugar donde a eso de las 23:35 horas del lunes, los manifestantes levantaron adem\u00e1s carteles con las consignas\u00a0\u2018Putaendo sin Hidroel\u00e9ctricas\u2019, \u2018Los j\u00f3venes luchamos hasta el final\u2019 y \u2018Putaendo no se vende\u2019.<\/p>\n<figure id=\"attachment_20846\" aria-describedby=\"caption-attachment-20846\" style=\"width: 300px\" class=\"wp-caption alignright\"><a href=\"http:\/\/www.eltrabajo.cl\/portal\/2012\/07\/manifestantes-levantan-barricadas-en-calle-jose-antonio-salinas\/barricadas-15\/\" rel=\"attachment wp-att-20846\"><img data-recalc-dims=\"1\" loading=\"lazy\" decoding=\"async\" class=\"size-medium wp-image-20846\" title=\"barricadas (15)\" src=\"https:\/\/i0.wp.com\/www.eltrabajo.cl\/portal\/wp-content\/uploads\/2012\/07\/barricadas-15-300x225.jpg?resize=300%2C225\" alt=\"\" width=\"300\" height=\"225\" srcset=\"https:\/\/i0.wp.com\/eltrabajo.cl\/portal\/wp-content\/uploads\/2012\/07\/barricadas-15.jpg?resize=300%2C225&amp;ssl=1 300w, https:\/\/i0.wp.com\/eltrabajo.cl\/portal\/wp-content\/uploads\/2012\/07\/barricadas-15.jpg?resize=200%2C150&amp;ssl=1 200w, https:\/\/i0.wp.com\/eltrabajo.cl\/portal\/wp-content\/uploads\/2012\/07\/barricadas-15.jpg?resize=150%2C112&amp;ssl=1 150w, https:\/\/i0.wp.com\/eltrabajo.cl\/portal\/wp-content\/uploads\/2012\/07\/barricadas-15.jpg?resize=400%2C300&amp;ssl=1 400w, https:\/\/i0.wp.com\/eltrabajo.cl\/portal\/wp-content\/uploads\/2012\/07\/barricadas-15.jpg?w=600&amp;ssl=1 600w\" sizes=\"auto, (max-width: 300px) 100vw, 300px\" \/><\/a><figcaption id=\"caption-attachment-20846\" class=\"wp-caption-text\">Un grupo de mujeres se abalanzaron sobre el veh\u00edculo policial para evitar que el menor de 14 a\u00f1os fuese trasladado a la unidad policial.<\/figcaption><\/figure>\n<p>A eso de las 23:54 horas, un veh\u00edculo de Carabineros con sus balizas apagadas lleg\u00f3 al lugar, logrando traspasar las barricadas y esquivando las piedras inici\u00f3 una persecuci\u00f3n de los manifestantes que se retiraron hacia distintos sectores aleda\u00f1os, momento en el cual los efectivos policiales ingresaron al Pasaje El Sauce de la Villa Los Olivos, detr\u00e1s de un joven que logr\u00f3 ingresar a su vivienda, a la cual seg\u00fan familiares y vecinos, Carabineros habr\u00eda ingresado a viva fuerza al inmueble, donde los propietarios aseguran que no fueron autorizados, sacando desde el interior al menor de 14 a\u00f1os identificado como G.P.V., el que seg\u00fan familiares no estaba participando en las manifestaciones y que al ver que todos hu\u00edan, se habr\u00eda asustado y habr\u00eda corrido hacia su domicilio.<\/p>\n<p>Alrededor de las 23:54 horas lleg\u00f3 un veh\u00edculo de Carabineros con sus balizas apagadas, logrando traspasar las barricadas y esquivando las piedras inici\u00f3 una persecuci\u00f3n de los manifestantes que se retiraron hacia distintos sectores aleda\u00f1os, momento en el cual los efectivos policiales ingresaron al Pasaje El Sauce de la Villa Los Olivos detr\u00e1s de un joven, el que habr\u00eda logrado ingresar a su vivienda, y donde seg\u00fan familiares y vecinos, Carabineros ingres\u00f3 a viva fuerza al inmueble, sacando desde el interior al menor de 14 a\u00f1os identificado como Gerardo P.V, el que seg\u00fan familiares no estaba participando en las manifestaciones, y que al ver que todos hu\u00edan se habr\u00eda asustado y habr\u00eda corrido hacia su casa.<\/p>\n<figure id=\"attachment_20848\" aria-describedby=\"caption-attachment-20848\" style=\"width: 300px\" class=\"wp-caption alignleft\"><a href=\"http:\/\/www.eltrabajo.cl\/portal\/2012\/07\/manifestantes-levantan-barricadas-en-calle-jose-antonio-salinas\/barricadas-11\/\" rel=\"attachment wp-att-20848\"><img data-recalc-dims=\"1\" loading=\"lazy\" decoding=\"async\" class=\"size-medium wp-image-20848\" title=\"barricadas (11)\" src=\"https:\/\/i0.wp.com\/www.eltrabajo.cl\/portal\/wp-content\/uploads\/2012\/07\/barricadas-11-300x225.jpg?resize=300%2C225\" alt=\"\" width=\"300\" height=\"225\" srcset=\"https:\/\/i0.wp.com\/eltrabajo.cl\/portal\/wp-content\/uploads\/2012\/07\/barricadas-11.jpg?resize=300%2C225&amp;ssl=1 300w, https:\/\/i0.wp.com\/eltrabajo.cl\/portal\/wp-content\/uploads\/2012\/07\/barricadas-11.jpg?resize=200%2C150&amp;ssl=1 200w, https:\/\/i0.wp.com\/eltrabajo.cl\/portal\/wp-content\/uploads\/2012\/07\/barricadas-11.jpg?resize=150%2C112&amp;ssl=1 150w, https:\/\/i0.wp.com\/eltrabajo.cl\/portal\/wp-content\/uploads\/2012\/07\/barricadas-11.jpg?resize=400%2C300&amp;ssl=1 400w, https:\/\/i0.wp.com\/eltrabajo.cl\/portal\/wp-content\/uploads\/2012\/07\/barricadas-11.jpg?w=600&amp;ssl=1 600w\" sizes=\"auto, (max-width: 300px) 100vw, 300px\" \/><\/a><figcaption id=\"caption-attachment-20848\" class=\"wp-caption-text\">En la ocasi\u00f3n se vivieron momentos de extrema tensi\u00f3n cuando funcionarios policiales proced\u00edan al arresto de un menor de edad, el que habr\u00eda sido sacado a viva fuerza de su domicilio.<\/figcaption><\/figure>\n<p><strong>TENSI\u00d3N EXTREMA<\/strong><\/p>\n<p>Momentos de extrema tensi\u00f3n se vivieron cuando familiares y mujeres se abalanzaron sobre el veh\u00edculo policial para evitar que el menor de 14 a\u00f1os fuese trasladado a la unidad policial. Los micr\u00f3fonos de Radio FM Vida transmitieron en directo el tenso di\u00e1logo, donde incluso una mujer embarazada aseguraba que se le intent\u00f3 atropellar por parte de los efectivos policiales, ocasi\u00f3n en la cual un carabinero debi\u00f3 colocarse en la parte trasera del veh\u00edculo mientras el conductor realizaba maniobras para zafarse de los manifestantes y retirarse marcha atr\u00e1s, saliendo por el sector de Sahond\u00e9 en direcci\u00f3n a calle Buin.<\/p>\n<p>A eso de la 01:20 de la madrugada, el menor fue dejado en libertad y entregado a sus padres, los que se mostraron indignados por el actuar y la violencia de Carabineros de Putaendo.<\/p>\n<p><strong>MALESTAR CONTRA ALCALDE REYES<\/strong><\/p>\n<p>Molestia hab\u00eda entre parte de los manifestantes, especialmente mujeres, quienes criticaron duramente al Alcalde Guillermo Reyes, asegurando que fue \u00e9l quien llam\u00f3 a tomarse los caminos y levantar barricadas, y que seguramente a esa hora estaba en su casa\u00a0\u201cabrigadito y arropado\u201d\u00a0mientras ellos luchaban en la calle y eran v\u00edctimas de la violencia policial, lo que fue compartido por varios vecinos que estaban en el lugar, quienes indicaron que el alcalde\u00a0\u201cse lav\u00f3 las manos como Pilatos\u201d.<\/p>\n<p>Las barricadas permanecieron encendidas hasta bien avanzada la madrugada. Los manifestantes ya adelantaron que se incrementar\u00e1n las manifestaciones durante los pr\u00f3ximos d\u00edas.<\/p>\n<p><strong>Patricio Gallardo M.<\/strong><\/p>\n<p>&nbsp;<\/p>\n","protected":false},"excerpt":{"rendered":"<p>Vecinas molestas denuncian violencia por parte de Carabineros PUTAENDO.- Un grupo de alrededor de 15 manifestantes levantaron barricadas en calle Jos\u00e9 Antonio Salinas a la altura del Cementerio Parroquial de Putaendo la&#8230;<\/p>\n","protected":false},"author":482,"featured_media":20847,"comment_status":"open","ping_status":"closed","sticky":false,"template":"","format":"standard","meta":{"advanced_seo_description":"","jetpack_seo_html_title":"","jetpack_seo_noindex":false,"_jetpack_memberships_contains_paid_content":false,"footnotes":""},"categories":[21],"tags":[],"class_list":["post-20845","post","type-post","status-publish","format-standard","has-post-thumbnail","hentry","category-policial"],"jetpack_featured_media_url":"https:\/\/i0.wp.com\/eltrabajo.cl\/portal\/wp-content\/uploads\/2012\/07\/barricadas-8.jpg?fit=600%2C450&ssl=1","jetpack_sharing_enabled":true,"jetpack_likes_enabled":true,"jetpack-related-posts":[],"_links":{"self":[{"href":"https:\/\/eltrabajo.cl\/portal\/wp-json\/wp\/v2\/posts\/20845","targetHints":{"allow":["GET"]}}],"collection":[{"href":"https:\/\/eltrabajo.cl\/portal\/wp-json\/wp\/v2\/posts"}],"about":[{"href":"https:\/\/eltrabajo.cl\/portal\/wp-json\/wp\/v2\/types\/post"}],"author":[{"embeddable":true,"href":"https:\/\/eltrabajo.cl\/portal\/wp-json\/wp\/v2\/users\/482"}],"replies":[{"embeddable":true,"href":"https:\/\/eltrabajo.cl\/portal\/wp-json\/wp\/v2\/comments?post=20845"}],"version-history":[{"count":0,"href":"https:\/\/eltrabajo.cl\/portal\/wp-json\/wp\/v2\/posts\/20845\/revisions"}],"wp:featuredmedia":[{"embeddable":true,"href":"https:\/\/eltrabajo.cl\/portal\/wp-json\/wp\/v2\/media\/20847"}],"wp:attachment":[{"href":"https:\/\/eltrabajo.cl\/portal\/wp-json\/wp\/v2\/media?parent=20845"}],"wp:term":[{"taxonomy":"category","embeddable":true,"href":"https:\/\/eltrabajo.cl\/portal\/wp-json\/wp\/v2\/categories?post=20845"},{"taxonomy":"post_tag","embeddable":true,"href":"https:\/\/eltrabajo.cl\/portal\/wp-json\/wp\/v2\/tags?post=20845"}],"curies":[{"name":"wp","href":"https:\/\/api.w.org\/{rel}","templated":true}]}}