{"id":20855,"date":"2012-07-18T10:37:49","date_gmt":"2012-07-18T14:37:49","guid":{"rendered":"http:\/\/www.eltrabajo.cl\/portal\/?p=20855"},"modified":"2012-07-18T10:37:49","modified_gmt":"2012-07-18T14:37:49","slug":"detienen-a-mujer-que-ingreso-sin-autorizacion-a-casa-de-su-ex-pololo","status":"publish","type":"post","link":"https:\/\/eltrabajo.cl\/portal\/detienen-a-mujer-que-ingreso-sin-autorizacion-a-casa-de-su-ex-pololo\/","title":{"rendered":"Detienen a mujer que ingres\u00f3 sin autorizaci\u00f3n a casa de su ex pololo"},"content":{"rendered":"<figure id=\"attachment_20856\" aria-describedby=\"caption-attachment-20856\" style=\"width: 300px\" class=\"wp-caption alignleft\"><a href=\"http:\/\/www.eltrabajo.cl\/portal\/2012\/07\/detienen-a-mujer-que-ingreso-sin-autorizacion-a-casa-de-su-ex-pololo\/imputada-violacion-morada\/\" rel=\"attachment wp-att-20856\"><img data-recalc-dims=\"1\" loading=\"lazy\" decoding=\"async\" class=\"size-medium wp-image-20856\" title=\"Imputada Violacion morada\" src=\"https:\/\/i0.wp.com\/www.eltrabajo.cl\/portal\/wp-content\/uploads\/2012\/07\/Imputada-Violacion-morada-300x225.jpg?resize=300%2C225\" alt=\"\" width=\"300\" height=\"225\" srcset=\"https:\/\/i0.wp.com\/eltrabajo.cl\/portal\/wp-content\/uploads\/2012\/07\/Imputada-Violacion-morada.jpg?resize=300%2C225&amp;ssl=1 300w, https:\/\/i0.wp.com\/eltrabajo.cl\/portal\/wp-content\/uploads\/2012\/07\/Imputada-Violacion-morada.jpg?resize=200%2C150&amp;ssl=1 200w, https:\/\/i0.wp.com\/eltrabajo.cl\/portal\/wp-content\/uploads\/2012\/07\/Imputada-Violacion-morada.jpg?resize=150%2C112&amp;ssl=1 150w, https:\/\/i0.wp.com\/eltrabajo.cl\/portal\/wp-content\/uploads\/2012\/07\/Imputada-Violacion-morada.jpg?resize=400%2C300&amp;ssl=1 400w, https:\/\/i0.wp.com\/eltrabajo.cl\/portal\/wp-content\/uploads\/2012\/07\/Imputada-Violacion-morada.jpg?w=600&amp;ssl=1 600w\" sizes=\"auto, (max-width: 300px) 100vw, 300px\" \/><\/a><figcaption id=\"caption-attachment-20856\" class=\"wp-caption-text\">La mujer no acept\u00f3 la suspensi\u00f3n condicional del proceso, por lo que se iniciar\u00e1 una investigaci\u00f3n dentro de los pr\u00f3ximos 60 d\u00edas.<\/figcaption><\/figure>\n<p>Pablo Salinas Sald\u00edas &#8211; psalinas@eltrabajo.cl<\/p>\n<p>Sentada en el living de la casa de su ex pololo y con el \u00e1nimo de no retirarse porque a su juicio la vivienda le pertenec\u00eda, fue detenida una mujer que ingres\u00f3 de madrugada y sin autorizaci\u00f3n de sus moradores al inmueble en la comuna de Catemu.<\/p>\n<p>La mujer, identificada como Pamela Elvira R.Z., fue formalizada por el Ministerio P\u00fablico de San Felipe luego que la madrugada del s\u00e1bado, alrededor de las 04:25 horas, forz\u00f3 la aldaba del port\u00f3n de la vivienda de su ex pololo quien a esas horas se encontraba junto a sus padres, procediendo a sentarse en el living para manifestarle que no se iba a retirar porque estaba en su casa.<\/p>\n<p>La mujer fue denunciada a Carabineros de esa comuna quienes la debieron retirar de la vivienda por el delito de Violaci\u00f3n de Morada, siendo detenida y trasladada hasta la Unidad Policial.<\/p>\n<p>El Ministerio P\u00fablico le concedi\u00f3 la suspensi\u00f3n condicional del procedimiento, pero la medida no fue aceptada por la imputada, fij\u00e1ndose un plazo de investigaci\u00f3n de 60 d\u00edas decretado por el Magistrado Leopoldo Soto.<\/p>\n","protected":false},"excerpt":{"rendered":"<p>Pablo Salinas Sald\u00edas &#8211; psalinas@eltrabajo.cl Sentada en el living de la casa de su ex pololo y con el \u00e1nimo de no retirarse porque a su juicio la vivienda le pertenec\u00eda, fue&#8230;<\/p>\n","protected":false},"author":482,"featured_media":20856,"comment_status":"open","ping_status":"closed","sticky":false,"template":"","format":"standard","meta":{"advanced_seo_description":"","jetpack_seo_html_title":"","jetpack_seo_noindex":false,"_jetpack_memberships_contains_paid_content":false,"footnotes":""},"categories":[21],"tags":[],"class_list":["post-20855","post","type-post","status-publish","format-standard","has-post-thumbnail","hentry","category-policial"],"jetpack_featured_media_url":"https:\/\/i0.wp.com\/eltrabajo.cl\/portal\/wp-content\/uploads\/2012\/07\/Imputada-Violacion-morada.jpg?fit=600%2C450&ssl=1","jetpack_sharing_enabled":true,"jetpack_likes_enabled":true,"jetpack-related-posts":[],"_links":{"self":[{"href":"https:\/\/eltrabajo.cl\/portal\/wp-json\/wp\/v2\/posts\/20855","targetHints":{"allow":["GET"]}}],"collection":[{"href":"https:\/\/eltrabajo.cl\/portal\/wp-json\/wp\/v2\/posts"}],"about":[{"href":"https:\/\/eltrabajo.cl\/portal\/wp-json\/wp\/v2\/types\/post"}],"author":[{"embeddable":true,"href":"https:\/\/eltrabajo.cl\/portal\/wp-json\/wp\/v2\/users\/482"}],"replies":[{"embeddable":true,"href":"https:\/\/eltrabajo.cl\/portal\/wp-json\/wp\/v2\/comments?post=20855"}],"version-history":[{"count":0,"href":"https:\/\/eltrabajo.cl\/portal\/wp-json\/wp\/v2\/posts\/20855\/revisions"}],"wp:featuredmedia":[{"embeddable":true,"href":"https:\/\/eltrabajo.cl\/portal\/wp-json\/wp\/v2\/media\/20856"}],"wp:attachment":[{"href":"https:\/\/eltrabajo.cl\/portal\/wp-json\/wp\/v2\/media?parent=20855"}],"wp:term":[{"taxonomy":"category","embeddable":true,"href":"https:\/\/eltrabajo.cl\/portal\/wp-json\/wp\/v2\/categories?post=20855"},{"taxonomy":"post_tag","embeddable":true,"href":"https:\/\/eltrabajo.cl\/portal\/wp-json\/wp\/v2\/tags?post=20855"}],"curies":[{"name":"wp","href":"https:\/\/api.w.org\/{rel}","templated":true}]}}