{"id":20860,"date":"2012-07-19T09:32:22","date_gmt":"2012-07-19T13:32:22","guid":{"rendered":"http:\/\/www.eltrabajo.cl\/portal\/?p=20860"},"modified":"2012-07-19T09:32:23","modified_gmt":"2012-07-19T13:32:23","slug":"el-duelo-trascendental-entre-el-uni-y-la-uc-ya-empieza-a-vivirse-en-la-ciudad","status":"publish","type":"post","link":"https:\/\/eltrabajo.cl\/portal\/el-duelo-trascendental-entre-el-uni-y-la-uc-ya-empieza-a-vivirse-en-la-ciudad\/","title":{"rendered":"El duelo trascendental entre el Un\u00ed y la UC ya empieza a vivirse en la ciudad"},"content":{"rendered":"<figure id=\"attachment_20861\" aria-describedby=\"caption-attachment-20861\" style=\"width: 600px\" class=\"wp-caption alignnone\"><a href=\"http:\/\/www.eltrabajo.cl\/portal\/2012\/07\/el-duelo-trascendental-entre-el-uni-y-la-uc-ya-empieza-a-vivirse-en-la-ciudad\/sanb-felipe-entrenando\/\" rel=\"attachment wp-att-20861\"><img data-recalc-dims=\"1\" loading=\"lazy\" decoding=\"async\" class=\"size-full wp-image-20861\" title=\"sanb felipe  entrenando\" src=\"https:\/\/i0.wp.com\/www.eltrabajo.cl\/portal\/wp-content\/uploads\/2012\/07\/sanb-felipe-entrenando.jpg?resize=600%2C450\" alt=\"\" width=\"600\" height=\"450\" srcset=\"https:\/\/i0.wp.com\/eltrabajo.cl\/portal\/wp-content\/uploads\/2012\/07\/sanb-felipe-entrenando.jpg?w=600&amp;ssl=1 600w, https:\/\/i0.wp.com\/eltrabajo.cl\/portal\/wp-content\/uploads\/2012\/07\/sanb-felipe-entrenando.jpg?resize=200%2C150&amp;ssl=1 200w, https:\/\/i0.wp.com\/eltrabajo.cl\/portal\/wp-content\/uploads\/2012\/07\/sanb-felipe-entrenando.jpg?resize=300%2C225&amp;ssl=1 300w, https:\/\/i0.wp.com\/eltrabajo.cl\/portal\/wp-content\/uploads\/2012\/07\/sanb-felipe-entrenando.jpg?resize=150%2C112&amp;ssl=1 150w, https:\/\/i0.wp.com\/eltrabajo.cl\/portal\/wp-content\/uploads\/2012\/07\/sanb-felipe-entrenando.jpg?resize=400%2C300&amp;ssl=1 400w\" sizes=\"auto, (max-width: 600px) 100vw, 600px\" \/><\/a><figcaption id=\"caption-attachment-20861\" class=\"wp-caption-text\">Desde el lunes pasado la escuadra sanfelipe\u00f1a entrena bajo las \u00f3rdenes del \u2018Fantasma\u2019 Figueroa.<\/figcaption><\/figure>\n<p>El partido del pr\u00f3ximo domingo entre Uni\u00f3n San Felipe y la Universidad Cat\u00f3lica, no ser\u00e1 un partido cualquiera para ambas escuadras. Por un lado los cruzados buscar\u00e1n en el Municipal seguir mejorando y demostrando con ello que van por el buen camino de la mano del t\u00e9cnico Mart\u00edn Lazarte, el que en la fecha pasada consigui\u00f3 su primer triunfo al mando de la UC.<\/p>\n<p>En tanto en el Un\u00ed, har\u00e1 el debut el t\u00e9cnico Marco Antonio Figueroa. La llegada del \u2018Fantasma\u2019 ha causado revuelo entre la hinchada unionista y todo el valle de Aconcagua (es tema de conversaci\u00f3n obligado), que ve en el arribo de este medi\u00e1tico coach la posibilidad de que los albirrojos puedan mantener la categor\u00eda.<\/p>\n<p>Figueroa ya sum\u00f3 su primera baja para el juego con los cruzados, esa ser\u00e1 la ausencia obligada del volante Juan Toloza, el que con toda seguridad no estar\u00e1 tras la expulsi\u00f3n sufrida en Talca el domingo \u00faltimo, lo que sin duda significar\u00e1 una ausencia importante en la escuadra aconcag\u00fcina, que deber\u00e1 mostrar un cambio sustancial en su actitud y juego que permita hacer so\u00f1ar a sus seguidores que seguir en Primera A es posible.<\/p>\n<p>El que s\u00ed ha tenido buenas noticias es el estratego universitario, ya que la tarde del martes recibieron el alta m\u00e9dica Hans Mart\u00ednez, Alfonso Parot y Gonzalo Sep\u00falveda, a los que podr\u00eda agregarse con toda seguridad el argentino Tomas Costas, que es casi seguro que haga su reestreno con la camiseta de la franja en el coliseo de la Avenida Maip\u00fa. Otro que ir\u00eda desde el arranque contra el Un\u00ed, ser\u00eda el delantero Daud Gazale.<\/p>\n<p>Por otro lado ayer se dieron a conocer los valores de las entradas para el pleito del domingo, estos son: Galer\u00edas Norte y Sur $ 6.000; Andes y Pac\u00edfico $ 8.000; Marquesina $ 12.000. Los horarios y puntos de venta a\u00fan no se conocen y los informaremos en nuestra edici\u00f3n de ma\u00f1ana de El Trabajo Deportivo.<\/p>\n<p>&nbsp;<\/p>\n","protected":false},"excerpt":{"rendered":"<p>El partido del pr\u00f3ximo domingo entre Uni\u00f3n San Felipe y la Universidad Cat\u00f3lica, no ser\u00e1 un partido cualquiera para ambas escuadras. Por un lado los cruzados buscar\u00e1n en el Municipal seguir mejorando&#8230;<\/p>\n","protected":false},"author":482,"featured_media":20861,"comment_status":"open","ping_status":"closed","sticky":false,"template":"","format":"standard","meta":{"advanced_seo_description":"","jetpack_seo_html_title":"","jetpack_seo_noindex":false,"_jetpack_memberships_contains_paid_content":false,"footnotes":""},"categories":[19],"tags":[],"class_list":["post-20860","post","type-post","status-publish","format-standard","has-post-thumbnail","hentry","category-deportes"],"jetpack_featured_media_url":"https:\/\/i0.wp.com\/eltrabajo.cl\/portal\/wp-content\/uploads\/2012\/07\/sanb-felipe-entrenando.jpg?fit=600%2C450&ssl=1","jetpack_sharing_enabled":true,"jetpack_likes_enabled":true,"jetpack-related-posts":[],"_links":{"self":[{"href":"https:\/\/eltrabajo.cl\/portal\/wp-json\/wp\/v2\/posts\/20860","targetHints":{"allow":["GET"]}}],"collection":[{"href":"https:\/\/eltrabajo.cl\/portal\/wp-json\/wp\/v2\/posts"}],"about":[{"href":"https:\/\/eltrabajo.cl\/portal\/wp-json\/wp\/v2\/types\/post"}],"author":[{"embeddable":true,"href":"https:\/\/eltrabajo.cl\/portal\/wp-json\/wp\/v2\/users\/482"}],"replies":[{"embeddable":true,"href":"https:\/\/eltrabajo.cl\/portal\/wp-json\/wp\/v2\/comments?post=20860"}],"version-history":[{"count":0,"href":"https:\/\/eltrabajo.cl\/portal\/wp-json\/wp\/v2\/posts\/20860\/revisions"}],"wp:featuredmedia":[{"embeddable":true,"href":"https:\/\/eltrabajo.cl\/portal\/wp-json\/wp\/v2\/media\/20861"}],"wp:attachment":[{"href":"https:\/\/eltrabajo.cl\/portal\/wp-json\/wp\/v2\/media?parent=20860"}],"wp:term":[{"taxonomy":"category","embeddable":true,"href":"https:\/\/eltrabajo.cl\/portal\/wp-json\/wp\/v2\/categories?post=20860"},{"taxonomy":"post_tag","embeddable":true,"href":"https:\/\/eltrabajo.cl\/portal\/wp-json\/wp\/v2\/tags?post=20860"}],"curies":[{"name":"wp","href":"https:\/\/api.w.org\/{rel}","templated":true}]}}