{"id":20870,"date":"2012-07-19T09:47:19","date_gmt":"2012-07-19T13:47:19","guid":{"rendered":"http:\/\/www.eltrabajo.cl\/portal\/?p=20870"},"modified":"2012-07-19T09:47:19","modified_gmt":"2012-07-19T13:47:19","slug":"servicio-de-salud-firma-convenio-destinado-a-capacitar-a-tecnicos-paramedicos","status":"publish","type":"post","link":"https:\/\/eltrabajo.cl\/portal\/servicio-de-salud-firma-convenio-destinado-a-capacitar-a-tecnicos-paramedicos\/","title":{"rendered":"Servicio de Salud firma convenio destinado a capacitar a T\u00e9cnicos Param\u00e9dicos"},"content":{"rendered":"<figure id=\"attachment_20871\" aria-describedby=\"caption-attachment-20871\" style=\"width: 600px\" class=\"wp-caption alignnone\"><a href=\"http:\/\/www.eltrabajo.cl\/portal\/2012\/07\/servicio-de-salud-firma-convenio-destinado-a-capacitar-a-tecnicos-paramedicos\/firma-convenio-3\/\" rel=\"attachment wp-att-20871\"><img data-recalc-dims=\"1\" loading=\"lazy\" decoding=\"async\" class=\"size-full wp-image-20871\" title=\"firma convenio\" src=\"https:\/\/i0.wp.com\/www.eltrabajo.cl\/portal\/wp-content\/uploads\/2012\/07\/firma-convenio.jpg?resize=600%2C450\" alt=\"\" width=\"600\" height=\"450\" srcset=\"https:\/\/i0.wp.com\/eltrabajo.cl\/portal\/wp-content\/uploads\/2012\/07\/firma-convenio.jpg?w=600&amp;ssl=1 600w, https:\/\/i0.wp.com\/eltrabajo.cl\/portal\/wp-content\/uploads\/2012\/07\/firma-convenio.jpg?resize=200%2C150&amp;ssl=1 200w, https:\/\/i0.wp.com\/eltrabajo.cl\/portal\/wp-content\/uploads\/2012\/07\/firma-convenio.jpg?resize=300%2C225&amp;ssl=1 300w, https:\/\/i0.wp.com\/eltrabajo.cl\/portal\/wp-content\/uploads\/2012\/07\/firma-convenio.jpg?resize=150%2C112&amp;ssl=1 150w, https:\/\/i0.wp.com\/eltrabajo.cl\/portal\/wp-content\/uploads\/2012\/07\/firma-convenio.jpg?resize=400%2C300&amp;ssl=1 400w\" sizes=\"auto, (max-width: 600px) 100vw, 600px\" \/><\/a><figcaption id=\"caption-attachment-20871\" class=\"wp-caption-text\">Este mi\u00e9rcoles el Servicio de Salud Aconcagua, realiz\u00f3 la firma del convenio con el Centro de Formaci\u00f3n T\u00e9cnica de la Universidad de Valpara\u00edso, que permitir\u00e1 nivelar a los T\u00e9cnicos Param\u00e9dicos que trabajan en el servicio.<\/figcaption><\/figure>\n<p>Un importante convenio firm\u00f3 este mi\u00e9rcoles el Servicio de Salud Aconcagua con el Centro de Formaci\u00f3n T\u00e9cnica, dependiente de la Universidad de Valpara\u00edso, el que permitir\u00e1 capacitar a los Auxiliares Param\u00e9dicos que trabajan en ese servicio y as\u00ed nivelar los conocimientos de todos los profesionales.<\/p>\n<p>Seg\u00fan explic\u00f3 el Director del Servicio, Rodrigo Infante, en la actualidad existen profesionales que trabajan en el sector y que han egresado de institutos, mientras que otros lo han hecho de establecimientos educacionales, teniendo todos distintos niveles de conocimientos, por ello la importancia de este convenio, que permitir\u00e1 ubicarlos a todos al mismo nivel de conocimientos.<\/p>\n<p>\u201cTodos nuestros Auxiliares Param\u00e9dicos ser\u00e1n T\u00e9cnicos de nivel superior, esto da cuenta del compromiso que hicimos en la Cuenta P\u00fablica este a\u00f1o en Putaendo, hoy lo estamos cumpliendo y avanzando en nuestras pol\u00edticas de Recursos Humanos de abrir oportunidades a nuestros funcionarios\u201d, explic\u00f3 Infante a Diario El Trabajo.<\/p>\n<p><strong>\u00a0ETAPA DE DI\u00c1GNOSTICO<\/strong><\/p>\n<p>Luego de la firma de este convenio, viene la etapa de Diagn\u00f3stico, misma que permitir\u00e1 saber a qui\u00e9nes se deben nivelar y qu\u00e9 ramos deben tomar, los que forman parte de una malla curricular flexible y que tiene una duraci\u00f3n de cinco semestres.<\/p>\n<p>\u201cMuchos no tienen la oportunidad y se abre una opci\u00f3n que no estaba, esto no exist\u00eda, se hizo hace a\u00f1os atr\u00e1s pero hoy no lo ten\u00edamos en la red y esperamos que sea una pol\u00edtica de largo plazo, a objeto de que vamos tecnificando y mejorando la calidad, porque vamos a tener funcionarios mucho mejor preparados\u201d, dijo Infante.<\/p>\n<p>Una vez diagnosticadas las competencias que tienen los Auxiliares Param\u00e9dicos respecto de la malla curricular, se les preparar\u00e1 un programa especial de titulaci\u00f3n, es decir, el alumno en vez de hacer 20 m\u00f3dulos, va a hacer diez por ejemplo.<\/p>\n<p>\u201cEn general la mayor\u00eda de las cosas que se convalidan, van por el \u00e1rea de la pr\u00e1ctica, hay personas que tienen muchos a\u00f1os de servicio, tienen elementos pr\u00e1cticos que son m\u00e1s necesarios al pasarlos\u201d, dijo Patricio P\u00e9rez, Director Ejecutivo del Centro de Formaci\u00f3n T\u00e9cnica de la Universidad de Valpara\u00edso.<\/p>\n<p>Durante este a\u00f1o, el Centro de Formaci\u00f3n T\u00e9cnica realizar\u00e1 el diagn\u00f3stico, mientras que a principios de 2013, se realizar\u00eda la parte formativa, la idea es que a fines del pr\u00f3ximo a\u00f1o los alumnos se est\u00e9n titulando.<\/p>\n<p>Para el Presidente de la Federaci\u00f3n de T\u00e9cnicos Param\u00e9dicos en Enfermer\u00eda del \u00e1rea Aconcagua, Hugo Figueroa, es un logro sumamente importante este convenio, ya que les da la posibilidad a los funcionarios de acceder a un T\u00edtulo T\u00e9cnico de nivel superior, lo que mejorar\u00eda la calidad t\u00e9cnica y los conocimientos generales de los profesionales.<\/p>\n<p>&nbsp;<\/p>\n","protected":false},"excerpt":{"rendered":"<p>Un importante convenio firm\u00f3 este mi\u00e9rcoles el Servicio de Salud Aconcagua con el Centro de Formaci\u00f3n T\u00e9cnica, dependiente de la Universidad de Valpara\u00edso, el que permitir\u00e1 capacitar a los Auxiliares Param\u00e9dicos que&#8230;<\/p>\n","protected":false},"author":482,"featured_media":20871,"comment_status":"open","ping_status":"closed","sticky":false,"template":"","format":"standard","meta":{"advanced_seo_description":"","jetpack_seo_html_title":"","jetpack_seo_noindex":false,"_jetpack_memberships_contains_paid_content":false,"footnotes":""},"categories":[1],"tags":[],"class_list":["post-20870","post","type-post","status-publish","format-standard","has-post-thumbnail","hentry","category-cronica"],"jetpack_featured_media_url":"https:\/\/i0.wp.com\/eltrabajo.cl\/portal\/wp-content\/uploads\/2012\/07\/firma-convenio.jpg?fit=600%2C450&ssl=1","jetpack_sharing_enabled":true,"jetpack_likes_enabled":true,"jetpack-related-posts":[],"_links":{"self":[{"href":"https:\/\/eltrabajo.cl\/portal\/wp-json\/wp\/v2\/posts\/20870","targetHints":{"allow":["GET"]}}],"collection":[{"href":"https:\/\/eltrabajo.cl\/portal\/wp-json\/wp\/v2\/posts"}],"about":[{"href":"https:\/\/eltrabajo.cl\/portal\/wp-json\/wp\/v2\/types\/post"}],"author":[{"embeddable":true,"href":"https:\/\/eltrabajo.cl\/portal\/wp-json\/wp\/v2\/users\/482"}],"replies":[{"embeddable":true,"href":"https:\/\/eltrabajo.cl\/portal\/wp-json\/wp\/v2\/comments?post=20870"}],"version-history":[{"count":0,"href":"https:\/\/eltrabajo.cl\/portal\/wp-json\/wp\/v2\/posts\/20870\/revisions"}],"wp:featuredmedia":[{"embeddable":true,"href":"https:\/\/eltrabajo.cl\/portal\/wp-json\/wp\/v2\/media\/20871"}],"wp:attachment":[{"href":"https:\/\/eltrabajo.cl\/portal\/wp-json\/wp\/v2\/media?parent=20870"}],"wp:term":[{"taxonomy":"category","embeddable":true,"href":"https:\/\/eltrabajo.cl\/portal\/wp-json\/wp\/v2\/categories?post=20870"},{"taxonomy":"post_tag","embeddable":true,"href":"https:\/\/eltrabajo.cl\/portal\/wp-json\/wp\/v2\/tags?post=20870"}],"curies":[{"name":"wp","href":"https:\/\/api.w.org\/{rel}","templated":true}]}}