{"id":20874,"date":"2012-07-19T09:50:08","date_gmt":"2012-07-19T13:50:08","guid":{"rendered":"http:\/\/www.eltrabajo.cl\/portal\/?p=20874"},"modified":"2012-07-19T09:50:08","modified_gmt":"2012-07-19T13:50:08","slug":"con-bombos-y-platillos-celebraron-dia-de-nuestra-senora-del-carmelo","status":"publish","type":"post","link":"https:\/\/eltrabajo.cl\/portal\/con-bombos-y-platillos-celebraron-dia-de-nuestra-senora-del-carmelo\/","title":{"rendered":"Con bombos y platillos celebraron D\u00eda de Nuestra Se\u00f1ora del Carmelo"},"content":{"rendered":"<figure id=\"attachment_20876\" aria-describedby=\"caption-attachment-20876\" style=\"width: 600px\" class=\"wp-caption alignnone\"><a href=\"http:\/\/www.eltrabajo.cl\/portal\/2012\/07\/con-bombos-y-platillos-celebraron-dia-de-nuestra-senora-del-carmelo\/san-esteban3\/\" rel=\"attachment wp-att-20876\"><img data-recalc-dims=\"1\" loading=\"lazy\" decoding=\"async\" class=\"size-full wp-image-20876\" title=\"San Esteban3\" src=\"https:\/\/i0.wp.com\/www.eltrabajo.cl\/portal\/wp-content\/uploads\/2012\/07\/San-Esteban3.jpg?resize=600%2C450\" alt=\"\" width=\"600\" height=\"450\" srcset=\"https:\/\/i0.wp.com\/eltrabajo.cl\/portal\/wp-content\/uploads\/2012\/07\/San-Esteban3.jpg?w=600&amp;ssl=1 600w, https:\/\/i0.wp.com\/eltrabajo.cl\/portal\/wp-content\/uploads\/2012\/07\/San-Esteban3.jpg?resize=200%2C150&amp;ssl=1 200w, https:\/\/i0.wp.com\/eltrabajo.cl\/portal\/wp-content\/uploads\/2012\/07\/San-Esteban3.jpg?resize=300%2C225&amp;ssl=1 300w, https:\/\/i0.wp.com\/eltrabajo.cl\/portal\/wp-content\/uploads\/2012\/07\/San-Esteban3.jpg?resize=150%2C112&amp;ssl=1 150w, https:\/\/i0.wp.com\/eltrabajo.cl\/portal\/wp-content\/uploads\/2012\/07\/San-Esteban3.jpg?resize=400%2C300&amp;ssl=1 400w\" sizes=\"auto, (max-width: 600px) 100vw, 600px\" \/><\/a><figcaption id=\"caption-attachment-20876\" class=\"wp-caption-text\">Estudiantes, religiosos, empresarios y vecinos de San Esteban, decidieron aprovechar la ocasi\u00f3n para honrar a Nuestra Se\u00f1ora del Carmelo.<\/figcaption><\/figure>\n<p><strong>LOS ANDES<\/strong>.- En celebraciones casi simult\u00e1neas y con la solemnidad que las circunstancias lo ameritaban, este lunes pasado fue honrada Nuestra Se\u00f1ora del Carmelo, en comunas como El Cari\u00f1o Botado; Hotel Termas del Coraz\u00f3n, Lo Calvo y San Esteban. Esta fiesta de amor y fe, nace en el mismo Israel, en el Monte Carmelo. Las actividades iniciaron en Villa El Dorado, encabez\u00f3 la procesi\u00f3n la Banda de Guerra del Regimiento Reforzado N\u00b03 Yungay, escoltando la imagen al son de sus instrumentos, tambi\u00e9n la Cruz Alta Procesional fue exhibida en este acto religioso, la misma fue tra\u00edda desde Roma.<\/p>\n<figure id=\"attachment_20875\" aria-describedby=\"caption-attachment-20875\" style=\"width: 300px\" class=\"wp-caption alignright\"><a href=\"http:\/\/www.eltrabajo.cl\/portal\/2012\/07\/con-bombos-y-platillos-celebraron-dia-de-nuestra-senora-del-carmelo\/san-esteban2\/\" rel=\"attachment wp-att-20875\"><img data-recalc-dims=\"1\" loading=\"lazy\" decoding=\"async\" class=\"size-medium wp-image-20875\" title=\"San Esteban2\" src=\"https:\/\/i0.wp.com\/www.eltrabajo.cl\/portal\/wp-content\/uploads\/2012\/07\/San-Esteban2-300x215.jpg?resize=300%2C215\" alt=\"\" width=\"300\" height=\"215\" srcset=\"https:\/\/i0.wp.com\/eltrabajo.cl\/portal\/wp-content\/uploads\/2012\/07\/San-Esteban2.jpg?resize=300%2C215&amp;ssl=1 300w, https:\/\/i0.wp.com\/eltrabajo.cl\/portal\/wp-content\/uploads\/2012\/07\/San-Esteban2.jpg?resize=200%2C143&amp;ssl=1 200w, https:\/\/i0.wp.com\/eltrabajo.cl\/portal\/wp-content\/uploads\/2012\/07\/San-Esteban2.jpg?resize=150%2C107&amp;ssl=1 150w, https:\/\/i0.wp.com\/eltrabajo.cl\/portal\/wp-content\/uploads\/2012\/07\/San-Esteban2.jpg?resize=400%2C286&amp;ssl=1 400w, https:\/\/i0.wp.com\/eltrabajo.cl\/portal\/wp-content\/uploads\/2012\/07\/San-Esteban2.jpg?w=600&amp;ssl=1 600w\" sizes=\"auto, (max-width: 300px) 100vw, 300px\" \/><\/a><figcaption id=\"caption-attachment-20875\" class=\"wp-caption-text\">Todo el pueblo sali\u00f3 a las calles de San Esteban para celebrar en grande a Nuestra Patrona Nacional.<\/figcaption><\/figure>\n<p><strong>TODOS A SUS PIES<\/strong><\/p>\n<p>Entre los atractivos de esta procesi\u00f3n en san Esteban, en un veh\u00edculo del\u00a0Cuerpo de Bomberos, iba bellamente adornada la imagen de la Sant\u00edsima Virgen. Luego el cura p\u00e1rroco Mauricio Cruz Lolas y posteriormente los huasos cuasimodistas de la regi\u00f3n. En el trayecto, cientos de vecinos salieron a las calles para acompa\u00f1ar la procesi\u00f3n, algunos haciendo altares en el frontis de sus casas, siendo bendecidos por el p\u00e1rroco.<\/p>\n<p>Tambi\u00e9n la Catequesis Familiar se destac\u00f3 en la creaci\u00f3n de altares en vivo, relacionados directamente con la festividad de la Virgen del Carmen. Los ni\u00f1os y sus padres realizaron un gran trabajo en la preparaci\u00f3n de todos los altares, muy creativa y profesionalmente hechos, algunos mostrando a los feligreses\u00a0pies de cuecas y \u00a0diabladas.<\/p>\n<p>Al llegar a la iglesia, ingresaron la imagen y el pueblo a celebrar la eucarist\u00eda, con el templo repleto de ni\u00f1os, j\u00f3venes, adultos y ancianos, celebraron ese gran d\u00eda, en el que conmemoraron los cat\u00f3licos la maternidad de la Virgen y\u00a0su veneraci\u00f3n.<\/p>\n<p>Al finalizar la misa, la banda del regimiento toc\u00f3 el Himno Nacional y luego deleit\u00f3 a los feligreses con canciones a la salida del templo.<\/p>\n<p>Finalmente los huasos y militares,\u00a0junto a algunos voluntarios y al padre Mauricio, cenaron en el comedor, donde se vivi\u00f3 un grato compartir fraterno, que sirve para afiatar a\u00fan m\u00e1s lo lazos de hermandad, entre el pastor y sus fieles.<\/p>\n<p>&nbsp;<\/p>\n","protected":false},"excerpt":{"rendered":"<p>LOS ANDES.- En celebraciones casi simult\u00e1neas y con la solemnidad que las circunstancias lo ameritaban, este lunes pasado fue honrada Nuestra Se\u00f1ora del Carmelo, en comunas como El Cari\u00f1o Botado; Hotel Termas&#8230;<\/p>\n","protected":false},"author":482,"featured_media":20876,"comment_status":"open","ping_status":"closed","sticky":false,"template":"","format":"standard","meta":{"advanced_seo_description":"","jetpack_seo_html_title":"","jetpack_seo_noindex":false,"_jetpack_memberships_contains_paid_content":false,"footnotes":""},"categories":[15],"tags":[],"class_list":["post-20874","post","type-post","status-publish","format-standard","has-post-thumbnail","hentry","category-comunidad"],"jetpack_featured_media_url":"https:\/\/i0.wp.com\/eltrabajo.cl\/portal\/wp-content\/uploads\/2012\/07\/San-Esteban3.jpg?fit=600%2C450&ssl=1","jetpack_sharing_enabled":true,"jetpack_likes_enabled":true,"jetpack-related-posts":[],"_links":{"self":[{"href":"https:\/\/eltrabajo.cl\/portal\/wp-json\/wp\/v2\/posts\/20874","targetHints":{"allow":["GET"]}}],"collection":[{"href":"https:\/\/eltrabajo.cl\/portal\/wp-json\/wp\/v2\/posts"}],"about":[{"href":"https:\/\/eltrabajo.cl\/portal\/wp-json\/wp\/v2\/types\/post"}],"author":[{"embeddable":true,"href":"https:\/\/eltrabajo.cl\/portal\/wp-json\/wp\/v2\/users\/482"}],"replies":[{"embeddable":true,"href":"https:\/\/eltrabajo.cl\/portal\/wp-json\/wp\/v2\/comments?post=20874"}],"version-history":[{"count":0,"href":"https:\/\/eltrabajo.cl\/portal\/wp-json\/wp\/v2\/posts\/20874\/revisions"}],"wp:featuredmedia":[{"embeddable":true,"href":"https:\/\/eltrabajo.cl\/portal\/wp-json\/wp\/v2\/media\/20876"}],"wp:attachment":[{"href":"https:\/\/eltrabajo.cl\/portal\/wp-json\/wp\/v2\/media?parent=20874"}],"wp:term":[{"taxonomy":"category","embeddable":true,"href":"https:\/\/eltrabajo.cl\/portal\/wp-json\/wp\/v2\/categories?post=20874"},{"taxonomy":"post_tag","embeddable":true,"href":"https:\/\/eltrabajo.cl\/portal\/wp-json\/wp\/v2\/tags?post=20874"}],"curies":[{"name":"wp","href":"https:\/\/api.w.org\/{rel}","templated":true}]}}