{"id":20879,"date":"2012-07-19T09:51:29","date_gmt":"2012-07-19T13:51:29","guid":{"rendered":"http:\/\/www.eltrabajo.cl\/portal\/?p=20879"},"modified":"2012-07-19T09:51:29","modified_gmt":"2012-07-19T13:51:29","slug":"carabineros-que-salvaron-vivienda-de-las-llamas-%e2%80%9chicimos-lo-que-todo-carabinero-hubiese-hecho-en-nuestro-lugar%e2%80%9d","status":"publish","type":"post","link":"https:\/\/eltrabajo.cl\/portal\/carabineros-que-salvaron-vivienda-de-las-llamas-%e2%80%9chicimos-lo-que-todo-carabinero-hubiese-hecho-en-nuestro-lugar%e2%80%9d\/","title":{"rendered":"Carabineros que salvaron vivienda de las llamas: \u201cHicimos lo que todo carabinero hubiese hecho en nuestro lugar\u201d"},"content":{"rendered":"<figure id=\"attachment_20880\" aria-describedby=\"caption-attachment-20880\" style=\"width: 300px\" class=\"wp-caption alignleft\"><a href=\"http:\/\/www.eltrabajo.cl\/portal\/2012\/07\/carabineros-que-salvaron-vivienda-de-las-llamas-%e2%80%9chicimos-lo-que-todo-carabinero-hubiese-hecho-en-nuestro-lugar%e2%80%9d\/cabo-1-jose-riquelme-carabinero-cristian-godoy\/\" rel=\"attachment wp-att-20880\"><img data-recalc-dims=\"1\" loading=\"lazy\" decoding=\"async\" class=\"size-medium wp-image-20880\" title=\"Cabo 1 Jose Riquelme-carabinero Cristian Godoy\" src=\"https:\/\/i0.wp.com\/www.eltrabajo.cl\/portal\/wp-content\/uploads\/2012\/07\/Cabo-1-Jose-Riquelme-carabinero-Cristian-Godoy-300x225.jpg?resize=300%2C225\" alt=\"\" width=\"300\" height=\"225\" srcset=\"https:\/\/i0.wp.com\/eltrabajo.cl\/portal\/wp-content\/uploads\/2012\/07\/Cabo-1-Jose-Riquelme-carabinero-Cristian-Godoy.jpg?resize=300%2C225&amp;ssl=1 300w, https:\/\/i0.wp.com\/eltrabajo.cl\/portal\/wp-content\/uploads\/2012\/07\/Cabo-1-Jose-Riquelme-carabinero-Cristian-Godoy.jpg?resize=200%2C150&amp;ssl=1 200w, https:\/\/i0.wp.com\/eltrabajo.cl\/portal\/wp-content\/uploads\/2012\/07\/Cabo-1-Jose-Riquelme-carabinero-Cristian-Godoy.jpg?resize=150%2C112&amp;ssl=1 150w, https:\/\/i0.wp.com\/eltrabajo.cl\/portal\/wp-content\/uploads\/2012\/07\/Cabo-1-Jose-Riquelme-carabinero-Cristian-Godoy.jpg?resize=400%2C300&amp;ssl=1 400w, https:\/\/i0.wp.com\/eltrabajo.cl\/portal\/wp-content\/uploads\/2012\/07\/Cabo-1-Jose-Riquelme-carabinero-Cristian-Godoy.jpg?w=600&amp;ssl=1 600w\" sizes=\"auto, (max-width: 300px) 100vw, 300px\" \/><\/a><figcaption id=\"caption-attachment-20880\" class=\"wp-caption-text\">Carabineros que salvaron vivienda de las llamas: \u201cHicimos lo que todo carabinero hubiese hecho en nuestro lugar\u201d<\/figcaption><\/figure>\n<p><strong>PUTAENDO<\/strong>.- Los efectivos policiales de dotaci\u00f3n del ret\u00e9n de Quebrada Herrera, que en una arriesgada y heroica acci\u00f3n lograron evitar que una vivienda de material ligero fuera consumida por las llamas, se\u00f1alaron que solo cumplieron con su deber y que hicieron lo que cualquier otro carabinero hubiese hecho en su lugar.<\/p>\n<p>Ambos carabineros conversaron con nuestro medio la ma\u00f1ana de este mi\u00e9rcoles, antes de ingresar a sus respectivos turnos en dependencias del ret\u00e9n de Quebrada Herrera, ocasi\u00f3n el que el Cabo Primero Jos\u00e9 Riquelme dijo que ese d\u00eda estaba en la guardia de la unidad cuando repentinamente un vecino ingres\u00f3 gritando que se estaba quemando una casa cerca del ret\u00e9n, por lo que alcanzo a gritar a otro funcionario que estaba saliente de su turno y el cual ya se encontraba durmiendo, agregando: \u201cNo dud\u00e9 en dejar la guardia botada, fue una decisi\u00f3n complicada pues uno como carabinero no puede dejar solo su cuartel, pero la situaci\u00f3n lo ameritaba. Alcanc\u00e9 a gritarle a mi compa\u00f1ero que ya estaba durmiendo despu\u00e9s de su turno, y cuando llegamos encontr\u00e9 a un caballero tir\u00e1ndole agua al techo donde hab\u00eda mucho humo y las personas estaban muy nerviosas, incluso no hab\u00edan avisado a Bomberos. Les ped\u00ed que apagaran las linternas y me di cuenta que ya hab\u00eda fuego en el entretecho, por lo que junto a mi compa\u00f1ero rompimos parte del entretecho y comenzamos a tirar agua con una manguera, donde ya el fuego estaba tomando mucha fuerza\u201d.<\/p>\n<p>Por su parte el carabinero Cristian Godoy se\u00f1al\u00f3 que los primeros minutos fueron muy complicados y riesgosos, pues ya estaban comenzando a caer alguno palos que se hab\u00edan quemado y que era muy peligroso estar sin los elementos de seguridad para este tipo de emergencias, a\u00f1adiendo: \u201cFue todo muy r\u00e1pido, solo sent\u00ed el grito de mi cabo y me levant\u00e9 con lo que ten\u00eda a mano. La casa se estaba comenzando a quemar y los vecinos estaban muy asustados, fue fundamental romper parte del entretecho y poder tirar agua, ya que logramos parar las llamas que estaban comenzando a cubrir todo el entretecho, donde sentimos un gran alivio al ver que las llamas se apagaron, pero en realidad fue una experiencia al l\u00edmite, ya que gracias a Dios logramos evitar que la vivienda se quemara por completo\u201d.<\/p>\n<p><strong>Patricio Gallardo M.<\/strong><\/p>\n<p>&nbsp;<\/p>\n","protected":false},"excerpt":{"rendered":"<p>PUTAENDO.- Los efectivos policiales de dotaci\u00f3n del ret\u00e9n de Quebrada Herrera, que en una arriesgada y heroica acci\u00f3n lograron evitar que una vivienda de material ligero fuera consumida por las llamas, se\u00f1alaron&#8230;<\/p>\n","protected":false},"author":482,"featured_media":20880,"comment_status":"open","ping_status":"closed","sticky":false,"template":"","format":"standard","meta":{"advanced_seo_description":"","jetpack_seo_html_title":"","jetpack_seo_noindex":false,"_jetpack_memberships_contains_paid_content":false,"footnotes":""},"categories":[15],"tags":[],"class_list":["post-20879","post","type-post","status-publish","format-standard","has-post-thumbnail","hentry","category-comunidad"],"jetpack_featured_media_url":"https:\/\/i0.wp.com\/eltrabajo.cl\/portal\/wp-content\/uploads\/2012\/07\/Cabo-1-Jose-Riquelme-carabinero-Cristian-Godoy.jpg?fit=600%2C451&ssl=1","jetpack_sharing_enabled":true,"jetpack_likes_enabled":true,"jetpack-related-posts":[],"_links":{"self":[{"href":"https:\/\/eltrabajo.cl\/portal\/wp-json\/wp\/v2\/posts\/20879","targetHints":{"allow":["GET"]}}],"collection":[{"href":"https:\/\/eltrabajo.cl\/portal\/wp-json\/wp\/v2\/posts"}],"about":[{"href":"https:\/\/eltrabajo.cl\/portal\/wp-json\/wp\/v2\/types\/post"}],"author":[{"embeddable":true,"href":"https:\/\/eltrabajo.cl\/portal\/wp-json\/wp\/v2\/users\/482"}],"replies":[{"embeddable":true,"href":"https:\/\/eltrabajo.cl\/portal\/wp-json\/wp\/v2\/comments?post=20879"}],"version-history":[{"count":0,"href":"https:\/\/eltrabajo.cl\/portal\/wp-json\/wp\/v2\/posts\/20879\/revisions"}],"wp:featuredmedia":[{"embeddable":true,"href":"https:\/\/eltrabajo.cl\/portal\/wp-json\/wp\/v2\/media\/20880"}],"wp:attachment":[{"href":"https:\/\/eltrabajo.cl\/portal\/wp-json\/wp\/v2\/media?parent=20879"}],"wp:term":[{"taxonomy":"category","embeddable":true,"href":"https:\/\/eltrabajo.cl\/portal\/wp-json\/wp\/v2\/categories?post=20879"},{"taxonomy":"post_tag","embeddable":true,"href":"https:\/\/eltrabajo.cl\/portal\/wp-json\/wp\/v2\/tags?post=20879"}],"curies":[{"name":"wp","href":"https:\/\/api.w.org\/{rel}","templated":true}]}}