{"id":20883,"date":"2012-07-19T09:56:51","date_gmt":"2012-07-19T13:56:51","guid":{"rendered":"http:\/\/www.eltrabajo.cl\/portal\/?p=20883"},"modified":"2012-07-19T09:56:51","modified_gmt":"2012-07-19T13:56:51","slug":"amar-con-directivos-de-escuela-agricola-valoraron-situacion-del-establecimiento","status":"publish","type":"post","link":"https:\/\/eltrabajo.cl\/portal\/amar-con-directivos-de-escuela-agricola-valoraron-situacion-del-establecimiento\/","title":{"rendered":"Amar con directivos de Escuela Agr\u00edcola valoraron situaci\u00f3n del establecimiento"},"content":{"rendered":"<figure id=\"attachment_20884\" aria-describedby=\"caption-attachment-20884\" style=\"width: 253px\" class=\"wp-caption alignleft\"><a href=\"http:\/\/www.eltrabajo.cl\/portal\/2012\/07\/amar-con-directivos-de-escuela-agricola-valoraron-situacion-del-establecimiento\/amar1-5\/\" rel=\"attachment wp-att-20884\"><img data-recalc-dims=\"1\" loading=\"lazy\" decoding=\"async\" class=\"size-medium wp-image-20884\" title=\"Amar1\" src=\"https:\/\/i0.wp.com\/www.eltrabajo.cl\/portal\/wp-content\/uploads\/2012\/07\/Amar1-253x300.jpg?resize=253%2C300\" alt=\"\" width=\"253\" height=\"300\" srcset=\"https:\/\/i0.wp.com\/eltrabajo.cl\/portal\/wp-content\/uploads\/2012\/07\/Amar1.jpg?resize=253%2C300&amp;ssl=1 253w, https:\/\/i0.wp.com\/eltrabajo.cl\/portal\/wp-content\/uploads\/2012\/07\/Amar1.jpg?resize=126%2C150&amp;ssl=1 126w, https:\/\/i0.wp.com\/eltrabajo.cl\/portal\/wp-content\/uploads\/2012\/07\/Amar1.jpg?resize=400%2C473&amp;ssl=1 400w, https:\/\/i0.wp.com\/eltrabajo.cl\/portal\/wp-content\/uploads\/2012\/07\/Amar1.jpg?w=600&amp;ssl=1 600w\" sizes=\"auto, (max-width: 253px) 100vw, 253px\" \/><\/a><figcaption id=\"caption-attachment-20884\" class=\"wp-caption-text\">El Alcalde Amar dijo que presentaron una propuesta a los Directivos de la Escuela Agr\u00edcola, la que ser\u00e1 estudiada por la entidad.<\/figcaption><\/figure>\n<p>Con el objetivo de informar cual es la situaci\u00f3n que enfrenta en estos momentos la Escuela Agr\u00edcola de San Felipe, este martes se reuni\u00f3 el Alcalde Jaime Amar con el Secretario General y el Presidente de SNA Educa o Codesser y el Directorio del Consejo Asesor Empresarial de ese establecimiento educacional.<\/p>\n<p>Durante el encuentro, Amar se\u00f1al\u00f3 que el proyecto del nuevo estadio para San Felipe est\u00e1 en etapa de Estudio de localizaci\u00f3n, por lo que todav\u00eda no se conoce el lugar exacto donde quedar\u00e1 el recinto deportivo. Asimismo a los Directivos del establecimiento se les ratific\u00f3 que desde el a\u00f1o 1998, ese sector est\u00e1 considerado \u2018zona parque\u2019, lugar que involucra al estar dentro del radio urbano, que no se puede desarrollar agricultura.<\/p>\n<p>\u201cLas actividades agr\u00edcolas est\u00e1n prohibidas en el sector urbano, esa no es una norma nuestra, sino que es una norma que indica la Ley de Urbanismo con sus ordenanzas y por lo tanto, la propuesta nuestra que se est\u00e1 trabajando a nivel de las modificaciones al Plan Regulador, es fijar las primeras 16 hect\u00e1reas, darle en vez de car\u00e1cter de parque, sino que educacional, de tal manera que la escuela pueda desarrollar su proyecto educacional en la primera parte y el resto, que son alrededor de 30 hect\u00e1reas m\u00e1s, podr\u00edan ser zona parque, es una necesidad que tiene la comuna\u201d, dijo Amar.<\/p>\n<p><strong>HECT\u00c1REAS EXPROPIADAS<\/strong><\/p>\n<p>A esto se suman las aproximadamente siete hect\u00e1reas que ser\u00edan expropiadas a la escuela, debido a la construcci\u00f3n de la circunvalaci\u00f3n de ingreso y Michimalongo. Lo que en la pr\u00e1ctica dejar\u00eda a la escuela para desarrollar su \u00e1rea educacional de alrededor de 16 hect\u00e1reas y otras 20 hect\u00e1reas de parque, mientras que el resto del terreno ser\u00e1 afectado por la expropiaci\u00f3n.<\/p>\n<p>Los Directivos de la Escuela Agr\u00edcola, se\u00f1alaron que analizar\u00e1n la situaci\u00f3n y espec\u00edficamente la propuesta del municipio, que consiste en conformar una mesa de trabajo entre la SNA Educa y la Municipalidad, para en conjunto, llevar una \u00fanica propuesta a nivel de las autoridades gubernamentales.<\/p>\n<p>El Alcalde record\u00f3 que la escuela est\u00e1 instalada en terrenos fiscales, y tiene que regularizar algunos aspectos con el Ministerio de Educaci\u00f3n y de Bienes Nacionales.<\/p>\n<p>&nbsp;<\/p>\n","protected":false},"excerpt":{"rendered":"<p>Con el objetivo de informar cual es la situaci\u00f3n que enfrenta en estos momentos la Escuela Agr\u00edcola de San Felipe, este martes se reuni\u00f3 el Alcalde Jaime Amar con el Secretario General&#8230;<\/p>\n","protected":false},"author":482,"featured_media":20884,"comment_status":"open","ping_status":"closed","sticky":false,"template":"","format":"standard","meta":{"advanced_seo_description":"","jetpack_seo_html_title":"","jetpack_seo_noindex":false,"_jetpack_memberships_contains_paid_content":false,"footnotes":""},"categories":[1],"tags":[],"class_list":["post-20883","post","type-post","status-publish","format-standard","has-post-thumbnail","hentry","category-cronica"],"jetpack_featured_media_url":"https:\/\/i0.wp.com\/eltrabajo.cl\/portal\/wp-content\/uploads\/2012\/07\/Amar1.jpg?fit=600%2C710&ssl=1","jetpack_sharing_enabled":true,"jetpack_likes_enabled":true,"jetpack-related-posts":[],"_links":{"self":[{"href":"https:\/\/eltrabajo.cl\/portal\/wp-json\/wp\/v2\/posts\/20883","targetHints":{"allow":["GET"]}}],"collection":[{"href":"https:\/\/eltrabajo.cl\/portal\/wp-json\/wp\/v2\/posts"}],"about":[{"href":"https:\/\/eltrabajo.cl\/portal\/wp-json\/wp\/v2\/types\/post"}],"author":[{"embeddable":true,"href":"https:\/\/eltrabajo.cl\/portal\/wp-json\/wp\/v2\/users\/482"}],"replies":[{"embeddable":true,"href":"https:\/\/eltrabajo.cl\/portal\/wp-json\/wp\/v2\/comments?post=20883"}],"version-history":[{"count":0,"href":"https:\/\/eltrabajo.cl\/portal\/wp-json\/wp\/v2\/posts\/20883\/revisions"}],"wp:featuredmedia":[{"embeddable":true,"href":"https:\/\/eltrabajo.cl\/portal\/wp-json\/wp\/v2\/media\/20884"}],"wp:attachment":[{"href":"https:\/\/eltrabajo.cl\/portal\/wp-json\/wp\/v2\/media?parent=20883"}],"wp:term":[{"taxonomy":"category","embeddable":true,"href":"https:\/\/eltrabajo.cl\/portal\/wp-json\/wp\/v2\/categories?post=20883"},{"taxonomy":"post_tag","embeddable":true,"href":"https:\/\/eltrabajo.cl\/portal\/wp-json\/wp\/v2\/tags?post=20883"}],"curies":[{"name":"wp","href":"https:\/\/api.w.org\/{rel}","templated":true}]}}