{"id":20887,"date":"2012-07-19T09:59:29","date_gmt":"2012-07-19T13:59:29","guid":{"rendered":"http:\/\/www.eltrabajo.cl\/portal\/?p=20887"},"modified":"2012-07-19T09:59:29","modified_gmt":"2012-07-19T13:59:29","slug":"las-puertas-del-cielo-se-abrieron-para-recibir-a-un-angel-llamado-alexis","status":"publish","type":"post","link":"https:\/\/eltrabajo.cl\/portal\/las-puertas-del-cielo-se-abrieron-para-recibir-a-un-angel-llamado-alexis\/","title":{"rendered":"Las puertas del cielo se abrieron para recibir a un \u00e1ngel llamado Alexis"},"content":{"rendered":"<figure id=\"attachment_20889\" aria-describedby=\"caption-attachment-20889\" style=\"width: 300px\" class=\"wp-caption alignleft\"><a href=\"http:\/\/www.eltrabajo.cl\/portal\/2012\/07\/las-puertas-del-cielo-se-abrieron-para-recibir-a-un-angel-llamado-alexis\/alexis-ibacache-1-2\/\" rel=\"attachment wp-att-20889\"><img data-recalc-dims=\"1\" loading=\"lazy\" decoding=\"async\" class=\"size-medium wp-image-20889\" title=\"alexis ibacache (1)\" src=\"https:\/\/i0.wp.com\/www.eltrabajo.cl\/portal\/wp-content\/uploads\/2012\/07\/alexis-ibacache-1-300x225.jpg?resize=300%2C225\" alt=\"\" width=\"300\" height=\"225\" srcset=\"https:\/\/i0.wp.com\/eltrabajo.cl\/portal\/wp-content\/uploads\/2012\/07\/alexis-ibacache-1.jpg?resize=300%2C225&amp;ssl=1 300w, https:\/\/i0.wp.com\/eltrabajo.cl\/portal\/wp-content\/uploads\/2012\/07\/alexis-ibacache-1.jpg?resize=200%2C150&amp;ssl=1 200w, https:\/\/i0.wp.com\/eltrabajo.cl\/portal\/wp-content\/uploads\/2012\/07\/alexis-ibacache-1.jpg?resize=150%2C112&amp;ssl=1 150w, https:\/\/i0.wp.com\/eltrabajo.cl\/portal\/wp-content\/uploads\/2012\/07\/alexis-ibacache-1.jpg?resize=400%2C300&amp;ssl=1 400w, https:\/\/i0.wp.com\/eltrabajo.cl\/portal\/wp-content\/uploads\/2012\/07\/alexis-ibacache-1.jpg?w=600&amp;ssl=1 600w\" sizes=\"auto, (max-width: 300px) 100vw, 300px\" \/><\/a><figcaption id=\"caption-attachment-20889\" class=\"wp-caption-text\">Las puertas del cielo se abrieron para recibir a un \u00e1ngel llamado Alexis Ibacache, quien hoy descansa en los brazos de Dios.<\/figcaption><\/figure>\n<p><strong>PUTAENDO.-<\/strong> El peque\u00f1o Alexis Antonio Ibacache Vergara, que sufr\u00eda una severa par\u00e1lisis cerebral que durante sus 17 a\u00f1os lo tuvo pr\u00e1cticamente en estado vegetal, falleci\u00f3 la ma\u00f1ana de este mi\u00e9rcoles despu\u00e9s de una larga enfermedad que lo mantuvo internado en el hospital San Camilo de San Felipe.<\/p>\n<p>Alexis es hijo de Rosita Vergara y Pascual Ibacache, matrimonio muy esforzado, humilde y querido en la comuna, donde ambos junto a familiares cuidaron siempre del peque\u00f1o Alexis que se sent\u00eda inc\u00f3modo cuando no escuchaba la voz de su madre que siempre luch\u00f3 por sacarlo adelante, a pesar de la adversidad y los pron\u00f3sticos m\u00e9dicos poco alentadores. Solo como an\u00e9cdota, durante el \u00faltimo temporal de viento y a causa del corte de energ\u00eda el\u00e9ctrica, Rosita deb\u00eda caminar entre los potreros para llegar donde un vecino que ten\u00eda energ\u00eda el\u00e9ctrica, donde poder licuar los alimentos para entreg\u00e1rselos a su hijo Alexis que reclamaba con sus gestos la falta de luz en su pieza, lo que demostraba que a pesar de su severa enfermedad, se daba cuenta como siempre lo dijo su madre, de todo lo que ocurr\u00eda en su entorno.<\/p>\n<figure id=\"attachment_20888\" aria-describedby=\"caption-attachment-20888\" style=\"width: 300px\" class=\"wp-caption alignright\"><a href=\"http:\/\/www.eltrabajo.cl\/portal\/2012\/07\/las-puertas-del-cielo-se-abrieron-para-recibir-a-un-angel-llamado-alexis\/hijo-rosita-enfermo\/\" rel=\"attachment wp-att-20888\"><img data-recalc-dims=\"1\" loading=\"lazy\" decoding=\"async\" class=\"size-medium wp-image-20888\" title=\"hijo rosita enfermo\" src=\"https:\/\/i0.wp.com\/www.eltrabajo.cl\/portal\/wp-content\/uploads\/2012\/07\/hijo-rosita-enfermo-300x225.jpg?resize=300%2C225\" alt=\"\" width=\"300\" height=\"225\" srcset=\"https:\/\/i0.wp.com\/eltrabajo.cl\/portal\/wp-content\/uploads\/2012\/07\/hijo-rosita-enfermo.jpg?resize=300%2C225&amp;ssl=1 300w, https:\/\/i0.wp.com\/eltrabajo.cl\/portal\/wp-content\/uploads\/2012\/07\/hijo-rosita-enfermo.jpg?resize=200%2C150&amp;ssl=1 200w, https:\/\/i0.wp.com\/eltrabajo.cl\/portal\/wp-content\/uploads\/2012\/07\/hijo-rosita-enfermo.jpg?resize=150%2C112&amp;ssl=1 150w, https:\/\/i0.wp.com\/eltrabajo.cl\/portal\/wp-content\/uploads\/2012\/07\/hijo-rosita-enfermo.jpg?resize=400%2C300&amp;ssl=1 400w, https:\/\/i0.wp.com\/eltrabajo.cl\/portal\/wp-content\/uploads\/2012\/07\/hijo-rosita-enfermo.jpg?w=600&amp;ssl=1 600w\" sizes=\"auto, (max-width: 300px) 100vw, 300px\" \/><\/a><figcaption id=\"caption-attachment-20888\" class=\"wp-caption-text\">Rosita Vergara, madre del peque\u00f1o Alexis, hoy puede estar tranquila sabiendo que su hijo, por el cual tanto se desvel\u00f3, descansa para siempre en los brazos de Dios.<\/figcaption><\/figure>\n<p>En el \u00faltimo tiempo Alexis debi\u00f3 ser sometido a varias operaciones debido a su compleja enfermedad, lo que deriv\u00f3 en que decayera a\u00fan m\u00e1s por una seria obstrucci\u00f3n intestinal, donde la ma\u00f1ana de este mi\u00e9rcoles en el hospital sanfelipe\u00f1o, el peque\u00f1o Alexis en compa\u00f1\u00eda de su madre le regal\u00f3 la \u00faltima sonrisa para dejar este mundo para siempre.<\/p>\n<p>Rosita se\u00f1al\u00f3 que sent\u00eda junto a su esposo una tremenda tristeza, pero que tambi\u00e9n sent\u00edan una alegr\u00eda enorme pues su regal\u00f3n hoy estaba en los brazos de Dios y ya no sufrir\u00eda m\u00e1s, agregando que sent\u00edan una tremenda gratitud hacia la comuna que en tantas ocasiones les tendi\u00f3 la mano en las campa\u00f1as solidarias y de manera especial para los m\u00e9dicos, enfermeras, auxiliares del hospital San Camilo, que le hicieron sentir toda su solidaridad y cari\u00f1o durante la estad\u00eda de su hijo en dicho centro asistencial.<\/p>\n<p>El peque\u00f1o Alexis esta siendo velado en su casa ubicada en la calle El Puente del sector de Granallas y sus funerales se efectuar\u00e1n hoy jueves a una hora a\u00fan por confirmar. Diario El Trabajo env\u00eda sus m\u00e1s sentidas condolencias a sus padres, hermanos y familiares por tan irreparable p\u00e9rdida.<\/p>\n<p><strong>Patricio Gallardo M.<\/strong><\/p>\n","protected":false},"excerpt":{"rendered":"<p>PUTAENDO.- El peque\u00f1o Alexis Antonio Ibacache Vergara, que sufr\u00eda una severa par\u00e1lisis cerebral que durante sus 17 a\u00f1os lo tuvo pr\u00e1cticamente en estado vegetal, falleci\u00f3 la ma\u00f1ana de este mi\u00e9rcoles despu\u00e9s de&#8230;<\/p>\n","protected":false},"author":482,"featured_media":20889,"comment_status":"open","ping_status":"closed","sticky":false,"template":"","format":"standard","meta":{"advanced_seo_description":"","jetpack_seo_html_title":"","jetpack_seo_noindex":false,"_jetpack_memberships_contains_paid_content":false,"footnotes":""},"categories":[15],"tags":[],"class_list":["post-20887","post","type-post","status-publish","format-standard","has-post-thumbnail","hentry","category-comunidad"],"jetpack_featured_media_url":"https:\/\/i0.wp.com\/eltrabajo.cl\/portal\/wp-content\/uploads\/2012\/07\/alexis-ibacache-1.jpg?fit=600%2C451&ssl=1","jetpack_sharing_enabled":true,"jetpack_likes_enabled":true,"jetpack-related-posts":[],"_links":{"self":[{"href":"https:\/\/eltrabajo.cl\/portal\/wp-json\/wp\/v2\/posts\/20887","targetHints":{"allow":["GET"]}}],"collection":[{"href":"https:\/\/eltrabajo.cl\/portal\/wp-json\/wp\/v2\/posts"}],"about":[{"href":"https:\/\/eltrabajo.cl\/portal\/wp-json\/wp\/v2\/types\/post"}],"author":[{"embeddable":true,"href":"https:\/\/eltrabajo.cl\/portal\/wp-json\/wp\/v2\/users\/482"}],"replies":[{"embeddable":true,"href":"https:\/\/eltrabajo.cl\/portal\/wp-json\/wp\/v2\/comments?post=20887"}],"version-history":[{"count":0,"href":"https:\/\/eltrabajo.cl\/portal\/wp-json\/wp\/v2\/posts\/20887\/revisions"}],"wp:featuredmedia":[{"embeddable":true,"href":"https:\/\/eltrabajo.cl\/portal\/wp-json\/wp\/v2\/media\/20889"}],"wp:attachment":[{"href":"https:\/\/eltrabajo.cl\/portal\/wp-json\/wp\/v2\/media?parent=20887"}],"wp:term":[{"taxonomy":"category","embeddable":true,"href":"https:\/\/eltrabajo.cl\/portal\/wp-json\/wp\/v2\/categories?post=20887"},{"taxonomy":"post_tag","embeddable":true,"href":"https:\/\/eltrabajo.cl\/portal\/wp-json\/wp\/v2\/tags?post=20887"}],"curies":[{"name":"wp","href":"https:\/\/api.w.org\/{rel}","templated":true}]}}