{"id":20892,"date":"2012-07-19T10:01:10","date_gmt":"2012-07-19T14:01:10","guid":{"rendered":"http:\/\/www.eltrabajo.cl\/portal\/?p=20892"},"modified":"2012-07-19T10:01:10","modified_gmt":"2012-07-19T14:01:10","slug":"en-sede-de-prodemu-inscribiran-hoy-para-%e2%80%98subsidio-de-empleo-a-la-mujer%e2%80%99","status":"publish","type":"post","link":"https:\/\/eltrabajo.cl\/portal\/en-sede-de-prodemu-inscribiran-hoy-para-%e2%80%98subsidio-de-empleo-a-la-mujer%e2%80%99\/","title":{"rendered":"En sede de Prodemu inscribir\u00e1n hoy para \u2018Subsidio de Empleo a la Mujer\u2019"},"content":{"rendered":"<figure id=\"attachment_20893\" aria-describedby=\"caption-attachment-20893\" style=\"width: 300px\" class=\"wp-caption alignleft\"><a href=\"http:\/\/www.eltrabajo.cl\/portal\/2012\/07\/en-sede-de-prodemu-inscribiran-hoy-para-%e2%80%98subsidio-de-empleo-a-la-mujer%e2%80%99\/heidi-serrat-2-2\/\" rel=\"attachment wp-att-20893\"><img data-recalc-dims=\"1\" loading=\"lazy\" decoding=\"async\" class=\"size-medium wp-image-20893\" title=\"heidi serrat (2)\" src=\"https:\/\/i0.wp.com\/www.eltrabajo.cl\/portal\/wp-content\/uploads\/2012\/07\/heidi-serrat-2-300x225.jpg?resize=300%2C225\" alt=\"\" width=\"300\" height=\"225\" srcset=\"https:\/\/i0.wp.com\/eltrabajo.cl\/portal\/wp-content\/uploads\/2012\/07\/heidi-serrat-2.jpg?resize=300%2C225&amp;ssl=1 300w, https:\/\/i0.wp.com\/eltrabajo.cl\/portal\/wp-content\/uploads\/2012\/07\/heidi-serrat-2.jpg?resize=200%2C150&amp;ssl=1 200w, https:\/\/i0.wp.com\/eltrabajo.cl\/portal\/wp-content\/uploads\/2012\/07\/heidi-serrat-2.jpg?resize=150%2C112&amp;ssl=1 150w, https:\/\/i0.wp.com\/eltrabajo.cl\/portal\/wp-content\/uploads\/2012\/07\/heidi-serrat-2.jpg?resize=400%2C300&amp;ssl=1 400w, https:\/\/i0.wp.com\/eltrabajo.cl\/portal\/wp-content\/uploads\/2012\/07\/heidi-serrat-2.jpg?w=600&amp;ssl=1 600w\" sizes=\"auto, (max-width: 300px) 100vw, 300px\" \/><\/a><figcaption id=\"caption-attachment-20893\" class=\"wp-caption-text\">La directora provincial de Prodemu invit\u00f3 a las mujeres interesadas en saber m\u00e1s sobre el bono Mujer Trabajadora, instancia donde adem\u00e1s las mujeres podr\u00e1n postular al beneficio.<\/figcaption><\/figure>\n<p>Hoy jueves en dependencias de la Fundaci\u00f3n Prodemu en Coimas casi esquina Freire (ex Cema Chile) se realizar\u00e1 el lanzamiento del programa \u2018Subsidio de Empleo a la Mujer\u2019, el que contar\u00e1 con la presencia del Seremi de Desarrollo Social y de autoridades locales, actividad que tiene como finalidad adem\u00e1s informar a las mujeres sobre este nuevo beneficio.<\/p>\n<p>En la ocasi\u00f3n las mujeres podr\u00e1n ser inscritas de inmediato y saber si su postulaci\u00f3n presenta alg\u00fan problema.<\/p>\n<p><strong>BENEFICIARIAS<\/strong><\/p>\n<p>Seg\u00fan explic\u00f3 la directora provincial de la Fundaci\u00f3n, la actividad se realizar\u00e1 a partir de las 11 de la ma\u00f1ana y se espera la participaci\u00f3n de una importante cantidad de mujeres, quienes pueden ser beneficiarias de este programa.<\/p>\n<p>De acuerdo a lo indicado por Serrat, el grupo objetivo de este beneficio es el 30% m\u00e1s vulnerable de la poblaci\u00f3n femenina, que tienen entre 25 y 60 a\u00f1os y que cuentan con un sueldo de menos de 383 mil pesos brutos mensuales.<\/p>\n<p>Las postulaciones a este beneficio se abrieron el 17 de julio, por ello la actividad de este jueves tiene como objetivo aclarar las dudas de las mujeres y realizar la postulaci\u00f3n para obtener este bono que es entregado por el Ministerio de Desarrollo Social y el Sence.<\/p>\n<p><strong>30% M\u00c1S VULNERABLE<\/strong><\/p>\n<p>El hecho de ser parte del 30% m\u00e1s vulnerable de la poblaci\u00f3n implica contar con una ficha de protecci\u00f3n social de menos de 11 mil puntos, a lo que se suma la estabilidad laboral que tenga la mujer, por ello cada mujer interesada en obtener el bono debe consultar espec\u00edficamente por su caso y por ello se pone a disposici\u00f3n de las interesadas la actividad de este jueves.<\/p>\n<p><strong>DURA CUATRO A\u00d1OS EN TOTAL<\/strong><\/p>\n<p>Este bono dura en total cuatro a\u00f1os y la mujer puede hacerlo efectivo de manera mensual o una sola vez al a\u00f1o.<\/p>\n<p>\u201cSe puede entregar mensualmente, si es mensualmente es una asignaci\u00f3n de 34 mil y fracci\u00f3n, o lo puedes pedir de forma anual, que es una subvenci\u00f3n de alrededor de 400 mil pesos en el a\u00f1o. La mujer decide cual de las dos formas prefiere\u201d, dijo Serrat.<\/p>\n<p>Adem\u00e1s el empleador tambi\u00e9n se ve beneficiado, ya que al postular una mujer trabajadora, su empleador tambi\u00e9n recibe un bono de entre 10 y 17 mil pesos por 24 meses.<\/p>\n<p>\u201cLa mujer es portadora de su bono, si la mujer se cambia, se lleva su bono al nuevo trabajo y el nuevo empleador puede optar al subsidio\u201d, dijo la directora de Prodemu.<\/p>\n","protected":false},"excerpt":{"rendered":"<p>Hoy jueves en dependencias de la Fundaci\u00f3n Prodemu en Coimas casi esquina Freire (ex Cema Chile) se realizar\u00e1 el lanzamiento del programa \u2018Subsidio de Empleo a la Mujer\u2019, el que contar\u00e1 con&#8230;<\/p>\n","protected":false},"author":482,"featured_media":20893,"comment_status":"open","ping_status":"closed","sticky":false,"template":"","format":"standard","meta":{"advanced_seo_description":"","jetpack_seo_html_title":"","jetpack_seo_noindex":false,"_jetpack_memberships_contains_paid_content":false,"footnotes":""},"categories":[1],"tags":[],"class_list":["post-20892","post","type-post","status-publish","format-standard","has-post-thumbnail","hentry","category-cronica"],"jetpack_featured_media_url":"https:\/\/i0.wp.com\/eltrabajo.cl\/portal\/wp-content\/uploads\/2012\/07\/heidi-serrat-2.jpg?fit=600%2C450&ssl=1","jetpack_sharing_enabled":true,"jetpack_likes_enabled":true,"jetpack-related-posts":[],"_links":{"self":[{"href":"https:\/\/eltrabajo.cl\/portal\/wp-json\/wp\/v2\/posts\/20892","targetHints":{"allow":["GET"]}}],"collection":[{"href":"https:\/\/eltrabajo.cl\/portal\/wp-json\/wp\/v2\/posts"}],"about":[{"href":"https:\/\/eltrabajo.cl\/portal\/wp-json\/wp\/v2\/types\/post"}],"author":[{"embeddable":true,"href":"https:\/\/eltrabajo.cl\/portal\/wp-json\/wp\/v2\/users\/482"}],"replies":[{"embeddable":true,"href":"https:\/\/eltrabajo.cl\/portal\/wp-json\/wp\/v2\/comments?post=20892"}],"version-history":[{"count":0,"href":"https:\/\/eltrabajo.cl\/portal\/wp-json\/wp\/v2\/posts\/20892\/revisions"}],"wp:featuredmedia":[{"embeddable":true,"href":"https:\/\/eltrabajo.cl\/portal\/wp-json\/wp\/v2\/media\/20893"}],"wp:attachment":[{"href":"https:\/\/eltrabajo.cl\/portal\/wp-json\/wp\/v2\/media?parent=20892"}],"wp:term":[{"taxonomy":"category","embeddable":true,"href":"https:\/\/eltrabajo.cl\/portal\/wp-json\/wp\/v2\/categories?post=20892"},{"taxonomy":"post_tag","embeddable":true,"href":"https:\/\/eltrabajo.cl\/portal\/wp-json\/wp\/v2\/tags?post=20892"}],"curies":[{"name":"wp","href":"https:\/\/api.w.org\/{rel}","templated":true}]}}