{"id":20897,"date":"2012-07-19T10:03:59","date_gmt":"2012-07-19T14:03:59","guid":{"rendered":"http:\/\/www.eltrabajo.cl\/portal\/?p=20897"},"modified":"2012-07-19T10:03:59","modified_gmt":"2012-07-19T14:03:59","slug":"pdi-busca-a-propietarios-de-instrumentos-musicales-recuperados","status":"publish","type":"post","link":"https:\/\/eltrabajo.cl\/portal\/pdi-busca-a-propietarios-de-instrumentos-musicales-recuperados\/","title":{"rendered":"PDI busca a propietarios de instrumentos musicales recuperados"},"content":{"rendered":"<figure id=\"attachment_20899\" aria-describedby=\"caption-attachment-20899\" style=\"width: 600px\" class=\"wp-caption alignnone\"><a href=\"http:\/\/www.eltrabajo.cl\/portal\/2012\/07\/pdi-busca-a-propietarios-de-instrumentos-musicales-recuperados\/operativo-gebro4\/\" rel=\"attachment wp-att-20899\"><img data-recalc-dims=\"1\" loading=\"lazy\" decoding=\"async\" class=\"size-full wp-image-20899\" title=\"operativo-gebro4\" src=\"https:\/\/i0.wp.com\/www.eltrabajo.cl\/portal\/wp-content\/uploads\/2012\/07\/operativo-gebro4.jpg?resize=600%2C441\" alt=\"\" width=\"600\" height=\"441\" srcset=\"https:\/\/i0.wp.com\/eltrabajo.cl\/portal\/wp-content\/uploads\/2012\/07\/operativo-gebro4.jpg?w=600&amp;ssl=1 600w, https:\/\/i0.wp.com\/eltrabajo.cl\/portal\/wp-content\/uploads\/2012\/07\/operativo-gebro4.jpg?resize=200%2C147&amp;ssl=1 200w, https:\/\/i0.wp.com\/eltrabajo.cl\/portal\/wp-content\/uploads\/2012\/07\/operativo-gebro4.jpg?resize=300%2C220&amp;ssl=1 300w, https:\/\/i0.wp.com\/eltrabajo.cl\/portal\/wp-content\/uploads\/2012\/07\/operativo-gebro4.jpg?resize=150%2C110&amp;ssl=1 150w, https:\/\/i0.wp.com\/eltrabajo.cl\/portal\/wp-content\/uploads\/2012\/07\/operativo-gebro4.jpg?resize=400%2C294&amp;ssl=1 400w\" sizes=\"auto, (max-width: 600px) 100vw, 600px\" \/><\/a><figcaption id=\"caption-attachment-20899\" class=\"wp-caption-text\">Diversas especies como un viol\u00edn, guitarras y un bajo, entre otras, a\u00fan no han sido reclamadas por sus propietarios.<\/figcaption><\/figure>\n<p><strong>LOS ANDES.-<\/strong> Un 90% de las especies recuperadas la semana pasada por el Grupo Especial de Recuperaci\u00f3n de Bienes Robados de la PDI de Los Andes ha sido devuelta a sus due\u00f1os.<\/p>\n<p>As\u00ed lo dio a conocer el Jefe de esa unidad, Subprefecto Jorge Silva, quien se\u00f1al\u00f3 que la gran mayor\u00eda de las especies que fueron localizadas la semana pasada y que hab\u00edan sido vendidas a receptadores, ya fueron devueltas a sus due\u00f1os.<\/p>\n<p>No obstante, el Subprefecto dijo que a\u00fan quedan por devolver una importante cantidad de instrumentos musicales entre los que figura un viol\u00edn, un bajo y varias guitarras.<\/p>\n<p>\u201cLo recuperado forma parte de la primera etapa de esta investigaci\u00f3n, restando a\u00fan poder acreditar los delitos y detener a la banda\u201d, coment\u00f3 Silva.<\/p>\n<figure id=\"attachment_20898\" aria-describedby=\"caption-attachment-20898\" style=\"width: 300px\" class=\"wp-caption alignright\"><a href=\"http:\/\/www.eltrabajo.cl\/portal\/2012\/07\/pdi-busca-a-propietarios-de-instrumentos-musicales-recuperados\/subprefec-silva5\/\" rel=\"attachment wp-att-20898\"><img data-recalc-dims=\"1\" loading=\"lazy\" decoding=\"async\" class=\"size-medium wp-image-20898\" title=\"subprefec-silva5\" src=\"https:\/\/i0.wp.com\/www.eltrabajo.cl\/portal\/wp-content\/uploads\/2012\/07\/subprefec-silva5-300x228.jpg?resize=300%2C228\" alt=\"\" width=\"300\" height=\"228\" srcset=\"https:\/\/i0.wp.com\/eltrabajo.cl\/portal\/wp-content\/uploads\/2012\/07\/subprefec-silva5.jpg?resize=300%2C228&amp;ssl=1 300w, https:\/\/i0.wp.com\/eltrabajo.cl\/portal\/wp-content\/uploads\/2012\/07\/subprefec-silva5.jpg?resize=197%2C150&amp;ssl=1 197w, https:\/\/i0.wp.com\/eltrabajo.cl\/portal\/wp-content\/uploads\/2012\/07\/subprefec-silva5.jpg?resize=150%2C114&amp;ssl=1 150w, https:\/\/i0.wp.com\/eltrabajo.cl\/portal\/wp-content\/uploads\/2012\/07\/subprefec-silva5.jpg?resize=400%2C304&amp;ssl=1 400w, https:\/\/i0.wp.com\/eltrabajo.cl\/portal\/wp-content\/uploads\/2012\/07\/subprefec-silva5.jpg?w=600&amp;ssl=1 600w\" sizes=\"auto, (max-width: 300px) 100vw, 300px\" \/><\/a><figcaption id=\"caption-attachment-20898\" class=\"wp-caption-text\">El Subprefecto Jorge Silva se\u00f1al\u00f3 que a\u00fan quedan por devolver una importante cantidad de instrumentos musicales.<\/figcaption><\/figure>\n<p>El Jefe de la Gebro advirti\u00f3 que la PDI no est\u00e1 devolviendo ninguna especie a aquella persona que no acredite fehacientemente su dominio, \u201clo cual debe hacerse mediante la factura o boleta de compra, los n\u00fameros de serie y adicionalmente cuando la especies tiene alguna caracter\u00edstica especial que la distingue sobre otra de similares caracter\u00edsticas\u201d.<\/p>\n<p>Puntualiz\u00f3 que en el caso de las boletas, cuando se adquiere un producto en una casa comercial no viene detallado su n\u00famero de serie, \u201cpor lo que es importante que las personas cuando adquieran una especie, particularmente electrodom\u00e9stico o equipo computacional, anoten el n\u00famero de serie como respaldo para que en caso de robo pueda ser recuperado\u201d.<\/p>\n<p>Agreg\u00f3 tambi\u00e9n que entre las especies que a\u00fan no han sido reclamadas, est\u00e1 un calef\u00f3n nuevo, cuatro televisores y un equipo de radiocomunicaci\u00f3n que se presume habr\u00eda sido sustra\u00eddo desde un cami\u00f3n.<\/p>\n<p>El Subprefecto inform\u00f3 que las especies permanecer\u00e1n en poder de la PDI hasta un plazo de 15 d\u00edas y luego ser\u00e1n remitidas a la fiscal\u00eda para que ese organismo disponga su enajenaci\u00f3n por parte de la Caja de Cr\u00e9dito Prendario y lo recaudado ingrese a las arcas fiscales<\/p>\n<p>&nbsp;<\/p>\n","protected":false},"excerpt":{"rendered":"<p>LOS ANDES.- Un 90% de las especies recuperadas la semana pasada por el Grupo Especial de Recuperaci\u00f3n de Bienes Robados de la PDI de Los Andes ha sido devuelta a sus due\u00f1os&#8230;.<\/p>\n","protected":false},"author":482,"featured_media":20899,"comment_status":"open","ping_status":"closed","sticky":false,"template":"","format":"standard","meta":{"advanced_seo_description":"","jetpack_seo_html_title":"","jetpack_seo_noindex":false,"_jetpack_memberships_contains_paid_content":false,"footnotes":""},"categories":[21],"tags":[],"class_list":["post-20897","post","type-post","status-publish","format-standard","has-post-thumbnail","hentry","category-policial"],"jetpack_featured_media_url":"https:\/\/i0.wp.com\/eltrabajo.cl\/portal\/wp-content\/uploads\/2012\/07\/operativo-gebro4.jpg?fit=600%2C441&ssl=1","jetpack_sharing_enabled":true,"jetpack_likes_enabled":true,"jetpack-related-posts":[],"_links":{"self":[{"href":"https:\/\/eltrabajo.cl\/portal\/wp-json\/wp\/v2\/posts\/20897","targetHints":{"allow":["GET"]}}],"collection":[{"href":"https:\/\/eltrabajo.cl\/portal\/wp-json\/wp\/v2\/posts"}],"about":[{"href":"https:\/\/eltrabajo.cl\/portal\/wp-json\/wp\/v2\/types\/post"}],"author":[{"embeddable":true,"href":"https:\/\/eltrabajo.cl\/portal\/wp-json\/wp\/v2\/users\/482"}],"replies":[{"embeddable":true,"href":"https:\/\/eltrabajo.cl\/portal\/wp-json\/wp\/v2\/comments?post=20897"}],"version-history":[{"count":0,"href":"https:\/\/eltrabajo.cl\/portal\/wp-json\/wp\/v2\/posts\/20897\/revisions"}],"wp:featuredmedia":[{"embeddable":true,"href":"https:\/\/eltrabajo.cl\/portal\/wp-json\/wp\/v2\/media\/20899"}],"wp:attachment":[{"href":"https:\/\/eltrabajo.cl\/portal\/wp-json\/wp\/v2\/media?parent=20897"}],"wp:term":[{"taxonomy":"category","embeddable":true,"href":"https:\/\/eltrabajo.cl\/portal\/wp-json\/wp\/v2\/categories?post=20897"},{"taxonomy":"post_tag","embeddable":true,"href":"https:\/\/eltrabajo.cl\/portal\/wp-json\/wp\/v2\/tags?post=20897"}],"curies":[{"name":"wp","href":"https:\/\/api.w.org\/{rel}","templated":true}]}}