{"id":20902,"date":"2012-07-19T10:05:17","date_gmt":"2012-07-19T14:05:17","guid":{"rendered":"http:\/\/www.eltrabajo.cl\/portal\/?p=20902"},"modified":"2012-07-19T10:05:17","modified_gmt":"2012-07-19T14:05:17","slug":"fiscalia-pide-15-anos-a-sujeto-que-asalto-e-hirio-con-cuchilla-a-una-mujer","status":"publish","type":"post","link":"https:\/\/eltrabajo.cl\/portal\/fiscalia-pide-15-anos-a-sujeto-que-asalto-e-hirio-con-cuchilla-a-una-mujer\/","title":{"rendered":"Fiscal\u00eda pide 15 a\u00f1os a sujeto que asalt\u00f3 e hiri\u00f3 con cuchilla a una mujer"},"content":{"rendered":"<figure id=\"attachment_20903\" aria-describedby=\"caption-attachment-20903\" style=\"width: 300px\" class=\"wp-caption alignleft\"><a href=\"http:\/\/www.eltrabajo.cl\/portal\/2012\/07\/fiscalia-pide-15-anos-a-sujeto-que-asalto-e-hirio-con-cuchilla-a-una-mujer\/fiscal-daniela-quevedo-6\/\" rel=\"attachment wp-att-20903\"><img data-recalc-dims=\"1\" loading=\"lazy\" decoding=\"async\" class=\"size-medium wp-image-20903\" title=\"Fiscal Daniela Quevedo\" src=\"https:\/\/i0.wp.com\/www.eltrabajo.cl\/portal\/wp-content\/uploads\/2012\/07\/Fiscal-Daniela-Quevedo-300x236.jpg?resize=300%2C236\" alt=\"\" width=\"300\" height=\"236\" srcset=\"https:\/\/i0.wp.com\/eltrabajo.cl\/portal\/wp-content\/uploads\/2012\/07\/Fiscal-Daniela-Quevedo.jpg?resize=300%2C236&amp;ssl=1 300w, https:\/\/i0.wp.com\/eltrabajo.cl\/portal\/wp-content\/uploads\/2012\/07\/Fiscal-Daniela-Quevedo.jpg?resize=190%2C150&amp;ssl=1 190w, https:\/\/i0.wp.com\/eltrabajo.cl\/portal\/wp-content\/uploads\/2012\/07\/Fiscal-Daniela-Quevedo.jpg?resize=150%2C118&amp;ssl=1 150w, https:\/\/i0.wp.com\/eltrabajo.cl\/portal\/wp-content\/uploads\/2012\/07\/Fiscal-Daniela-Quevedo.jpg?resize=400%2C315&amp;ssl=1 400w, https:\/\/i0.wp.com\/eltrabajo.cl\/portal\/wp-content\/uploads\/2012\/07\/Fiscal-Daniela-Quevedo.jpg?w=600&amp;ssl=1 600w\" sizes=\"auto, (max-width: 300px) 100vw, 300px\" \/><\/a><figcaption id=\"caption-attachment-20903\" class=\"wp-caption-text\">La Fiscal Daniela Quevedo Henr\u00edquez, requiri\u00f3 el m\u00e1ximo rigor de la Ley ante el Tribunal Oral por este delito que podr\u00eda alcanzar los 15 a\u00f1os de presidio.<\/figcaption><\/figure>\n<p>Pablo Salinas Sald\u00edas &#8211; psalinas@eltrabajo.cl<\/p>\n<p>Considerar \u2018Culpable\u2019 a Daniel Antonio Terraza Golmo por el delito de Robo con violencia, fue la decisi\u00f3n tomada por el Tribunal Oral en Lo Penal de San Felipe; luego de que este hombre de 24 a\u00f1os de edad, quien asalt\u00f3 y propin\u00f3 cortes con un arma blanca a una mujer de 45 a\u00f1os en la v\u00eda p\u00fablica, fuera sometido a un Juicio Oral.<\/p>\n<p>En este proceso desarrollado en horas de la tarde del pasado martes, el Imputado reconoci\u00f3 el delito por los cuales el Ministerio P\u00fablico; a cargo de la Fiscal Daniela Quevedo Henr\u00edquez, expuso en audiencia los sucesos ocurridos el pasado 11 de abril de 2011, cuando una mujer de 45 a\u00f1os transitaba por Calle Tacna Norte de San Felipe, en direcci\u00f3n a su trabajo en horas de la noche, siendo interceptada por el acusado Terraza Golmo, quien comenz\u00f3 a forcejear con la v\u00edctima con la intensi\u00f3n de arrebatarle su cartera, momentos en que la mujer opuso resistencia al agresor, el malviviente sac\u00f3 de entre sus vestimentas un cortaplumas, propin\u00e1ndole cortes en su brazo izquierdo y espalda para posteriormente huir con la cartera, en cuyo interior manten\u00eda dinero en efectivo, un celular y documentaci\u00f3n personal.<\/p>\n<p>A ra\u00edz de lo anterior, de acuerdo a la Legislaci\u00f3n Chilena, la Fiscal\u00eda est\u00e1 solicitando las m\u00e1ximas penas por este delito, alcanzando los 15 a\u00f1os de presidio, dado a que el Imputado posee una agravante que le perjudica, una reincidencia espec\u00edfica cometida anteriormente y por la que fue condenado por el delito de Robo con intimidaci\u00f3n.<\/p>\n<p>Durante el Juicio Oral, se cont\u00f3 adem\u00e1s con la declaraci\u00f3n de la propia v\u00edctima, que tras la agresi\u00f3n en aquella oportunidad result\u00f3 con lesiones menos graves. Asimismo, las declaraciones de los funcionarios policiales que adoptaron el procedimiento y pudieron dar con el paradero del sujeto que hasta el momento se encuentra en Prisi\u00f3n Preventiva.<\/p>\n<p>No obstante, para el pr\u00f3ximo lunes 23 de julio se dar\u00e1 a conocer la Lectura de Sentencia dictada por el Tribunal Oral.<\/p>\n<p>&nbsp;<\/p>\n","protected":false},"excerpt":{"rendered":"<p>Pablo Salinas Sald\u00edas &#8211; psalinas@eltrabajo.cl Considerar \u2018Culpable\u2019 a Daniel Antonio Terraza Golmo por el delito de Robo con violencia, fue la decisi\u00f3n tomada por el Tribunal Oral en Lo Penal de San&#8230;<\/p>\n","protected":false},"author":482,"featured_media":20903,"comment_status":"open","ping_status":"closed","sticky":false,"template":"","format":"standard","meta":{"advanced_seo_description":"","jetpack_seo_html_title":"","jetpack_seo_noindex":false,"_jetpack_memberships_contains_paid_content":false,"footnotes":""},"categories":[21],"tags":[],"class_list":["post-20902","post","type-post","status-publish","format-standard","has-post-thumbnail","hentry","category-policial"],"jetpack_featured_media_url":"https:\/\/i0.wp.com\/eltrabajo.cl\/portal\/wp-content\/uploads\/2012\/07\/Fiscal-Daniela-Quevedo.jpg?fit=600%2C473&ssl=1","jetpack_sharing_enabled":true,"jetpack_likes_enabled":true,"jetpack-related-posts":[],"_links":{"self":[{"href":"https:\/\/eltrabajo.cl\/portal\/wp-json\/wp\/v2\/posts\/20902","targetHints":{"allow":["GET"]}}],"collection":[{"href":"https:\/\/eltrabajo.cl\/portal\/wp-json\/wp\/v2\/posts"}],"about":[{"href":"https:\/\/eltrabajo.cl\/portal\/wp-json\/wp\/v2\/types\/post"}],"author":[{"embeddable":true,"href":"https:\/\/eltrabajo.cl\/portal\/wp-json\/wp\/v2\/users\/482"}],"replies":[{"embeddable":true,"href":"https:\/\/eltrabajo.cl\/portal\/wp-json\/wp\/v2\/comments?post=20902"}],"version-history":[{"count":0,"href":"https:\/\/eltrabajo.cl\/portal\/wp-json\/wp\/v2\/posts\/20902\/revisions"}],"wp:featuredmedia":[{"embeddable":true,"href":"https:\/\/eltrabajo.cl\/portal\/wp-json\/wp\/v2\/media\/20903"}],"wp:attachment":[{"href":"https:\/\/eltrabajo.cl\/portal\/wp-json\/wp\/v2\/media?parent=20902"}],"wp:term":[{"taxonomy":"category","embeddable":true,"href":"https:\/\/eltrabajo.cl\/portal\/wp-json\/wp\/v2\/categories?post=20902"},{"taxonomy":"post_tag","embeddable":true,"href":"https:\/\/eltrabajo.cl\/portal\/wp-json\/wp\/v2\/tags?post=20902"}],"curies":[{"name":"wp","href":"https:\/\/api.w.org\/{rel}","templated":true}]}}