{"id":20906,"date":"2012-07-19T10:08:34","date_gmt":"2012-07-19T14:08:34","guid":{"rendered":"http:\/\/www.eltrabajo.cl\/portal\/?p=20906"},"modified":"2012-07-19T10:08:34","modified_gmt":"2012-07-19T14:08:34","slug":"general-olivares-visito-estadio-municipal-y-confirmo-un-aforo-de-7-000-personas","status":"publish","type":"post","link":"https:\/\/eltrabajo.cl\/portal\/general-olivares-visito-estadio-municipal-y-confirmo-un-aforo-de-7-000-personas\/","title":{"rendered":"General Olivares visit\u00f3 Estadio Municipal y confirm\u00f3 un aforo de 7.000 personas"},"content":{"rendered":"<figure id=\"attachment_20907\" aria-describedby=\"caption-attachment-20907\" style=\"width: 600px\" class=\"wp-caption alignnone\"><a href=\"http:\/\/www.eltrabajo.cl\/portal\/2012\/07\/general-olivares-visito-estadio-municipal-y-confirmo-un-aforo-de-7-000-personas\/visita-general-a-estadio\/\" rel=\"attachment wp-att-20907\"><img data-recalc-dims=\"1\" loading=\"lazy\" decoding=\"async\" class=\"size-full wp-image-20907\" title=\"visita general a estadio\" src=\"https:\/\/i0.wp.com\/www.eltrabajo.cl\/portal\/wp-content\/uploads\/2012\/07\/visita-general-a-estadio.jpg?resize=600%2C450\" alt=\"\" width=\"600\" height=\"450\" srcset=\"https:\/\/i0.wp.com\/eltrabajo.cl\/portal\/wp-content\/uploads\/2012\/07\/visita-general-a-estadio.jpg?w=600&amp;ssl=1 600w, https:\/\/i0.wp.com\/eltrabajo.cl\/portal\/wp-content\/uploads\/2012\/07\/visita-general-a-estadio.jpg?resize=200%2C150&amp;ssl=1 200w, https:\/\/i0.wp.com\/eltrabajo.cl\/portal\/wp-content\/uploads\/2012\/07\/visita-general-a-estadio.jpg?resize=300%2C225&amp;ssl=1 300w, https:\/\/i0.wp.com\/eltrabajo.cl\/portal\/wp-content\/uploads\/2012\/07\/visita-general-a-estadio.jpg?resize=150%2C112&amp;ssl=1 150w, https:\/\/i0.wp.com\/eltrabajo.cl\/portal\/wp-content\/uploads\/2012\/07\/visita-general-a-estadio.jpg?resize=400%2C300&amp;ssl=1 400w\" sizes=\"auto, (max-width: 600px) 100vw, 600px\" \/><\/a><figcaption id=\"caption-attachment-20907\" class=\"wp-caption-text\">Las autoridades de la provincia, visitaron el Estadio Municipal en compa\u00f1\u00eda del General Alejandro Olivares, esto para conocer los arreglos que se realizan en el recinto deportivo y que permitir\u00edan realizar encuentros de alta convocatoria.<\/figcaption><\/figure>\n<p>Un recorrido por las instalaciones del Estadio Municipal de San Felipe, realiz\u00f3 el General Alejandro Olivares, encargado de seguridad del programa Estadio Seguro, quien visit\u00f3 el recinto deportivo en compa\u00f1\u00eda de la Gobernadora Patricia Boffa0; el Alcalde Jaime Amar, adem\u00e1s de asesores del Ministerio del Interior y dirigentes de Uni\u00f3n San Felipe.<\/p>\n<p>La visita se concret\u00f3 luego de una invitaci\u00f3n realizada por la autoridad provincial y que ten\u00eda como objetivo conocer las instalaciones y ver los arreglos que se han estado realizando al estadio, las que fueron destacadas por el Alto Oficial de Carabineros. El Coronel Olivares especific\u00f3 que en el lugar, se ve el trabajo que se ha estado realizando y el compromiso de parte de la autoridad, lo que da cuenta de un mejoramiento de los est\u00e1ndares de seguridad.<\/p>\n<p><strong>DETALLES POR MEJORAR<\/strong><\/p>\n<p>Sin embargo, se\u00f1al\u00f3 que a\u00fan quedan detalles que corregir para lograr un recinto \u00f3ptimo, detalles que tiene que ver con la existencia de maderos sueltos; los que al ser combustibles se convierten en un riesgo, aunque esto de todas maneras permitir\u00eda realizar el encuentro entre Uni\u00f3n San Felipe y la Universidad Cat\u00f3lica.<\/p>\n<p>\u201cSe ve trabajo, hay compromiso de parte de las autoridades, se ha mejorado y estamos en condiciones de desarrollar un partido como el de San Felipe y la Universidad Cat\u00f3lica este fin de semana\u201d, dijo el oficial.<\/p>\n<p>Consultado por la existencia de alguna condici\u00f3n especial para ese encuentro, Olivares dijo que el aforo autorizado por Estadio Seguro es de 7.000 personas como m\u00e1ximo, aunque las medidas de seguridad particulares se establecer\u00e1n en la reuni\u00f3n que sostendr\u00e1n el Prefecto de Aconcagua, Manuel Letelier con las autoridades locales, incluido el aforo.<\/p>\n<p>&nbsp;<\/p>\n","protected":false},"excerpt":{"rendered":"<p>Un recorrido por las instalaciones del Estadio Municipal de San Felipe, realiz\u00f3 el General Alejandro Olivares, encargado de seguridad del programa Estadio Seguro, quien visit\u00f3 el recinto deportivo en compa\u00f1\u00eda de la&#8230;<\/p>\n","protected":false},"author":482,"featured_media":20907,"comment_status":"open","ping_status":"closed","sticky":false,"template":"","format":"standard","meta":{"advanced_seo_description":"","jetpack_seo_html_title":"","jetpack_seo_noindex":false,"_jetpack_memberships_contains_paid_content":false,"footnotes":""},"categories":[1],"tags":[],"class_list":["post-20906","post","type-post","status-publish","format-standard","has-post-thumbnail","hentry","category-cronica"],"jetpack_featured_media_url":"https:\/\/i0.wp.com\/eltrabajo.cl\/portal\/wp-content\/uploads\/2012\/07\/visita-general-a-estadio.jpg?fit=600%2C450&ssl=1","jetpack_sharing_enabled":true,"jetpack_likes_enabled":true,"jetpack-related-posts":[],"_links":{"self":[{"href":"https:\/\/eltrabajo.cl\/portal\/wp-json\/wp\/v2\/posts\/20906","targetHints":{"allow":["GET"]}}],"collection":[{"href":"https:\/\/eltrabajo.cl\/portal\/wp-json\/wp\/v2\/posts"}],"about":[{"href":"https:\/\/eltrabajo.cl\/portal\/wp-json\/wp\/v2\/types\/post"}],"author":[{"embeddable":true,"href":"https:\/\/eltrabajo.cl\/portal\/wp-json\/wp\/v2\/users\/482"}],"replies":[{"embeddable":true,"href":"https:\/\/eltrabajo.cl\/portal\/wp-json\/wp\/v2\/comments?post=20906"}],"version-history":[{"count":0,"href":"https:\/\/eltrabajo.cl\/portal\/wp-json\/wp\/v2\/posts\/20906\/revisions"}],"wp:featuredmedia":[{"embeddable":true,"href":"https:\/\/eltrabajo.cl\/portal\/wp-json\/wp\/v2\/media\/20907"}],"wp:attachment":[{"href":"https:\/\/eltrabajo.cl\/portal\/wp-json\/wp\/v2\/media?parent=20906"}],"wp:term":[{"taxonomy":"category","embeddable":true,"href":"https:\/\/eltrabajo.cl\/portal\/wp-json\/wp\/v2\/categories?post=20906"},{"taxonomy":"post_tag","embeddable":true,"href":"https:\/\/eltrabajo.cl\/portal\/wp-json\/wp\/v2\/tags?post=20906"}],"curies":[{"name":"wp","href":"https:\/\/api.w.org\/{rel}","templated":true}]}}