{"id":20910,"date":"2012-07-19T10:11:52","date_gmt":"2012-07-19T14:11:52","guid":{"rendered":"http:\/\/www.eltrabajo.cl\/portal\/?p=20910"},"modified":"2012-07-19T10:11:52","modified_gmt":"2012-07-19T14:11:52","slug":"gobernadora-estudia-acciones-legales-frente-a-manifestaciones-en-putaendo","status":"publish","type":"post","link":"https:\/\/eltrabajo.cl\/portal\/gobernadora-estudia-acciones-legales-frente-a-manifestaciones-en-putaendo\/","title":{"rendered":"Gobernadora estudia acciones legales frente a manifestaciones en Putaendo"},"content":{"rendered":"<figure id=\"attachment_20912\" aria-describedby=\"caption-attachment-20912\" style=\"width: 600px\" class=\"wp-caption alignnone\"><a href=\"http:\/\/www.eltrabajo.cl\/portal\/2012\/07\/gobernadora-estudia-acciones-legales-frente-a-manifestaciones-en-putaendo\/nueva-barricada\/\" rel=\"attachment wp-att-20912\"><img data-recalc-dims=\"1\" loading=\"lazy\" decoding=\"async\" class=\"size-full wp-image-20912\" title=\"nueva barricada\" src=\"https:\/\/i0.wp.com\/www.eltrabajo.cl\/portal\/wp-content\/uploads\/2012\/07\/nueva-barricada.jpg?resize=600%2C450\" alt=\"\" width=\"600\" height=\"450\" srcset=\"https:\/\/i0.wp.com\/eltrabajo.cl\/portal\/wp-content\/uploads\/2012\/07\/nueva-barricada.jpg?w=600&amp;ssl=1 600w, https:\/\/i0.wp.com\/eltrabajo.cl\/portal\/wp-content\/uploads\/2012\/07\/nueva-barricada.jpg?resize=200%2C150&amp;ssl=1 200w, https:\/\/i0.wp.com\/eltrabajo.cl\/portal\/wp-content\/uploads\/2012\/07\/nueva-barricada.jpg?resize=300%2C225&amp;ssl=1 300w, https:\/\/i0.wp.com\/eltrabajo.cl\/portal\/wp-content\/uploads\/2012\/07\/nueva-barricada.jpg?resize=150%2C112&amp;ssl=1 150w, https:\/\/i0.wp.com\/eltrabajo.cl\/portal\/wp-content\/uploads\/2012\/07\/nueva-barricada.jpg?resize=400%2C300&amp;ssl=1 400w\" sizes=\"auto, (max-width: 600px) 100vw, 600px\" \/><\/a><figcaption id=\"caption-attachment-20912\" class=\"wp-caption-text\">Personal de Carabineros evit\u00f3 perseguir a los causantes de los des\u00f3rdenes y procedi\u00f3 a disolver las barricadas, ayudados por Bomberos.<\/figcaption><\/figure>\n<p>Luego de los \u00faltimos hechos ocurridos en la comuna de Putaendo, que ha significado barricadas con personas lesionadas y detenidos, la Gobernadora Patricia Boffa lament\u00f3 la situaci\u00f3n, sobre todo, seg\u00fan dijo, despu\u00e9s de haberse generado en ese sector una mesa de trabajo con la Junta de Vigilancia y las autoridades locales y nacionales.<\/p>\n<p>La autoridad provincial calific\u00f3 como delictuales los hechos y lament\u00f3 el llamado que habr\u00eda hecho el Alcalde Guillermo Reyes a manifestarse, situaci\u00f3n que ella misma convers\u00f3 con el jefe comunal, argumentando que ese tipo de llamados no eran buenos, debido a que las manifestaciones en alg\u00fan momento tendr\u00edan que explotar, seg\u00fan indic\u00f3.<\/p>\n<p>\u201cVemos s\u00f3lo hechos delictuales, ya la semana pasada tuvimos 3 detenidos, que eran 3 hijos de funcionarios municipales, hoy d\u00eda nuevamente tenemos detenidos, disturbios, entonces yo le hago un llamado a la gente de Putaendo a tener confianza\u201d.<\/p>\n<figure id=\"attachment_20913\" aria-describedby=\"caption-attachment-20913\" style=\"width: 300px\" class=\"wp-caption alignright\"><a href=\"http:\/\/www.eltrabajo.cl\/portal\/2012\/07\/gobernadora-estudia-acciones-legales-frente-a-manifestaciones-en-putaendo\/patricia-boffa-1\/\" rel=\"attachment wp-att-20913\"><img data-recalc-dims=\"1\" loading=\"lazy\" decoding=\"async\" class=\"size-medium wp-image-20913\" title=\"patricia boffa (1)\" src=\"https:\/\/i0.wp.com\/www.eltrabajo.cl\/portal\/wp-content\/uploads\/2012\/07\/patricia-boffa-1-300x220.jpg?resize=300%2C220\" alt=\"\" width=\"300\" height=\"220\" srcset=\"https:\/\/i0.wp.com\/eltrabajo.cl\/portal\/wp-content\/uploads\/2012\/07\/patricia-boffa-1.jpg?resize=300%2C220&amp;ssl=1 300w, https:\/\/i0.wp.com\/eltrabajo.cl\/portal\/wp-content\/uploads\/2012\/07\/patricia-boffa-1.jpg?resize=200%2C147&amp;ssl=1 200w, https:\/\/i0.wp.com\/eltrabajo.cl\/portal\/wp-content\/uploads\/2012\/07\/patricia-boffa-1.jpg?resize=150%2C110&amp;ssl=1 150w, https:\/\/i0.wp.com\/eltrabajo.cl\/portal\/wp-content\/uploads\/2012\/07\/patricia-boffa-1.jpg?resize=400%2C294&amp;ssl=1 400w, https:\/\/i0.wp.com\/eltrabajo.cl\/portal\/wp-content\/uploads\/2012\/07\/patricia-boffa-1.jpg?w=600&amp;ssl=1 600w\" sizes=\"auto, (max-width: 300px) 100vw, 300px\" \/><\/a><figcaption id=\"caption-attachment-20913\" class=\"wp-caption-text\">La Gobernadora lament\u00f3 los \u00faltimos hechos que se han producido en la comuna de Putaendo, donde se han registrado personas detenidas.<\/figcaption><\/figure>\n<p><strong>AUTORIDAD LLAMA A LA CALMA<\/strong><\/p>\n<p>El llamado de la autoridad es a confiar en el trabajo que se est\u00e1 realizando, y espec\u00edficamente de la mesa que se conform\u00f3 con plazos estipulados.<\/p>\n<p>Boffa dijo que esta no era la forma de manifestarse para plantear el descontento de los vecinos, y se\u00f1al\u00f3 que las manifestaciones que se hab\u00edan hecho en la plaza de Armas, que eran de tipo cultural, eran el camino correcto, sin embargo las \u00faltimas manifestaciones que se han venido produciendo fueron repudiadas por la autoridad.<\/p>\n<p>\u201cVamos a ver qu\u00e9 es lo que vamos a hacer, a trav\u00e9s de mi asesor jur\u00eddico vamos a estudiar algunas acciones\u201d, sentenci\u00f3 Boffa.<\/p>\n<p><strong>MAS BARRICADAS<\/strong><\/p>\n<p>La madrugada de ayer nuevamente desconocidos encendieron neum\u00e1ticos y levantaron barricadas en calle Jos\u00e9 Antonio Salinas frente al cementerio parroquial de Putaendo, la que en esta ocasi\u00f3n fue menor a la de la noche anterior.<\/p>\n<p>Al lugar arribaron tres veh\u00edculos policiales con seis efectivos a cargo del Teniente Cristian Torres Tapia, quien se\u00f1al\u00f3 que se trat\u00f3 de un grupo de j\u00f3venes, entre ellos ni\u00f1os, quienes huyeron al ver la presencia policial, procediendo a despejar la v\u00eda sin seguir a los manifestantes a fin de evitar cualquier confrontaci\u00f3n.<\/p>\n<p>Bomberos de Putaendo arrib\u00f3 en los minutos posteriores para terminar de apagar las barricadas, mientras Carabineros se apostaba en las inmediaciones de la Villa Los Olivos, al interior de sus veh\u00edculos, para resguardar la integridad del personal de Bomberos que extingu\u00eda parte de las llamas.<\/p>\n<p>La situaci\u00f3n tendi\u00f3 a normalizarse a eso de las 00:30 horas de este mi\u00e9rcoles, donde seg\u00fan se\u00f1al\u00f3 el oficial de Carabineros a cargo, se mantendr\u00e1 la vigilancia preventiva en el sector y en otros puntos de la comuna.<\/p>\n<p>En otro \u00e1mbito, informaci\u00f3n que no ha sido posible chequear en forma oficial, da cuenta que a lo menos tres automovilistas sufrieron pinchazos de sus neum\u00e1ticos en el sector de Calle Brasil y en el sector cercano a Las Quillotanas, los que habr\u00edan sido provocados por \u2018miguelitos\u2019 arrojados en el pavimento.<\/p>\n","protected":false},"excerpt":{"rendered":"<p>Luego de los \u00faltimos hechos ocurridos en la comuna de Putaendo, que ha significado barricadas con personas lesionadas y detenidos, la Gobernadora Patricia Boffa lament\u00f3 la situaci\u00f3n, sobre todo, seg\u00fan dijo, despu\u00e9s&#8230;<\/p>\n","protected":false},"author":482,"featured_media":20912,"comment_status":"open","ping_status":"closed","sticky":false,"template":"","format":"standard","meta":{"advanced_seo_description":"","jetpack_seo_html_title":"","jetpack_seo_noindex":false,"_jetpack_memberships_contains_paid_content":false,"footnotes":""},"categories":[1],"tags":[],"class_list":["post-20910","post","type-post","status-publish","format-standard","has-post-thumbnail","hentry","category-cronica"],"jetpack_featured_media_url":"https:\/\/i0.wp.com\/eltrabajo.cl\/portal\/wp-content\/uploads\/2012\/07\/nueva-barricada.jpg?fit=600%2C450&ssl=1","jetpack_sharing_enabled":true,"jetpack_likes_enabled":true,"jetpack-related-posts":[],"_links":{"self":[{"href":"https:\/\/eltrabajo.cl\/portal\/wp-json\/wp\/v2\/posts\/20910","targetHints":{"allow":["GET"]}}],"collection":[{"href":"https:\/\/eltrabajo.cl\/portal\/wp-json\/wp\/v2\/posts"}],"about":[{"href":"https:\/\/eltrabajo.cl\/portal\/wp-json\/wp\/v2\/types\/post"}],"author":[{"embeddable":true,"href":"https:\/\/eltrabajo.cl\/portal\/wp-json\/wp\/v2\/users\/482"}],"replies":[{"embeddable":true,"href":"https:\/\/eltrabajo.cl\/portal\/wp-json\/wp\/v2\/comments?post=20910"}],"version-history":[{"count":0,"href":"https:\/\/eltrabajo.cl\/portal\/wp-json\/wp\/v2\/posts\/20910\/revisions"}],"wp:featuredmedia":[{"embeddable":true,"href":"https:\/\/eltrabajo.cl\/portal\/wp-json\/wp\/v2\/media\/20912"}],"wp:attachment":[{"href":"https:\/\/eltrabajo.cl\/portal\/wp-json\/wp\/v2\/media?parent=20910"}],"wp:term":[{"taxonomy":"category","embeddable":true,"href":"https:\/\/eltrabajo.cl\/portal\/wp-json\/wp\/v2\/categories?post=20910"},{"taxonomy":"post_tag","embeddable":true,"href":"https:\/\/eltrabajo.cl\/portal\/wp-json\/wp\/v2\/tags?post=20910"}],"curies":[{"name":"wp","href":"https:\/\/api.w.org\/{rel}","templated":true}]}}