{"id":20919,"date":"2012-07-20T09:22:11","date_gmt":"2012-07-20T13:22:11","guid":{"rendered":"http:\/\/www.eltrabajo.cl\/portal\/?p=20919"},"modified":"2012-07-20T09:22:11","modified_gmt":"2012-07-20T13:22:11","slug":"el-sabado-y-en-el-estadio-municipal-se-venderan-las-entradas-para-el-duelo-entre-el-uni-y-la-uc","status":"publish","type":"post","link":"https:\/\/eltrabajo.cl\/portal\/el-sabado-y-en-el-estadio-municipal-se-venderan-las-entradas-para-el-duelo-entre-el-uni-y-la-uc\/","title":{"rendered":"El s\u00e1bado y en el Estadio Municipal se vender\u00e1n las entradas para el duelo entre el Un\u00ed y la UC"},"content":{"rendered":"<figure id=\"attachment_20920\" aria-describedby=\"caption-attachment-20920\" style=\"width: 600px\" class=\"wp-caption alignnone\"><a href=\"http:\/\/www.eltrabajo.cl\/portal\/2012\/07\/el-sabado-y-en-el-estadio-municipal-se-venderan-las-entradas-para-el-duelo-entre-el-uni-y-la-uc\/union-san-felipe-19\/\" rel=\"attachment wp-att-20920\"><img data-recalc-dims=\"1\" loading=\"lazy\" decoding=\"async\" class=\"size-full wp-image-20920\" title=\"union san felipe\" src=\"https:\/\/i0.wp.com\/www.eltrabajo.cl\/portal\/wp-content\/uploads\/2012\/07\/union-san-felipe2.jpg?resize=600%2C399\" alt=\"\" width=\"600\" height=\"399\" srcset=\"https:\/\/i0.wp.com\/eltrabajo.cl\/portal\/wp-content\/uploads\/2012\/07\/union-san-felipe2.jpg?w=600&amp;ssl=1 600w, https:\/\/i0.wp.com\/eltrabajo.cl\/portal\/wp-content\/uploads\/2012\/07\/union-san-felipe2.jpg?resize=200%2C133&amp;ssl=1 200w, https:\/\/i0.wp.com\/eltrabajo.cl\/portal\/wp-content\/uploads\/2012\/07\/union-san-felipe2.jpg?resize=300%2C199&amp;ssl=1 300w, https:\/\/i0.wp.com\/eltrabajo.cl\/portal\/wp-content\/uploads\/2012\/07\/union-san-felipe2.jpg?resize=150%2C99&amp;ssl=1 150w, https:\/\/i0.wp.com\/eltrabajo.cl\/portal\/wp-content\/uploads\/2012\/07\/union-san-felipe2.jpg?resize=400%2C266&amp;ssl=1 400w\" sizes=\"auto, (max-width: 600px) 100vw, 600px\" \/><\/a><figcaption id=\"caption-attachment-20920\" class=\"wp-caption-text\">El conjunto albirrojo tiene la obligaci\u00f3n de ganar a la UC, para de una vez por todas empezar a sumar y escapar del Descenso.<\/figcaption><\/figure>\n<p>El alto valor que tendr\u00e1n las entradas para el partido de pasado ma\u00f1ana entre Uni\u00f3n San Felipe y la Universidad Cat\u00f3lica, no dej\u00f3 indiferente a la parcialidad sanfelipe\u00f1a que le guste o no, tendr\u00e1 que hacer un esfuerzo mayor en sus bolsillos para poder presenciar en vivo y en directo el duelo en el cual, har\u00e1 su debut el \u2018Fantasma\u2019 Figueroa con el Un\u00ed Un\u00ed.<\/p>\n<p>Ajeno a toda esa tem\u00e1tica, la dirigencia unionista dispuso que los boletos se vender\u00e1n ma\u00f1ana s\u00e1bado en las boletar\u00edas del Estadio Municipal, en dos horarios.<\/p>\n<p>En la ma\u00f1ana los hinchas podr\u00e1n adquirir los tickets entre las 11: 00 y 14:00 horas, mientras que en el segundo turno, stas estar\u00e1n a disposici\u00f3n del p\u00fablico desde las 16:00 hasta las 19:00 horas.<\/p>\n<p><strong>Precios Entradas<\/strong><\/p>\n<p>Galer\u00eda Norte (Barra Local) $6.000<\/p>\n<p>Galer\u00eda Sur (Barra Visita) $6.000<\/p>\n<p>Tribuna Pac\u00edfico (Local) $8.000<\/p>\n<p>Tribuna Andes (Visita) $8.000<\/p>\n<p>Butacas $12.000<\/p>\n<p>No habr\u00e1 descuento Entel.<\/p>\n<p>Venta de Entradas:<\/p>\n<p>Boleter\u00edas Estadio Municipal de San Felipe<\/p>\n<p><strong>S\u00e1bado 21 de Julio<\/strong><\/p>\n<p>De 11:00 a 14:00 y de 16:00 a 19:00 horas<\/p>\n<p>Domingo 22 de Julio<\/p>\n<p>S\u00f3lo si quedan entradas disponibles<\/p>\n<p>Programaci\u00f3n tercera fecha Torneo de Clausura:<\/p>\n<p><strong>Viernes 20 de julio<\/strong><\/p>\n<p>U. de Concepci\u00f3n &#8211; Antofagasta, 20:00 horas, Estadio Collao (TV)<\/p>\n<p><strong>S\u00e1bado 21 de julio<\/strong><\/p>\n<p>O\u2019Higgins &#8211; Uni\u00f3n Espa\u00f1ola, 12:30 horas, Estadio El Teniente (TV)<\/p>\n<p>Palestino &#8211; Uni\u00f3n La Calera, 15:30 horas, Estadio La Cisterna<\/p>\n<p>Cobreloa &#8211; Audax Italiano, 16:00 horas, Estadio Municipal<\/p>\n<p>Deportes Iquique &#8211; U. de Chile, 16:00 horas, Estadio \u2018Tierra de Campeones\u2019 (TV)<\/p>\n<p>S. Wanderers &#8211; Rangers, 18:15 horas, Estadio Playa Ancha (TV)<\/p>\n<p>La Serena &#8211; Huachipato, 20:30 horas, Estadio La Portada (TV)<\/p>\n<p><strong>Domingo 22 de julio<\/strong><\/p>\n<p>U. San Felipe &#8211; U. Cat\u00f3lica, 16:00 horas, Estadio Municipal (TV)<\/p>\n<p>Colo Colo &#8211; Cobresal, 18:30 horas, Estadio Monumental (TV). (La intendencia cambio el horario del partido para las 15: 30 horas).<\/p>\n<p>&nbsp;<\/p>\n","protected":false},"excerpt":{"rendered":"<p>El alto valor que tendr\u00e1n las entradas para el partido de pasado ma\u00f1ana entre Uni\u00f3n San Felipe y la Universidad Cat\u00f3lica, no dej\u00f3 indiferente a la parcialidad sanfelipe\u00f1a que le guste o&#8230;<\/p>\n","protected":false},"author":482,"featured_media":20920,"comment_status":"open","ping_status":"closed","sticky":false,"template":"","format":"standard","meta":{"advanced_seo_description":"","jetpack_seo_html_title":"","jetpack_seo_noindex":false,"_jetpack_memberships_contains_paid_content":false,"footnotes":""},"categories":[19],"tags":[],"class_list":["post-20919","post","type-post","status-publish","format-standard","has-post-thumbnail","hentry","category-deportes"],"jetpack_featured_media_url":"https:\/\/i0.wp.com\/eltrabajo.cl\/portal\/wp-content\/uploads\/2012\/07\/union-san-felipe2.jpg?fit=600%2C399&ssl=1","jetpack_sharing_enabled":true,"jetpack_likes_enabled":true,"jetpack-related-posts":[],"_links":{"self":[{"href":"https:\/\/eltrabajo.cl\/portal\/wp-json\/wp\/v2\/posts\/20919","targetHints":{"allow":["GET"]}}],"collection":[{"href":"https:\/\/eltrabajo.cl\/portal\/wp-json\/wp\/v2\/posts"}],"about":[{"href":"https:\/\/eltrabajo.cl\/portal\/wp-json\/wp\/v2\/types\/post"}],"author":[{"embeddable":true,"href":"https:\/\/eltrabajo.cl\/portal\/wp-json\/wp\/v2\/users\/482"}],"replies":[{"embeddable":true,"href":"https:\/\/eltrabajo.cl\/portal\/wp-json\/wp\/v2\/comments?post=20919"}],"version-history":[{"count":0,"href":"https:\/\/eltrabajo.cl\/portal\/wp-json\/wp\/v2\/posts\/20919\/revisions"}],"wp:featuredmedia":[{"embeddable":true,"href":"https:\/\/eltrabajo.cl\/portal\/wp-json\/wp\/v2\/media\/20920"}],"wp:attachment":[{"href":"https:\/\/eltrabajo.cl\/portal\/wp-json\/wp\/v2\/media?parent=20919"}],"wp:term":[{"taxonomy":"category","embeddable":true,"href":"https:\/\/eltrabajo.cl\/portal\/wp-json\/wp\/v2\/categories?post=20919"},{"taxonomy":"post_tag","embeddable":true,"href":"https:\/\/eltrabajo.cl\/portal\/wp-json\/wp\/v2\/tags?post=20919"}],"curies":[{"name":"wp","href":"https:\/\/api.w.org\/{rel}","templated":true}]}}