{"id":20923,"date":"2012-07-20T09:25:40","date_gmt":"2012-07-20T13:25:40","guid":{"rendered":"http:\/\/www.eltrabajo.cl\/portal\/?p=20923"},"modified":"2012-07-20T09:25:40","modified_gmt":"2012-07-20T13:25:40","slug":"arturo-venegas-culpa-a-regantes-por-derechos-de-aguas-entregados-a-colbun","status":"publish","type":"post","link":"https:\/\/eltrabajo.cl\/portal\/arturo-venegas-culpa-a-regantes-por-derechos-de-aguas-entregados-a-colbun\/","title":{"rendered":"Arturo Venegas culpa a regantes por derechos de aguas entregados a Colb\u00fan"},"content":{"rendered":"<figure id=\"attachment_20924\" aria-describedby=\"caption-attachment-20924\" style=\"width: 300px\" class=\"wp-caption alignleft\"><a href=\"http:\/\/www.eltrabajo.cl\/portal\/2012\/07\/arturo-venegas-culpa-a-regantes-por-derechos-de-aguas-entregados-a-colbun\/arturo-venegas\/\" rel=\"attachment wp-att-20924\"><img data-recalc-dims=\"1\" loading=\"lazy\" decoding=\"async\" class=\"size-medium wp-image-20924\" title=\"arturo venegas\" src=\"https:\/\/i0.wp.com\/www.eltrabajo.cl\/portal\/wp-content\/uploads\/2012\/07\/arturo-venegas-300x225.jpg?resize=300%2C225\" alt=\"\" width=\"300\" height=\"225\" srcset=\"https:\/\/i0.wp.com\/eltrabajo.cl\/portal\/wp-content\/uploads\/2012\/07\/arturo-venegas.jpg?resize=300%2C225&amp;ssl=1 300w, https:\/\/i0.wp.com\/eltrabajo.cl\/portal\/wp-content\/uploads\/2012\/07\/arturo-venegas.jpg?resize=200%2C150&amp;ssl=1 200w, https:\/\/i0.wp.com\/eltrabajo.cl\/portal\/wp-content\/uploads\/2012\/07\/arturo-venegas.jpg?resize=150%2C112&amp;ssl=1 150w, https:\/\/i0.wp.com\/eltrabajo.cl\/portal\/wp-content\/uploads\/2012\/07\/arturo-venegas.jpg?resize=400%2C300&amp;ssl=1 400w, https:\/\/i0.wp.com\/eltrabajo.cl\/portal\/wp-content\/uploads\/2012\/07\/arturo-venegas.jpg?w=600&amp;ssl=1 600w\" sizes=\"auto, (max-width: 300px) 100vw, 300px\" \/><\/a><figcaption id=\"caption-attachment-20924\" class=\"wp-caption-text\">El abogado Arturo Venegas critic\u00f3 y culp\u00f3 directamente a la Junta de Vigilancia por lo sucedido con los derechos de agua entregados a Colb\u00fan.<\/figcaption><\/figure>\n<ul>\n<li><strong>Consider\u00f3 inaceptable que abogado de la Junta de Vigilancia del R\u00edo Putaendo, nunca supiera de la presentaci\u00f3n que realiz\u00f3 Colb\u00fan por los derechos de agua del R\u00edo Roc\u00edn, la que incluy\u00f3 cuatro publicaciones en el Diario Oficial entre los meses de noviembre y diciembre de 2011.<\/strong><\/li>\n<\/ul>\n<p><strong>PUTAENDO.-<\/strong> El Abogado Arturo Venegas Guti\u00e9rrez, dejando en claro que sus palabras eran como abogado y no como miembro de un partido pol\u00edtico, critic\u00f3 duramente a la Junta de Vigilancia del R\u00edo Putaendo por no haber presentado oposici\u00f3n a los derechos de agua pedidos por la empresa Colb\u00fan en las instancias que correspond\u00edan.<\/p>\n<p>Venegas dijo que jur\u00eddicamente era inaceptable que el abogado que contrat\u00f3 la Junta de Vigilancia del R\u00edo Putaendo, nunca supiera de la presentaci\u00f3n que realiz\u00f3 Colb\u00fan por los derechos de agua del R\u00edo Roc\u00edn, pues esta presentaci\u00f3n cumpli\u00f3 con todas las instancias legales, que incluyeron cuatro publicaciones en el Diario Oficial entre los meses de noviembre y diciembre de 2011, por lo que agreg\u00f3: \u201cLa Junta de Vigilancia no vigil\u00f3 lo que Colb\u00fan estaba haciendo, por lo que tienen una enorme responsabilidad con lo que ocurri\u00f3, pues jur\u00eddicamente tuvieron todas las instancias para presentar oposici\u00f3n o los recursos legales que establece el c\u00f3digo de aguas; hubieron cuatro publicaciones en el Diario Oficial y la Junta de Vigilancia y su abogado se quedaron de brazos cruzados. No pueden decir que se confiaron de una palabra, pues este es un tema jur\u00eddico, en el cual insisto, la Junta de Vigilancia tiene una enorme responsabilidad por no haber hecho bien su trabajo cuando correspond\u00eda\u201d.<\/p>\n<p>El abogado Venegas dijo adem\u00e1s que era totalmente falso que el embalse Chacrillas se quedase sin agua, y que eso era algo que se quer\u00eda imponer a la comuna en forma err\u00f3nea por parte de la Junta de Vigilancia y del Alcalde Reyes, atribuyendo que esto se deb\u00eda a una falta de conocimiento de la ley, pues legalmente no es posible que un privado deje sin agua una obra del Estado como es el embalse, y que este proceso cumpli\u00f3 con todos los requisitos legales que establece la ley, agregando que era pr\u00e1cticamente imposible legalmente concretar una expropiaci\u00f3n a Colb\u00fan, pues eso incluso implicar\u00eda modificar la ley, reiterando que la comunidad deb\u00eda tener una explicaci\u00f3n por parte de la Junta de Vigilancia, que, reiter\u00f3, no hizo su trabajo y que jam\u00e1s present\u00f3 oposici\u00f3n en las fechas en que debieron hacerlo, y que no entend\u00eda como teniendo un abogado, \u00e9ste haya dejado pasar todas las fechas que tuvieron para presentar oposici\u00f3n cuando debieron hacerlo en las fechas estipuladas.<\/p>\n<p><strong>Patricio Gallardo M.<\/strong><\/p>\n<p>&nbsp;<\/p>\n","protected":false},"excerpt":{"rendered":"<p>Consider\u00f3 inaceptable que abogado de la Junta de Vigilancia del R\u00edo Putaendo, nunca supiera de la presentaci\u00f3n que realiz\u00f3 Colb\u00fan por los derechos de agua del R\u00edo Roc\u00edn, la que incluy\u00f3 cuatro&#8230;<\/p>\n","protected":false},"author":482,"featured_media":20924,"comment_status":"open","ping_status":"closed","sticky":false,"template":"","format":"standard","meta":{"advanced_seo_description":"","jetpack_seo_html_title":"","jetpack_seo_noindex":false,"_jetpack_memberships_contains_paid_content":false,"footnotes":""},"categories":[15],"tags":[],"class_list":["post-20923","post","type-post","status-publish","format-standard","has-post-thumbnail","hentry","category-comunidad"],"jetpack_featured_media_url":"https:\/\/i0.wp.com\/eltrabajo.cl\/portal\/wp-content\/uploads\/2012\/07\/arturo-venegas.jpg?fit=600%2C450&ssl=1","jetpack_sharing_enabled":true,"jetpack_likes_enabled":true,"jetpack-related-posts":[],"_links":{"self":[{"href":"https:\/\/eltrabajo.cl\/portal\/wp-json\/wp\/v2\/posts\/20923","targetHints":{"allow":["GET"]}}],"collection":[{"href":"https:\/\/eltrabajo.cl\/portal\/wp-json\/wp\/v2\/posts"}],"about":[{"href":"https:\/\/eltrabajo.cl\/portal\/wp-json\/wp\/v2\/types\/post"}],"author":[{"embeddable":true,"href":"https:\/\/eltrabajo.cl\/portal\/wp-json\/wp\/v2\/users\/482"}],"replies":[{"embeddable":true,"href":"https:\/\/eltrabajo.cl\/portal\/wp-json\/wp\/v2\/comments?post=20923"}],"version-history":[{"count":0,"href":"https:\/\/eltrabajo.cl\/portal\/wp-json\/wp\/v2\/posts\/20923\/revisions"}],"wp:featuredmedia":[{"embeddable":true,"href":"https:\/\/eltrabajo.cl\/portal\/wp-json\/wp\/v2\/media\/20924"}],"wp:attachment":[{"href":"https:\/\/eltrabajo.cl\/portal\/wp-json\/wp\/v2\/media?parent=20923"}],"wp:term":[{"taxonomy":"category","embeddable":true,"href":"https:\/\/eltrabajo.cl\/portal\/wp-json\/wp\/v2\/categories?post=20923"},{"taxonomy":"post_tag","embeddable":true,"href":"https:\/\/eltrabajo.cl\/portal\/wp-json\/wp\/v2\/tags?post=20923"}],"curies":[{"name":"wp","href":"https:\/\/api.w.org\/{rel}","templated":true}]}}