{"id":20935,"date":"2012-07-20T09:30:57","date_gmt":"2012-07-20T13:30:57","guid":{"rendered":"http:\/\/www.eltrabajo.cl\/portal\/?p=20935"},"modified":"2012-07-20T09:30:57","modified_gmt":"2012-07-20T13:30:57","slug":"esperan-que-unas-11-mil-mujeres-se-inscriban-en-subsidio-a-mujer-trabajadora","status":"publish","type":"post","link":"https:\/\/eltrabajo.cl\/portal\/esperan-que-unas-11-mil-mujeres-se-inscriban-en-subsidio-a-mujer-trabajadora\/","title":{"rendered":"Esperan que unas 11 mil mujeres se inscriban en subsidio a Mujer Trabajadora"},"content":{"rendered":"<figure id=\"attachment_20937\" aria-describedby=\"caption-attachment-20937\" style=\"width: 600px\" class=\"wp-caption alignnone\"><a href=\"http:\/\/www.eltrabajo.cl\/portal\/2012\/07\/esperan-que-unas-11-mil-mujeres-se-inscriban-en-subsidio-a-mujer-trabajadora\/mujeres-asistentes-2\/\" rel=\"attachment wp-att-20937\"><img data-recalc-dims=\"1\" loading=\"lazy\" decoding=\"async\" class=\"size-full wp-image-20937\" title=\"mujeres asistentes (2)\" src=\"https:\/\/i0.wp.com\/www.eltrabajo.cl\/portal\/wp-content\/uploads\/2012\/07\/mujeres-asistentes-2.jpg?resize=600%2C450\" alt=\"\" width=\"600\" height=\"450\" srcset=\"https:\/\/i0.wp.com\/eltrabajo.cl\/portal\/wp-content\/uploads\/2012\/07\/mujeres-asistentes-2.jpg?w=600&amp;ssl=1 600w, https:\/\/i0.wp.com\/eltrabajo.cl\/portal\/wp-content\/uploads\/2012\/07\/mujeres-asistentes-2.jpg?resize=200%2C150&amp;ssl=1 200w, https:\/\/i0.wp.com\/eltrabajo.cl\/portal\/wp-content\/uploads\/2012\/07\/mujeres-asistentes-2.jpg?resize=300%2C225&amp;ssl=1 300w, https:\/\/i0.wp.com\/eltrabajo.cl\/portal\/wp-content\/uploads\/2012\/07\/mujeres-asistentes-2.jpg?resize=150%2C112&amp;ssl=1 150w, https:\/\/i0.wp.com\/eltrabajo.cl\/portal\/wp-content\/uploads\/2012\/07\/mujeres-asistentes-2.jpg?resize=400%2C300&amp;ssl=1 400w\" sizes=\"auto, (max-width: 600px) 100vw, 600px\" \/><\/a><figcaption id=\"caption-attachment-20937\" class=\"wp-caption-text\">El lanzamiento del subsidio cont\u00f3 con una importante cantidad de mujeres, que llegaron a interiorizarse del beneficio y a postular.<\/figcaption><\/figure>\n<p>Una importante cantidad de mujeres llegaron hasta las dependencias de la fundaci\u00f3n Prodemu en San Felipe para conocer el Subsidio a la Mujer Trabajadora.<\/p>\n<p>La iniciativa es una ayuda al 30 % de las mujeres m\u00e1s vulnerables del pa\u00eds, es un derecho garantizado por ley y parte del ingreso \u00e9tico familiar.<\/p>\n<p>El lanzamiento del subsidio cont\u00f3 con la participaci\u00f3n del Seremi de Desarrollo Social, Tom\u00e1s Ochoa, quien le explic\u00f3 a las asistentes a quienes beneficiar\u00e1 la iniciativa y c\u00f3mo pueden postular.<\/p>\n<figure id=\"attachment_20936\" aria-describedby=\"caption-attachment-20936\" style=\"width: 300px\" class=\"wp-caption alignright\"><a href=\"http:\/\/www.eltrabajo.cl\/portal\/2012\/07\/esperan-que-unas-11-mil-mujeres-se-inscriban-en-subsidio-a-mujer-trabajadora\/tomas-ochoa-inaugurando-la-actividad\/\" rel=\"attachment wp-att-20936\"><img data-recalc-dims=\"1\" loading=\"lazy\" decoding=\"async\" class=\"size-medium wp-image-20936\" title=\"tomas ochoa inaugurando la actividad\" src=\"https:\/\/i0.wp.com\/www.eltrabajo.cl\/portal\/wp-content\/uploads\/2012\/07\/tomas-ochoa-inaugurando-la-actividad-300x225.jpg?resize=300%2C225\" alt=\"\" width=\"300\" height=\"225\" srcset=\"https:\/\/i0.wp.com\/eltrabajo.cl\/portal\/wp-content\/uploads\/2012\/07\/tomas-ochoa-inaugurando-la-actividad.jpg?resize=300%2C225&amp;ssl=1 300w, https:\/\/i0.wp.com\/eltrabajo.cl\/portal\/wp-content\/uploads\/2012\/07\/tomas-ochoa-inaugurando-la-actividad.jpg?resize=200%2C150&amp;ssl=1 200w, https:\/\/i0.wp.com\/eltrabajo.cl\/portal\/wp-content\/uploads\/2012\/07\/tomas-ochoa-inaugurando-la-actividad.jpg?resize=150%2C112&amp;ssl=1 150w, https:\/\/i0.wp.com\/eltrabajo.cl\/portal\/wp-content\/uploads\/2012\/07\/tomas-ochoa-inaugurando-la-actividad.jpg?resize=400%2C300&amp;ssl=1 400w, https:\/\/i0.wp.com\/eltrabajo.cl\/portal\/wp-content\/uploads\/2012\/07\/tomas-ochoa-inaugurando-la-actividad.jpg?w=600&amp;ssl=1 600w\" sizes=\"auto, (max-width: 300px) 100vw, 300px\" \/><\/a><figcaption id=\"caption-attachment-20936\" class=\"wp-caption-text\">El Seremi de Desarrollo Social lleg\u00f3 hasta San Felipe para dar a conocer el Subsidio, que esperan beneficie a una importante cantidad de mujeres en la provincia.<\/figcaption><\/figure>\n<p><strong>INCORPORAR A LA MUJER AL TRABAJO<\/strong><\/p>\n<p>La entrega de este subsidio tiene como objetivo incorporar a la mujer al mundo del trabajo, que la mujer pueda recibir el subsidio todos los meses y durante 4 a\u00f1os con un tope de 34 mil pesos mensuales.<\/p>\n<p>Los requisitos para postular al subsidio es ser parte del 30% m\u00e1s vulnerable, tener una renta inferior a 300 mil pesos mensuales e inscribirse en la p\u00e1gina web o las oficinas del Sence o Chile Atiente.<\/p>\n<p>Esta iniciativa adem\u00e1s contempla un subsidio del 10% de la renta para el empleador, ya que la idea es que la mujer se incorpore formalmente al mundo del trabajo y se les da un incentivo a los empleadores para que incorporen m\u00e1s mujeres dentro de sus equipos de trabajo.<\/p>\n<p>Respecto del puntaje de la ficha de protecci\u00f3n social, que tambi\u00e9n es uno de los requisitos, el Seremi se\u00f1al\u00f3 que la f\u00f3rmula de c\u00e1lculo de la focalizaci\u00f3n ocupa la informaci\u00f3n de la ficha de protecci\u00f3n social, pero no es un instrumento exclusivo, \u201ces decir ac\u00e1 se ocupa la ficha de protecci\u00f3n social y por otro lado el concepto de empleabilidad, por ejemplo una mujer que tiene un puntaje m\u00e1s alto, pero tiene baja empleabilidad, o sea en los \u00faltimos doce meses ha cotizado poco o nada, el puntaje de ficha se le baja mediante un mecanismo de c\u00e1lculo\u201d.<\/p>\n<p><strong>ESPERAN MILES DE INSCRITAS<\/strong><\/p>\n<p>El subsidio fue lanzado reci\u00e9n la semana pasada a nivel nacional y la autoridad aspira a tener una importante cantidad de mujeres inscritas durante el mes de julio, ya que las que se inscriban en esta fecha y est\u00e1n cotizando, recibir\u00e1n este bono mensual en el mes de septiembre.<\/p>\n<p>\u201cPor tanto nosotros aspiramos como piso, durante el mes de julio, tener 11 mil mujeres inscritas\u201d, dijo Ochoa.<\/p>\n<p>&nbsp;<\/p>\n","protected":false},"excerpt":{"rendered":"<p>Una importante cantidad de mujeres llegaron hasta las dependencias de la fundaci\u00f3n Prodemu en San Felipe para conocer el Subsidio a la Mujer Trabajadora. La iniciativa es una ayuda al 30 %&#8230;<\/p>\n","protected":false},"author":482,"featured_media":20937,"comment_status":"open","ping_status":"closed","sticky":false,"template":"","format":"standard","meta":{"advanced_seo_description":"","jetpack_seo_html_title":"","jetpack_seo_noindex":false,"_jetpack_memberships_contains_paid_content":false,"footnotes":""},"categories":[1],"tags":[],"class_list":["post-20935","post","type-post","status-publish","format-standard","has-post-thumbnail","hentry","category-cronica"],"jetpack_featured_media_url":"https:\/\/i0.wp.com\/eltrabajo.cl\/portal\/wp-content\/uploads\/2012\/07\/mujeres-asistentes-2.jpg?fit=600%2C450&ssl=1","jetpack_sharing_enabled":true,"jetpack_likes_enabled":true,"jetpack-related-posts":[],"_links":{"self":[{"href":"https:\/\/eltrabajo.cl\/portal\/wp-json\/wp\/v2\/posts\/20935","targetHints":{"allow":["GET"]}}],"collection":[{"href":"https:\/\/eltrabajo.cl\/portal\/wp-json\/wp\/v2\/posts"}],"about":[{"href":"https:\/\/eltrabajo.cl\/portal\/wp-json\/wp\/v2\/types\/post"}],"author":[{"embeddable":true,"href":"https:\/\/eltrabajo.cl\/portal\/wp-json\/wp\/v2\/users\/482"}],"replies":[{"embeddable":true,"href":"https:\/\/eltrabajo.cl\/portal\/wp-json\/wp\/v2\/comments?post=20935"}],"version-history":[{"count":0,"href":"https:\/\/eltrabajo.cl\/portal\/wp-json\/wp\/v2\/posts\/20935\/revisions"}],"wp:featuredmedia":[{"embeddable":true,"href":"https:\/\/eltrabajo.cl\/portal\/wp-json\/wp\/v2\/media\/20937"}],"wp:attachment":[{"href":"https:\/\/eltrabajo.cl\/portal\/wp-json\/wp\/v2\/media?parent=20935"}],"wp:term":[{"taxonomy":"category","embeddable":true,"href":"https:\/\/eltrabajo.cl\/portal\/wp-json\/wp\/v2\/categories?post=20935"},{"taxonomy":"post_tag","embeddable":true,"href":"https:\/\/eltrabajo.cl\/portal\/wp-json\/wp\/v2\/tags?post=20935"}],"curies":[{"name":"wp","href":"https:\/\/api.w.org\/{rel}","templated":true}]}}