{"id":20940,"date":"2012-07-20T09:33:10","date_gmt":"2012-07-20T13:33:10","guid":{"rendered":"http:\/\/www.eltrabajo.cl\/portal\/?p=20940"},"modified":"2012-07-20T09:33:10","modified_gmt":"2012-07-20T13:33:10","slug":"en-agosto-inauguran-el-nuevo-y-flamante-teatro-municipal-de-santa-maria","status":"publish","type":"post","link":"https:\/\/eltrabajo.cl\/portal\/en-agosto-inauguran-el-nuevo-y-flamante-teatro-municipal-de-santa-maria\/","title":{"rendered":"En agosto inauguran el nuevo y flamante Teatro Municipal de Santa Mar\u00eda"},"content":{"rendered":"<figure id=\"attachment_20941\" aria-describedby=\"caption-attachment-20941\" style=\"width: 300px\" class=\"wp-caption alignleft\"><a href=\"http:\/\/www.eltrabajo.cl\/portal\/2012\/07\/en-agosto-inauguran-el-nuevo-y-flamante-teatro-municipal-de-santa-maria\/claudio-zurita-6\/\" rel=\"attachment wp-att-20941\"><img data-recalc-dims=\"1\" loading=\"lazy\" decoding=\"async\" class=\"size-medium wp-image-20941\" title=\"claudio zurita\" src=\"https:\/\/i0.wp.com\/www.eltrabajo.cl\/portal\/wp-content\/uploads\/2012\/07\/claudio-zurita-300x243.jpg?resize=300%2C243\" alt=\"\" width=\"300\" height=\"243\" srcset=\"https:\/\/i0.wp.com\/eltrabajo.cl\/portal\/wp-content\/uploads\/2012\/07\/claudio-zurita.jpg?resize=300%2C243&amp;ssl=1 300w, https:\/\/i0.wp.com\/eltrabajo.cl\/portal\/wp-content\/uploads\/2012\/07\/claudio-zurita.jpg?resize=185%2C150&amp;ssl=1 185w, https:\/\/i0.wp.com\/eltrabajo.cl\/portal\/wp-content\/uploads\/2012\/07\/claudio-zurita.jpg?resize=150%2C121&amp;ssl=1 150w, https:\/\/i0.wp.com\/eltrabajo.cl\/portal\/wp-content\/uploads\/2012\/07\/claudio-zurita.jpg?resize=400%2C324&amp;ssl=1 400w, https:\/\/i0.wp.com\/eltrabajo.cl\/portal\/wp-content\/uploads\/2012\/07\/claudio-zurita.jpg?w=600&amp;ssl=1 600w\" sizes=\"auto, (max-width: 300px) 100vw, 300px\" \/><\/a><figcaption id=\"caption-attachment-20941\" class=\"wp-caption-text\">El Alcalde Claudio Zurita dijo que la inauguraci\u00f3n se traslada para el mes de agosto, cuando tambi\u00e9n se har\u00e1 la inauguraci\u00f3n de una sede social.<\/figcaption><\/figure>\n<p>Aunque se hab\u00eda anunciado para el 28 de este mes la inauguraci\u00f3n del Teatro Municipal de Santa Mar\u00eda, lo cierto es que esa actividad se traslad\u00f3 para el mes de agosto.<\/p>\n<p>As\u00ed lo dio a conocer el alcalde Claudio Zurita, quien indic\u00f3 que el 98% de la infraestructura est\u00e1 terminada, aunque faltan detalles relacionados con el audio de la sala, obras que est\u00e1n a cargo de una empresa externa que se encuentra levemente atrasada.<\/p>\n<p>Seg\u00fan explic\u00f3 el jefe comunal, todas las inauguraciones que se hab\u00edan coordinado para estas fechas, se realizar\u00e1n en el mes de agosto, mes que tambi\u00e9n se inaugurar\u00e1 la sede social de la junta de vecinos Leopoldo Ahumada.<\/p>\n<p><strong>ACTIVIDADES ART\u00cdSTICAS<\/strong><\/p>\n<p>El Teatro Municipal es una importante iniciativa que se est\u00e1 concretando este a\u00f1o, edificio que va a permitir realizar una serie de actividades art\u00edstico-culturales en la comuna.<\/p>\n<p>\u201cLlena un vac\u00edo que ten\u00edamos en la comuna, un lugar donde hacer cine, donde mostrar obras de teatro, danza, creo que el tema cultural en Santa Mar\u00eda se va a favorecer mucho\u201d.<\/p>\n<p>La idea del alcalde es que en ese lugar se exhiban pel\u00edculas de cine, obras de teatro y que sea un espacio para el folclor.<\/p>\n<p>\u201cQueremos que esto funcione por lo menos del d\u00eda jueves al d\u00eda domingo en horario continuado, tenemos harto que mostrar y esperamos que la gente nos acompa\u00f1e. La idea es que sea gratuito, hacer convenios con universidades, con Chilefilms para traer algunas pel\u00edculas, con todas las entidades, queremos hacer convenios con todos y la idea es que sea con entrada liberada\u201d, dijo Zurita.<\/p>\n<p>&nbsp;<\/p>\n","protected":false},"excerpt":{"rendered":"<p>Aunque se hab\u00eda anunciado para el 28 de este mes la inauguraci\u00f3n del Teatro Municipal de Santa Mar\u00eda, lo cierto es que esa actividad se traslad\u00f3 para el mes de agosto. As\u00ed&#8230;<\/p>\n","protected":false},"author":482,"featured_media":20941,"comment_status":"open","ping_status":"closed","sticky":false,"template":"","format":"standard","meta":{"advanced_seo_description":"","jetpack_seo_html_title":"","jetpack_seo_noindex":false,"_jetpack_memberships_contains_paid_content":false,"footnotes":""},"categories":[1],"tags":[],"class_list":["post-20940","post","type-post","status-publish","format-standard","has-post-thumbnail","hentry","category-cronica"],"jetpack_featured_media_url":"https:\/\/i0.wp.com\/eltrabajo.cl\/portal\/wp-content\/uploads\/2012\/07\/claudio-zurita.jpg?fit=600%2C486&ssl=1","jetpack_sharing_enabled":true,"jetpack_likes_enabled":true,"jetpack-related-posts":[],"_links":{"self":[{"href":"https:\/\/eltrabajo.cl\/portal\/wp-json\/wp\/v2\/posts\/20940","targetHints":{"allow":["GET"]}}],"collection":[{"href":"https:\/\/eltrabajo.cl\/portal\/wp-json\/wp\/v2\/posts"}],"about":[{"href":"https:\/\/eltrabajo.cl\/portal\/wp-json\/wp\/v2\/types\/post"}],"author":[{"embeddable":true,"href":"https:\/\/eltrabajo.cl\/portal\/wp-json\/wp\/v2\/users\/482"}],"replies":[{"embeddable":true,"href":"https:\/\/eltrabajo.cl\/portal\/wp-json\/wp\/v2\/comments?post=20940"}],"version-history":[{"count":0,"href":"https:\/\/eltrabajo.cl\/portal\/wp-json\/wp\/v2\/posts\/20940\/revisions"}],"wp:featuredmedia":[{"embeddable":true,"href":"https:\/\/eltrabajo.cl\/portal\/wp-json\/wp\/v2\/media\/20941"}],"wp:attachment":[{"href":"https:\/\/eltrabajo.cl\/portal\/wp-json\/wp\/v2\/media?parent=20940"}],"wp:term":[{"taxonomy":"category","embeddable":true,"href":"https:\/\/eltrabajo.cl\/portal\/wp-json\/wp\/v2\/categories?post=20940"},{"taxonomy":"post_tag","embeddable":true,"href":"https:\/\/eltrabajo.cl\/portal\/wp-json\/wp\/v2\/tags?post=20940"}],"curies":[{"name":"wp","href":"https:\/\/api.w.org\/{rel}","templated":true}]}}