{"id":20944,"date":"2012-07-20T09:34:08","date_gmt":"2012-07-20T13:34:08","guid":{"rendered":"http:\/\/www.eltrabajo.cl\/portal\/?p=20944"},"modified":"2012-07-20T09:34:08","modified_gmt":"2012-07-20T13:34:08","slug":"con-tranquilidad-se-desarrollo-tercera-noche-de-barricadas-en-putaendo","status":"publish","type":"post","link":"https:\/\/eltrabajo.cl\/portal\/con-tranquilidad-se-desarrollo-tercera-noche-de-barricadas-en-putaendo\/","title":{"rendered":"Con tranquilidad se desarroll\u00f3 tercera noche de barricadas en Putaendo"},"content":{"rendered":"<figure id=\"attachment_20945\" aria-describedby=\"caption-attachment-20945\" style=\"width: 300px\" class=\"wp-caption alignleft\"><a href=\"http:\/\/www.eltrabajo.cl\/portal\/2012\/07\/con-tranquilidad-se-desarrollo-tercera-noche-de-barricadas-en-putaendo\/barricadas-tercera-noche-1\/\" rel=\"attachment wp-att-20945\"><img data-recalc-dims=\"1\" loading=\"lazy\" decoding=\"async\" class=\"size-medium wp-image-20945\" title=\"barricadas tercera noche (1)\" src=\"https:\/\/i0.wp.com\/www.eltrabajo.cl\/portal\/wp-content\/uploads\/2012\/07\/barricadas-tercera-noche-1-300x225.jpg?resize=300%2C225\" alt=\"\" width=\"300\" height=\"225\" srcset=\"https:\/\/i0.wp.com\/eltrabajo.cl\/portal\/wp-content\/uploads\/2012\/07\/barricadas-tercera-noche-1.jpg?resize=300%2C225&amp;ssl=1 300w, https:\/\/i0.wp.com\/eltrabajo.cl\/portal\/wp-content\/uploads\/2012\/07\/barricadas-tercera-noche-1.jpg?resize=200%2C150&amp;ssl=1 200w, https:\/\/i0.wp.com\/eltrabajo.cl\/portal\/wp-content\/uploads\/2012\/07\/barricadas-tercera-noche-1.jpg?resize=150%2C112&amp;ssl=1 150w, https:\/\/i0.wp.com\/eltrabajo.cl\/portal\/wp-content\/uploads\/2012\/07\/barricadas-tercera-noche-1.jpg?resize=400%2C300&amp;ssl=1 400w, https:\/\/i0.wp.com\/eltrabajo.cl\/portal\/wp-content\/uploads\/2012\/07\/barricadas-tercera-noche-1.jpg?w=600&amp;ssl=1 600w\" sizes=\"auto, (max-width: 300px) 100vw, 300px\" \/><\/a><figcaption id=\"caption-attachment-20945\" class=\"wp-caption-text\">Con total tranquilidad se desarroll\u00f3 la tercera noche de barricadas en Putaendo, ocasi\u00f3n en que no concurri\u00f3 personal de Carabineros.<\/figcaption><\/figure>\n<p><strong>PUTAENDO.<\/strong>&#8211; Por tercera noche consecutiva, encapuchados levantaron barricadas en el sector de la calle Jos\u00e9 Antonio Salinas, frente al Cementerio Paroquial.<\/p>\n<p>Pasadas las 23:50 horas del mi\u00e9rcoles, cerca de 40 manifestantes arrojaron gran cantidad de piedras y maderos al centro de la calzada, ocasi\u00f3n en la cual arrojaron otra importante cantidad de neum\u00e1ticos, encendiendo las barricadas que se extendieron hasta pasadas las dos de la madrugada de ayer.<\/p>\n<p>Carabineros de Putaendo no acudi\u00f3 hasta el sector. Los manifestantes se\u00f1alaron a Diario El Trabajo, \u00fanico medio que ha estado en el lugar mismo de las barricadas, que su lucha es para defender los derechos del agua y que de ninguna manera son delincuentes, sino j\u00f3venes y adultos que est\u00e1n dici\u00e9ndole a la comuna que se debe defender por intermedio de la presi\u00f3n ciudadana, pues ven con desesperanza los anuncios hechos por el Gobierno para solucionar estos temas.<\/p>\n<p>Uno de los manifestantes que convers\u00f3 largamente con nuestro medio en el lugar, dijo que las barricadas se incrementar\u00e1n durante estos d\u00edas, y que no decaer\u00e1n en llamar la atenci\u00f3n de las autoridades para exigir una soluci\u00f3n a los derechos de agua entregados a Colb\u00fan.<\/p>\n<p><strong>Patricio Gallardo M.<\/strong><\/p>\n<p>&nbsp;<\/p>\n","protected":false},"excerpt":{"rendered":"<p>PUTAENDO.&#8211; Por tercera noche consecutiva, encapuchados levantaron barricadas en el sector de la calle Jos\u00e9 Antonio Salinas, frente al Cementerio Paroquial. Pasadas las 23:50 horas del mi\u00e9rcoles, cerca de 40 manifestantes arrojaron&#8230;<\/p>\n","protected":false},"author":482,"featured_media":20945,"comment_status":"open","ping_status":"closed","sticky":false,"template":"","format":"standard","meta":{"advanced_seo_description":"","jetpack_seo_html_title":"","jetpack_seo_noindex":false,"_jetpack_memberships_contains_paid_content":false,"footnotes":""},"categories":[1],"tags":[],"class_list":["post-20944","post","type-post","status-publish","format-standard","has-post-thumbnail","hentry","category-cronica"],"jetpack_featured_media_url":"https:\/\/i0.wp.com\/eltrabajo.cl\/portal\/wp-content\/uploads\/2012\/07\/barricadas-tercera-noche-1.jpg?fit=600%2C450&ssl=1","jetpack_sharing_enabled":true,"jetpack_likes_enabled":true,"jetpack-related-posts":[],"_links":{"self":[{"href":"https:\/\/eltrabajo.cl\/portal\/wp-json\/wp\/v2\/posts\/20944","targetHints":{"allow":["GET"]}}],"collection":[{"href":"https:\/\/eltrabajo.cl\/portal\/wp-json\/wp\/v2\/posts"}],"about":[{"href":"https:\/\/eltrabajo.cl\/portal\/wp-json\/wp\/v2\/types\/post"}],"author":[{"embeddable":true,"href":"https:\/\/eltrabajo.cl\/portal\/wp-json\/wp\/v2\/users\/482"}],"replies":[{"embeddable":true,"href":"https:\/\/eltrabajo.cl\/portal\/wp-json\/wp\/v2\/comments?post=20944"}],"version-history":[{"count":0,"href":"https:\/\/eltrabajo.cl\/portal\/wp-json\/wp\/v2\/posts\/20944\/revisions"}],"wp:featuredmedia":[{"embeddable":true,"href":"https:\/\/eltrabajo.cl\/portal\/wp-json\/wp\/v2\/media\/20945"}],"wp:attachment":[{"href":"https:\/\/eltrabajo.cl\/portal\/wp-json\/wp\/v2\/media?parent=20944"}],"wp:term":[{"taxonomy":"category","embeddable":true,"href":"https:\/\/eltrabajo.cl\/portal\/wp-json\/wp\/v2\/categories?post=20944"},{"taxonomy":"post_tag","embeddable":true,"href":"https:\/\/eltrabajo.cl\/portal\/wp-json\/wp\/v2\/tags?post=20944"}],"curies":[{"name":"wp","href":"https:\/\/api.w.org\/{rel}","templated":true}]}}