{"id":20948,"date":"2012-07-20T09:35:39","date_gmt":"2012-07-20T13:35:39","guid":{"rendered":"http:\/\/www.eltrabajo.cl\/portal\/?p=20948"},"modified":"2012-07-20T09:35:39","modified_gmt":"2012-07-20T13:35:39","slug":"diputado-rivas-lamento-%e2%80%98impasse%e2%80%99-tras-controversia-por-votacion-de-informe-del-lucro","status":"publish","type":"post","link":"https:\/\/eltrabajo.cl\/portal\/diputado-rivas-lamento-%e2%80%98impasse%e2%80%99-tras-controversia-por-votacion-de-informe-del-lucro\/","title":{"rendered":"Diputado Rivas lament\u00f3 \u2018impasse\u2019 tras controversia por votaci\u00f3n de informe del lucro"},"content":{"rendered":"<figure id=\"attachment_20949\" aria-describedby=\"caption-attachment-20949\" style=\"width: 300px\" class=\"wp-caption alignleft\"><a href=\"http:\/\/www.eltrabajo.cl\/portal\/2012\/07\/diputado-rivas-lamento-%e2%80%98impasse%e2%80%99-tras-controversia-por-votacion-de-informe-del-lucro\/gedsc-digital-camera-2\/\" rel=\"attachment wp-att-20949\"><img data-recalc-dims=\"1\" loading=\"lazy\" decoding=\"async\" class=\"size-medium wp-image-20949\" title=\"GEDSC DIGITAL CAMERA\" src=\"https:\/\/i0.wp.com\/www.eltrabajo.cl\/portal\/wp-content\/uploads\/2012\/07\/gaspar-rivas1-300x225.jpg?resize=300%2C225\" alt=\"\" width=\"300\" height=\"225\" srcset=\"https:\/\/i0.wp.com\/eltrabajo.cl\/portal\/wp-content\/uploads\/2012\/07\/gaspar-rivas1.jpg?resize=300%2C225&amp;ssl=1 300w, https:\/\/i0.wp.com\/eltrabajo.cl\/portal\/wp-content\/uploads\/2012\/07\/gaspar-rivas1.jpg?resize=200%2C150&amp;ssl=1 200w, https:\/\/i0.wp.com\/eltrabajo.cl\/portal\/wp-content\/uploads\/2012\/07\/gaspar-rivas1.jpg?resize=150%2C112&amp;ssl=1 150w, https:\/\/i0.wp.com\/eltrabajo.cl\/portal\/wp-content\/uploads\/2012\/07\/gaspar-rivas1.jpg?resize=400%2C300&amp;ssl=1 400w, https:\/\/i0.wp.com\/eltrabajo.cl\/portal\/wp-content\/uploads\/2012\/07\/gaspar-rivas1.jpg?w=600&amp;ssl=1 600w\" sizes=\"auto, (max-width: 300px) 100vw, 300px\" \/><\/a><figcaption id=\"caption-attachment-20949\" class=\"wp-caption-text\">El Diputado Gaspar Rivas result\u00f3 pieza clave en el rechazo al informe del lucro en la educaci\u00f3n universitaria.<\/figcaption><\/figure>\n<ul>\n<li><strong>Voto de abstenci\u00f3n del Diputado RN permiti\u00f3 que fuera rechazado el informe que establec\u00eda que hab\u00eda lucro en algunas universidades<\/strong><\/li>\n<\/ul>\n<p>La abstenci\u00f3n del Diputado por Aconcagua, Gaspar Rivas posibilit\u00f3 que la C\u00e1mara de Diputados rechazara el informe de la comisi\u00f3n investigadora que estableci\u00f3 que algunas universidades privadas del pa\u00eds vulneran la ley que les proh\u00edbe lucrar.<\/p>\n<p>Si bien hubo 46 votos a favor de las conclusiones del informe, la abstenci\u00f3n del diputado RN Gaspar Rivas se sum\u00f3 a los votos en contra, siendo \u00e9ste rechazado. La votaci\u00f3n fue cuestionada por la oposici\u00f3n, que argument\u00f3 que el voto del parlamentario deb\u00eda considerarse nulo, ya que \u00e9l se retir\u00f3 de la sala antes que finalizara la votaci\u00f3n.<\/p>\n<p>La solicitud fue desestimada por la mesa de la C\u00e1mara de Diputados, ratificando entonces el rechazo al informe que resumi\u00f3 el trabajo que durante siete mese realiz\u00f3 la instancia presidida por la diputada del PRI Alejandra Sep\u00falveda.<\/p>\n<p>Seg\u00fan informa La Tercera en su edici\u00f3n electr\u00f3nica, el parlamentario justific\u00f3 su salida de la sala se\u00f1alando que \u00abyo emit\u00ed el voto y me retir\u00e9 antes para evitar una situaci\u00f3n compleja que se pudiera generar, debido a que ten\u00eda entendido que mi voto iba a ser decisivo.<\/p>\n<p>\u00abNo quer\u00eda estar ah\u00ed presente para que se generaran algunos impasses inc\u00f3modos, totalmente comprensibles, ya que los diputados son seres humanos y pueden expresar su malestar. Me equivoqu\u00e9 en ese aspecto, decid\u00ed no enfrentar esta situaci\u00f3n. Si yo hubiera sabido, obviamente que hubiese esperado 10 \u00f3 15 segundos m\u00e1s y luego me habr\u00eda retirado\u00bb, reconoci\u00f3.<\/p>\n<p>Junto con lamentar lo sucedido, el diputado dijo que espera que la situaci\u00f3n sirva para clarificar los reglamentos internos de la C\u00e1mara, \u00abporque yo no ten\u00eda conocimiento de una norma escrita que dijese que yo me ten\u00eda que quedar hasta el final la votaci\u00f3n; era un uso, una costumbre, pero no sab\u00eda que estaba escrita\u00bb.<\/p>\n<p>&nbsp;<\/p>\n","protected":false},"excerpt":{"rendered":"<p>Voto de abstenci\u00f3n del Diputado RN permiti\u00f3 que fuera rechazado el informe que establec\u00eda que hab\u00eda lucro en algunas universidades La abstenci\u00f3n del Diputado por Aconcagua, Gaspar Rivas posibilit\u00f3 que la C\u00e1mara&#8230;<\/p>\n","protected":false},"author":482,"featured_media":20949,"comment_status":"open","ping_status":"closed","sticky":false,"template":"","format":"standard","meta":{"advanced_seo_description":"","jetpack_seo_html_title":"","jetpack_seo_noindex":false,"_jetpack_memberships_contains_paid_content":false,"footnotes":""},"categories":[1],"tags":[],"class_list":["post-20948","post","type-post","status-publish","format-standard","has-post-thumbnail","hentry","category-cronica"],"jetpack_featured_media_url":"https:\/\/i0.wp.com\/eltrabajo.cl\/portal\/wp-content\/uploads\/2012\/07\/gaspar-rivas1.jpg?fit=600%2C450&ssl=1","jetpack_sharing_enabled":true,"jetpack_likes_enabled":true,"jetpack-related-posts":[],"_links":{"self":[{"href":"https:\/\/eltrabajo.cl\/portal\/wp-json\/wp\/v2\/posts\/20948","targetHints":{"allow":["GET"]}}],"collection":[{"href":"https:\/\/eltrabajo.cl\/portal\/wp-json\/wp\/v2\/posts"}],"about":[{"href":"https:\/\/eltrabajo.cl\/portal\/wp-json\/wp\/v2\/types\/post"}],"author":[{"embeddable":true,"href":"https:\/\/eltrabajo.cl\/portal\/wp-json\/wp\/v2\/users\/482"}],"replies":[{"embeddable":true,"href":"https:\/\/eltrabajo.cl\/portal\/wp-json\/wp\/v2\/comments?post=20948"}],"version-history":[{"count":0,"href":"https:\/\/eltrabajo.cl\/portal\/wp-json\/wp\/v2\/posts\/20948\/revisions"}],"wp:featuredmedia":[{"embeddable":true,"href":"https:\/\/eltrabajo.cl\/portal\/wp-json\/wp\/v2\/media\/20949"}],"wp:attachment":[{"href":"https:\/\/eltrabajo.cl\/portal\/wp-json\/wp\/v2\/media?parent=20948"}],"wp:term":[{"taxonomy":"category","embeddable":true,"href":"https:\/\/eltrabajo.cl\/portal\/wp-json\/wp\/v2\/categories?post=20948"},{"taxonomy":"post_tag","embeddable":true,"href":"https:\/\/eltrabajo.cl\/portal\/wp-json\/wp\/v2\/tags?post=20948"}],"curies":[{"name":"wp","href":"https:\/\/api.w.org\/{rel}","templated":true}]}}