{"id":20952,"date":"2012-07-20T09:36:56","date_gmt":"2012-07-20T13:36:56","guid":{"rendered":"http:\/\/www.eltrabajo.cl\/portal\/?p=20952"},"modified":"2012-07-20T09:36:56","modified_gmt":"2012-07-20T13:36:56","slug":"entregan-carta-al-presidente-pinera-para-resolver-problema-de-chacrillas","status":"publish","type":"post","link":"https:\/\/eltrabajo.cl\/portal\/entregan-carta-al-presidente-pinera-para-resolver-problema-de-chacrillas\/","title":{"rendered":"Entregan carta al Presidente Pi\u00f1era para resolver problema de Chacrillas"},"content":{"rendered":"<figure id=\"attachment_20953\" aria-describedby=\"caption-attachment-20953\" style=\"width: 600px\" class=\"wp-caption alignnone\"><a href=\"http:\/\/www.eltrabajo.cl\/portal\/2012\/07\/entregan-carta-al-presidente-pinera-para-resolver-problema-de-chacrillas\/movilizaciones-guillermo-reyes\/\" rel=\"attachment wp-att-20953\"><img data-recalc-dims=\"1\" loading=\"lazy\" decoding=\"async\" class=\"size-full wp-image-20953\" title=\"Movilizaciones Guillermo Reyes\" src=\"https:\/\/i0.wp.com\/www.eltrabajo.cl\/portal\/wp-content\/uploads\/2012\/07\/Movilizaciones-Guillermo-Reyes.jpg?resize=600%2C400\" alt=\"\" width=\"600\" height=\"400\" srcset=\"https:\/\/i0.wp.com\/eltrabajo.cl\/portal\/wp-content\/uploads\/2012\/07\/Movilizaciones-Guillermo-Reyes.jpg?w=600&amp;ssl=1 600w, https:\/\/i0.wp.com\/eltrabajo.cl\/portal\/wp-content\/uploads\/2012\/07\/Movilizaciones-Guillermo-Reyes.jpg?resize=200%2C133&amp;ssl=1 200w, https:\/\/i0.wp.com\/eltrabajo.cl\/portal\/wp-content\/uploads\/2012\/07\/Movilizaciones-Guillermo-Reyes.jpg?resize=300%2C200&amp;ssl=1 300w, https:\/\/i0.wp.com\/eltrabajo.cl\/portal\/wp-content\/uploads\/2012\/07\/Movilizaciones-Guillermo-Reyes.jpg?resize=150%2C100&amp;ssl=1 150w, https:\/\/i0.wp.com\/eltrabajo.cl\/portal\/wp-content\/uploads\/2012\/07\/Movilizaciones-Guillermo-Reyes.jpg?resize=400%2C266&amp;ssl=1 400w\" sizes=\"auto, (max-width: 600px) 100vw, 600px\" \/><\/a><figcaption id=\"caption-attachment-20953\" class=\"wp-caption-text\">El Alcalde Guillermo Reyes insisti\u00f3 en que la soluci\u00f3n solo la puede dar el Presidente Pi\u00f1era, y llam\u00f3 a los vecinos a no generar des\u00f3rdenes y manifestarse pac\u00edficamente.<\/figcaption><\/figure>\n<p>Tal como hab\u00eda sido anunciado por el alcalde Guillermo Reyes, una peque\u00f1a, pero representativa comitiva, se traslad\u00f3 este jueves a eso de las 14 horas al Palacio de La Moneda para pedirle formalmente al Presidente Sebasti\u00e1n Pi\u00f1era su intervenci\u00f3n en la b\u00fasqueda de soluciones a la problem\u00e1tica generada por la Direcci\u00f3n General de Aguas, DGA, que dejar\u00eda sin el vital elemento al embalse Chacrillas.<\/p>\n<p>Seg\u00fan inform\u00f3 el edil, la entrega de esta carta refleja como \u201cla comunidad pone sus expectativas, de recuperar el agua, en la gesti\u00f3n directa que puede hacer el Presidente de la Rep\u00fablica con el grupo Matte, due\u00f1os de Colb\u00fan\u201d, explic\u00f3. Una misiva que aspira en primer t\u00e9rmino a que Colb\u00fan renuncie al derecho mal otorgado por DGA y que abandone la cuenca del r\u00edo Putaendo. \u201cEn el peor de los escenarios, esperamos que ellos voluntariamente y sin ninguna exigencia o compensaci\u00f3n de los regantes, cambien su punto de restituci\u00f3n, de modo que devuelvan las aguas al interior del embalse\u201d, solicit\u00f3 el alcalde Reyes.<\/p>\n<p>Una etapa de este proceso de restituci\u00f3n de las aguas que estaba planificado con anterioridad, recordemos que desde el momento que se conoci\u00f3 esta problem\u00e1tica, autoridades y regantes no se forjaron expectativas de soluci\u00f3n. Incluso el propio alcalde Guillermo Reyes en esa oportunidad expres\u00f3 que \u201ceste tema no se resolver\u00e1 con el Ministerio de Obras P\u00fablicas, MOP, s\u00f3lo el Presidente de la Rep\u00fablica podr\u00e1 resolverlo\u201d, se\u00f1al\u00f3 el edil a la salida de la reuni\u00f3n ese 5 de junio.<\/p>\n<p>Para Reyes, el MOP ha sido incapaz de resolver este problema. \u201cOfreci\u00f3 una soluci\u00f3n inaceptable, de incierto desenlace y adem\u00e1s en el largo plazo\u201d, critic\u00f3 la autoridad, quien reiter\u00f3 su llamado a la comunidad de mantener la confianza y la unidad, no desplegando teor\u00edas complementarias a la realidad. \u201cLa \u00fanica verdad aqu\u00ed es que el Ministerio de manera incomprensible, curiosa y hasta sospechosa, entreg\u00f3 las aguas a Colb\u00fan mientras ellos mismos (MOP) constru\u00edan un embalse\u201d, ironiz\u00f3.<\/p>\n<p>De igual modo, formul\u00f3 un llamado a los ciudadanos a no generar des\u00f3rdenes en Putaendo. \u201cNo tiene ning\u00fan sentido. Es un riesgo sobre todo hacer manifestaciones nocturnas\u201d, declar\u00f3 Reyes, solicitando a la comunidad en general a disciplinarse en orden a participar de aquellas actividades programadas con las organizaciones sociales en la comuna que se informar\u00e1n oportunamente. Para Reyes, en estos momentos, la violencia s\u00f3lo conducir\u00e1 a m\u00e1s violencia, \u201cporque cuando aparece la acci\u00f3n reivindicatoria de los ciudadanos, siempre aparece la represi\u00f3n policial, por eso invitamos a participar de las actividades oficiales de manera que todo un pueblo est\u00e9 involucrado en una misma acci\u00f3n y no quede como un hecho aislado\u201d, recalc\u00f3.<\/p>\n<p>&nbsp;<\/p>\n","protected":false},"excerpt":{"rendered":"<p>Tal como hab\u00eda sido anunciado por el alcalde Guillermo Reyes, una peque\u00f1a, pero representativa comitiva, se traslad\u00f3 este jueves a eso de las 14 horas al Palacio de La Moneda para pedirle&#8230;<\/p>\n","protected":false},"author":482,"featured_media":20953,"comment_status":"open","ping_status":"closed","sticky":false,"template":"","format":"standard","meta":{"advanced_seo_description":"","jetpack_seo_html_title":"","jetpack_seo_noindex":false,"_jetpack_memberships_contains_paid_content":false,"footnotes":""},"categories":[1],"tags":[],"class_list":["post-20952","post","type-post","status-publish","format-standard","has-post-thumbnail","hentry","category-cronica"],"jetpack_featured_media_url":"https:\/\/i0.wp.com\/eltrabajo.cl\/portal\/wp-content\/uploads\/2012\/07\/Movilizaciones-Guillermo-Reyes.jpg?fit=600%2C400&ssl=1","jetpack_sharing_enabled":true,"jetpack_likes_enabled":true,"jetpack-related-posts":[],"_links":{"self":[{"href":"https:\/\/eltrabajo.cl\/portal\/wp-json\/wp\/v2\/posts\/20952","targetHints":{"allow":["GET"]}}],"collection":[{"href":"https:\/\/eltrabajo.cl\/portal\/wp-json\/wp\/v2\/posts"}],"about":[{"href":"https:\/\/eltrabajo.cl\/portal\/wp-json\/wp\/v2\/types\/post"}],"author":[{"embeddable":true,"href":"https:\/\/eltrabajo.cl\/portal\/wp-json\/wp\/v2\/users\/482"}],"replies":[{"embeddable":true,"href":"https:\/\/eltrabajo.cl\/portal\/wp-json\/wp\/v2\/comments?post=20952"}],"version-history":[{"count":0,"href":"https:\/\/eltrabajo.cl\/portal\/wp-json\/wp\/v2\/posts\/20952\/revisions"}],"wp:featuredmedia":[{"embeddable":true,"href":"https:\/\/eltrabajo.cl\/portal\/wp-json\/wp\/v2\/media\/20953"}],"wp:attachment":[{"href":"https:\/\/eltrabajo.cl\/portal\/wp-json\/wp\/v2\/media?parent=20952"}],"wp:term":[{"taxonomy":"category","embeddable":true,"href":"https:\/\/eltrabajo.cl\/portal\/wp-json\/wp\/v2\/categories?post=20952"},{"taxonomy":"post_tag","embeddable":true,"href":"https:\/\/eltrabajo.cl\/portal\/wp-json\/wp\/v2\/tags?post=20952"}],"curies":[{"name":"wp","href":"https:\/\/api.w.org\/{rel}","templated":true}]}}