{"id":20956,"date":"2012-07-20T09:39:45","date_gmt":"2012-07-20T13:39:45","guid":{"rendered":"http:\/\/www.eltrabajo.cl\/portal\/?p=20956"},"modified":"2012-07-20T09:39:45","modified_gmt":"2012-07-20T13:39:45","slug":"con-firma-semanal-y-libertad-provisoria-profesor-acusado-de-violacion","status":"publish","type":"post","link":"https:\/\/eltrabajo.cl\/portal\/con-firma-semanal-y-libertad-provisoria-profesor-acusado-de-violacion\/","title":{"rendered":"Con firma semanal y libertad provisoria profesor acusado de violaci\u00f3n"},"content":{"rendered":"<figure id=\"attachment_20957\" aria-describedby=\"caption-attachment-20957\" style=\"width: 300px\" class=\"wp-caption alignleft\"><a href=\"http:\/\/www.eltrabajo.cl\/portal\/2012\/07\/con-firma-semanal-y-libertad-provisoria-profesor-acusado-de-violacion\/fiscal-gallardo\/\" rel=\"attachment wp-att-20957\"><img data-recalc-dims=\"1\" loading=\"lazy\" decoding=\"async\" class=\"size-medium wp-image-20957\" title=\"Fiscal Gallardo\" src=\"https:\/\/i0.wp.com\/www.eltrabajo.cl\/portal\/wp-content\/uploads\/2012\/07\/Fiscal-Gallardo-300x226.jpg?resize=300%2C226\" alt=\"\" width=\"300\" height=\"226\" srcset=\"https:\/\/i0.wp.com\/eltrabajo.cl\/portal\/wp-content\/uploads\/2012\/07\/Fiscal-Gallardo.jpg?resize=300%2C226&amp;ssl=1 300w, https:\/\/i0.wp.com\/eltrabajo.cl\/portal\/wp-content\/uploads\/2012\/07\/Fiscal-Gallardo.jpg?resize=200%2C150&amp;ssl=1 200w, https:\/\/i0.wp.com\/eltrabajo.cl\/portal\/wp-content\/uploads\/2012\/07\/Fiscal-Gallardo.jpg?resize=150%2C113&amp;ssl=1 150w, https:\/\/i0.wp.com\/eltrabajo.cl\/portal\/wp-content\/uploads\/2012\/07\/Fiscal-Gallardo.jpg?resize=400%2C301&amp;ssl=1 400w, https:\/\/i0.wp.com\/eltrabajo.cl\/portal\/wp-content\/uploads\/2012\/07\/Fiscal-Gallardo.jpg?w=600&amp;ssl=1 600w\" sizes=\"auto, (max-width: 300px) 100vw, 300px\" \/><\/a><figcaption id=\"caption-attachment-20957\" class=\"wp-caption-text\">Pese a la negativa de requerir nuevamente la cautelar de Prisi\u00f3n Preventiva, el Fiscal Andr\u00e9s Gallardo manifest\u00f3 que si el imputado no cumple con las firmas, se despachar\u00e1 una orden de detenci\u00f3n inmediata.<\/figcaption><\/figure>\n<p>Pablo Salinas Sald\u00edas &#8211; psalinas@eltrabajo.cl<\/p>\n<p>Tras la revisi\u00f3n de medidas cautelares en contra de Juan Cruz Cisternas, un profesor acusado de abusos sexuales y violaci\u00f3n reiterada a un menor de 13 a\u00f1os, el Tribunal Oral en Lo Penal de San Felipe resolvi\u00f3 mantener la libertad provisoria bajo firma semanal hasta la realizaci\u00f3n del Juicio Oral el pr\u00f3ximo mes de agosto, pese al requerimiento de Prisi\u00f3n Preventiva solicitado por la Fiscal\u00eda.<\/p>\n<p>Recordemos que el imputado, de 30 a\u00f1os de edad, se encontraba en Prisi\u00f3n Preventiva tras ser formalizado el a\u00f1o 2011 por abuso sexual y violaci\u00f3n de su sobrino de 13 a\u00f1os de edad en la comuna de Panquehue, y que tras la ausencia del perito sexual que presentar\u00eda el Ministerio P\u00fablico en el Juicio Oral la semana pasada, el que no fue notificado, el Tribunal decret\u00f3 la libertad provisoria hasta la realizaci\u00f3n de un nuevo juicio.<\/p>\n<p>Por su parte el Fiscal Andr\u00e9s Gallardo requiri\u00f3 ante el Tribunal mantener de esta manera las cautelares de arraigo nacional, prohibici\u00f3n de ingresar a la comuna de Panquehue, acercarse a la v\u00edctima en su domicilio y establecimiento educacional del menor, debiendo firmar cada viernes en la Tenencia de Putaendo.<\/p>\n<p>La importante prueba testimonial del ex funcionario del Servicio M\u00e9dico Legal que no asisti\u00f3 aquel d\u00eda del juicio, significaba una absoluci\u00f3n hacia el imputado por los graves cargos de que se le acusan, debiendo entonces acceder a la petici\u00f3n de revocar la prisi\u00f3n preventiva que requiri\u00f3 la Defensor\u00eda seg\u00fan manifest\u00f3 el Fiscal Gallardo a cargo de los Delitos Sexuales del Ministerio P\u00fablico.<\/p>\n<p>Recordemos que Juan Cruz Cisternas se le acusa por los hechos registrados en el mes de diciembre del a\u00f1o 2010, febrero y abril del 2011, en el domicilio de la v\u00edctima en la comuna de Panquehue, donde el menor identificado con las iniciales L.D.L.M. dorm\u00eda en su dormitorio o manipulaba el computador, quien asegura que fue abusado y violado por su t\u00edo en cuatro ocasiones, situaci\u00f3n que fue advertida en su colegio por el repentino cambio emocional que present\u00f3 la v\u00edctima y que de inmediato fue denunciado a la Polic\u00eda de Investigaciones.<\/p>\n<p>Seg\u00fan se pudo conocer, cuando el menor dorm\u00eda en su dormitorio y en la casa no se encontraban los padres, el imputado supuestamente aprovechaba la instancia para introducirse en la cama del ni\u00f1o y violarlo en dos ocasiones.<\/p>\n<p>En el mes de abril del 2011, en dos oportunidades el imputado habr\u00eda realizado actos de connotaci\u00f3n sexual en contra de su sobrino, toc\u00e1ndole sus genitales mientras el menor ocupaba el computador, delitos que Juan Cruz Cisternas confes\u00f3 a la Polic\u00eda y que forman parte de la investigaci\u00f3n, las que ser\u00e1n llevadas a Juicio el pr\u00f3ximo 27 de agosto.<\/p>\n<p>&nbsp;<\/p>\n","protected":false},"excerpt":{"rendered":"<p>Pablo Salinas Sald\u00edas &#8211; psalinas@eltrabajo.cl Tras la revisi\u00f3n de medidas cautelares en contra de Juan Cruz Cisternas, un profesor acusado de abusos sexuales y violaci\u00f3n reiterada a un menor de 13 a\u00f1os,&#8230;<\/p>\n","protected":false},"author":482,"featured_media":20957,"comment_status":"open","ping_status":"closed","sticky":false,"template":"","format":"standard","meta":{"advanced_seo_description":"","jetpack_seo_html_title":"","jetpack_seo_noindex":false,"_jetpack_memberships_contains_paid_content":false,"footnotes":""},"categories":[21],"tags":[],"class_list":["post-20956","post","type-post","status-publish","format-standard","has-post-thumbnail","hentry","category-policial"],"jetpack_featured_media_url":"https:\/\/i0.wp.com\/eltrabajo.cl\/portal\/wp-content\/uploads\/2012\/07\/Fiscal-Gallardo.jpg?fit=600%2C452&ssl=1","jetpack_sharing_enabled":true,"jetpack_likes_enabled":true,"jetpack-related-posts":[],"_links":{"self":[{"href":"https:\/\/eltrabajo.cl\/portal\/wp-json\/wp\/v2\/posts\/20956","targetHints":{"allow":["GET"]}}],"collection":[{"href":"https:\/\/eltrabajo.cl\/portal\/wp-json\/wp\/v2\/posts"}],"about":[{"href":"https:\/\/eltrabajo.cl\/portal\/wp-json\/wp\/v2\/types\/post"}],"author":[{"embeddable":true,"href":"https:\/\/eltrabajo.cl\/portal\/wp-json\/wp\/v2\/users\/482"}],"replies":[{"embeddable":true,"href":"https:\/\/eltrabajo.cl\/portal\/wp-json\/wp\/v2\/comments?post=20956"}],"version-history":[{"count":0,"href":"https:\/\/eltrabajo.cl\/portal\/wp-json\/wp\/v2\/posts\/20956\/revisions"}],"wp:featuredmedia":[{"embeddable":true,"href":"https:\/\/eltrabajo.cl\/portal\/wp-json\/wp\/v2\/media\/20957"}],"wp:attachment":[{"href":"https:\/\/eltrabajo.cl\/portal\/wp-json\/wp\/v2\/media?parent=20956"}],"wp:term":[{"taxonomy":"category","embeddable":true,"href":"https:\/\/eltrabajo.cl\/portal\/wp-json\/wp\/v2\/categories?post=20956"},{"taxonomy":"post_tag","embeddable":true,"href":"https:\/\/eltrabajo.cl\/portal\/wp-json\/wp\/v2\/tags?post=20956"}],"curies":[{"name":"wp","href":"https:\/\/api.w.org\/{rel}","templated":true}]}}