{"id":20966,"date":"2012-07-20T10:06:22","date_gmt":"2012-07-20T14:06:22","guid":{"rendered":"http:\/\/www.eltrabajo.cl\/portal\/?p=20966"},"modified":"2012-07-20T10:09:22","modified_gmt":"2012-07-20T14:09:22","slug":"hospitales-san-camilo-y-fricke-denunciados-por-cuasidelito-de-homicidio","status":"publish","type":"post","link":"https:\/\/eltrabajo.cl\/portal\/hospitales-san-camilo-y-fricke-denunciados-por-cuasidelito-de-homicidio\/","title":{"rendered":"Hospitales San Camilo y Fricke denunciados por cuasidelito de Homicidio"},"content":{"rendered":"<figure id=\"attachment_20969\" aria-describedby=\"caption-attachment-20969\" style=\"width: 300px\" class=\"wp-caption alignleft\"><a href=\"http:\/\/www.eltrabajo.cl\/portal\/2012\/07\/hospitales-san-camilo-y-fricke-denunciados-por-cuasidelito-de-homicidio\/alegria1-3\/\" rel=\"attachment wp-att-20969\"><img data-recalc-dims=\"1\" loading=\"lazy\" decoding=\"async\" class=\"size-medium wp-image-20969\" title=\"Alegria1\" src=\"https:\/\/i0.wp.com\/www.eltrabajo.cl\/portal\/wp-content\/uploads\/2012\/07\/Alegria1-300x225.jpg?resize=300%2C225\" alt=\"\" width=\"300\" height=\"225\" srcset=\"https:\/\/i0.wp.com\/eltrabajo.cl\/portal\/wp-content\/uploads\/2012\/07\/Alegria1.jpg?resize=300%2C225&amp;ssl=1 300w, https:\/\/i0.wp.com\/eltrabajo.cl\/portal\/wp-content\/uploads\/2012\/07\/Alegria1.jpg?resize=200%2C150&amp;ssl=1 200w, https:\/\/i0.wp.com\/eltrabajo.cl\/portal\/wp-content\/uploads\/2012\/07\/Alegria1.jpg?resize=150%2C112&amp;ssl=1 150w, https:\/\/i0.wp.com\/eltrabajo.cl\/portal\/wp-content\/uploads\/2012\/07\/Alegria1.jpg?resize=400%2C300&amp;ssl=1 400w, https:\/\/i0.wp.com\/eltrabajo.cl\/portal\/wp-content\/uploads\/2012\/07\/Alegria1.jpg?w=600&amp;ssl=1 600w\" sizes=\"auto, (max-width: 300px) 100vw, 300px\" \/><\/a><figcaption id=\"caption-attachment-20969\" class=\"wp-caption-text\">La sonrisa y ganas de conocer el mar de la regalona Agustina Torezani Vega de casi tres a\u00f1os, se apagaron para siempre, s\u00f3lo resta esperar a que las Fiscal\u00edas se pronuncien en torno a este ins\u00f3lito caso denunciado.<\/figcaption><\/figure>\n<p>Roberto Gonz\u00e1lez Short &#8211; rgonzalez@eltrabajo.cl<\/p>\n<p>Todo un calvario personal y familiar vive Bindy Vega, una madre sanfelipe\u00f1a, luego que en enero pasado y tras haber hospitalizado a su hija de casi tres a\u00f1os, Agustina Torezani, con una aparente Gastroenteritis en el Hospital San Camilo, pocos d\u00edas despu\u00e9s la recibi\u00f3 sin vida en un caj\u00f3n de madera, luego de que la peque\u00f1a muriera en el Hospital Dr. Gustavo Fricke de Vi\u00f1a del Mar, producto de una falla org\u00e1nica m\u00faltiple originada por el mal de S\u00edndrome Hemol\u00edtico Ur\u00e9mico (SHU).<\/p>\n<p>Ante este lamentable desenlace, la se\u00f1ora Vega interpuso dos denuncias por Cuasidelito de Homicidio en contra de ambos centros hospitalarios, estas diligencias las present\u00f3 tanto en la Fiscal\u00eda de Vi\u00f1a del Mar como en la de San Felipe. Diario El Trabajo atendi\u00f3 a la demandante tras una visita que la misma hizo a nuestra Sala de Redacci\u00f3n.<\/p>\n<p><strong>&#8211; \u00bfC\u00f3mo y por qu\u00e9 ingres\u00f3 su hija a estos hospitales?<\/strong><\/p>\n<p>&#8211; \u201cEl 16 de enero de este a\u00f1o, llev\u00e9 a mi hija Agustina con dolores de guatita y diarrea. Al llegar al San Camilo, el m\u00e9dico la revis\u00f3, le puso suero un rato y me la entregaron. El doctor me dijo que le suministrara Viadil si le dol\u00eda m\u00e1s. Al d\u00eda siguiente tuve que volver con mi peque\u00f1a a Urgencias, esper\u00e9 por 20 minutos, aunque mi hija ten\u00eda sus labios morados y la mirada hacia atr\u00e1s, nadie me hac\u00eda caso, hice un esc\u00e1ndalo para que me atendieran a mi ni\u00f1a. Supe que algo no andaba bien, pues a mi hija no le pod\u00edan sacar sangre, su sangre se estaba coagulando (\u2026) Cuando mi ni\u00f1a logr\u00f3 orinar, orin\u00f3 de color negro y con sangre (\u2026) Cuando a mi ni\u00f1a la env\u00edan a Vi\u00f1a, los m\u00e9dicos me dicen que no me preocupara, que solamente era para hidratarla. Mi padre lleg\u00f3 luego al hospital y la doctora le dijo a \u00e9l exactamente lo mismo, para hidratarla y resulta que mi hija llega a mi casa seis d\u00edas despu\u00e9s en un caj\u00f3n\u201d.<\/p>\n<figure id=\"attachment_20968\" aria-describedby=\"caption-attachment-20968\" style=\"width: 300px\" class=\"wp-caption alignright\"><a href=\"http:\/\/www.eltrabajo.cl\/portal\/2012\/07\/hospitales-san-camilo-y-fricke-denunciados-por-cuasidelito-de-homicidio\/lagrimas1\/\" rel=\"attachment wp-att-20968\"><img data-recalc-dims=\"1\" loading=\"lazy\" decoding=\"async\" class=\"size-medium wp-image-20968\" title=\"Lagrimas1\" src=\"https:\/\/i0.wp.com\/www.eltrabajo.cl\/portal\/wp-content\/uploads\/2012\/07\/Lagrimas1-300x225.jpg?resize=300%2C225\" alt=\"\" width=\"300\" height=\"225\" srcset=\"https:\/\/i0.wp.com\/eltrabajo.cl\/portal\/wp-content\/uploads\/2012\/07\/Lagrimas1.jpg?resize=300%2C225&amp;ssl=1 300w, https:\/\/i0.wp.com\/eltrabajo.cl\/portal\/wp-content\/uploads\/2012\/07\/Lagrimas1.jpg?resize=200%2C150&amp;ssl=1 200w, https:\/\/i0.wp.com\/eltrabajo.cl\/portal\/wp-content\/uploads\/2012\/07\/Lagrimas1.jpg?resize=150%2C112&amp;ssl=1 150w, https:\/\/i0.wp.com\/eltrabajo.cl\/portal\/wp-content\/uploads\/2012\/07\/Lagrimas1.jpg?resize=400%2C300&amp;ssl=1 400w, https:\/\/i0.wp.com\/eltrabajo.cl\/portal\/wp-content\/uploads\/2012\/07\/Lagrimas1.jpg?w=600&amp;ssl=1 600w\" sizes=\"auto, (max-width: 300px) 100vw, 300px\" \/><\/a><figcaption id=\"caption-attachment-20968\" class=\"wp-caption-text\">El dolor, angustia e impotencia que embargan el coraz\u00f3n de Bindy Vega, pareciera no ser aliviado con simples explicaciones de los m\u00e9dicos que desde un principio le dijeron que \u2018todo estaba bien\u2019.<\/figcaption><\/figure>\n<p><strong>&#8211; \u00bfC\u00f3mo fue la estad\u00eda de Agustina en Vi\u00f1a del Mar?<\/strong><\/p>\n<p>&#8211; \u201cEn Vi\u00f1a, a mi hija la operaron un d\u00eda martes, no le pusieron antibi\u00f3ticos para hacerle una Di\u00e1lisis, le pusieron antibi\u00f3ticos hasta el d\u00eda s\u00e1bado. Ellos nunca me dijeron que mi hija estaba grave, aunque me hicieron firmar un documento, en donde dice que yo fui informada siempre de la gravedad de mi hija, eso es falso\u201d.<\/p>\n<p><strong>&#8211; \u00bfCu\u00e1l fue el desenlace de esta historia para usted y su hija?<\/strong><\/p>\n<p>&#8211; \u201cMe llamaron por tel\u00e9fono para informarme que a mi ni\u00f1a le hab\u00eda dado un parco cardiaco, cuando voy en camino al hospital, me avisan que le dio otro infarto, al llegar y abrazarla, me le dio otro paro cardiaco, as\u00ed ella fue sufriendo hasta el octavo paro cardiaco\u201d.<\/p>\n<p><strong>&#8211; \u00bfQu\u00e9 observ\u00f3 usted durante esos momentos?<\/strong><\/p>\n<p>&#8211; \u201cEn un momento dado, cuando vi que los m\u00e9dicos intentaban reanimar a mi hija, y cuando le hac\u00edan esos ex\u00e1menes, yo mir\u00e9 que la m\u00e1quina indicaba \u2018ERROR\u2019 en una pantallita, inform\u00e9 a los doctores de que esa m\u00e1quina estaba da\u00f1ada, ellos me dec\u00edan que luego ser\u00eda arreglada esa m\u00e1quina\u201d.<\/p>\n<p><strong>&#8211; \u00bfHicieron autopsia al cuerpo de su peque\u00f1a?<\/strong><\/p>\n<p>&#8211; \u201cYo pregunt\u00e9 si har\u00edan o no una autopsia, ellos me dijeron que no era necesario hacerla. El cuerpo de mi hija me lo entregaron en d\u00eda domingo y en menos de dos horas. Yo me pregunto \u00bfen qu\u00e9 parte del mundo le entregan un cuerpo en menos de dos horas de muerto?, en ninguna parte, aunque uno tuviera mucha plata tampoco se lo entregar\u00edan tan r\u00e1pido\u201d.<\/p>\n<p><strong>&#8211; \u00bfQu\u00e9 ha hecho usted al respecto?<\/strong><\/p>\n<p>&#8211; \u201cYo denunci\u00e9 personalmente por Cuasidelito de Homicidio al Hospital San Camilo y al Hospital Dr. Gustavo Fricke de Vi\u00f1a del Mar (\u2026) Cuando la PDI intervino en el hospital de Vi\u00f1a, se me inform\u00f3 que \u2018alguien\u2019 se hizo pasar por un familiar m\u00edo para secuestrar la Ficha M\u00e9dica de mi hija, fue cuando me alter\u00e9 y reclam\u00e9 con fuerza, que ellos me entregaron ese documento, cinco d\u00edas despu\u00e9s de estar \u2018desaparecida\u2019 la Ficha\u201d.<\/p>\n<p><strong>&#8211; \u00bfC\u00f3mo era su hija cuando estaba viva?<\/strong><\/p>\n<p>&#8211; \u201cEste ser\u00eda el primer a\u00f1o de colegio de mi hija, mi ni\u00f1a lo \u00fanico que quer\u00eda era conocer el mar y tener una bicicleta, todos los d\u00edas me lo ped\u00eda, aunque pens\u00e9 que una bicicleta para ella no era necesaria, jam\u00e1s pens\u00e9 que la vida de mi ni\u00f1a ser\u00eda tan corta (\u2026) sus \u00faltimas palabras, fueron para preguntar por su pap\u00e1 y su abuela, me pidi\u00f3 un yogurt\u201d.<\/p>\n<figure id=\"attachment_20975\" aria-describedby=\"caption-attachment-20975\" style=\"width: 603px\" class=\"wp-caption alignnone\"><a href=\"http:\/\/www.eltrabajo.cl\/portal\/2012\/07\/hospitales-san-camilo-y-fricke-denunciados-por-cuasidelito-de-homicidio\/denuncia1-5\/\" rel=\"attachment wp-att-20975\"><img data-recalc-dims=\"1\" loading=\"lazy\" decoding=\"async\" class=\"size-full wp-image-20975\" title=\"Denuncia1\" src=\"https:\/\/i0.wp.com\/www.eltrabajo.cl\/portal\/wp-content\/uploads\/2012\/07\/Denuncia11.jpg?resize=603%2C407\" alt=\"\" width=\"603\" height=\"407\" srcset=\"https:\/\/i0.wp.com\/eltrabajo.cl\/portal\/wp-content\/uploads\/2012\/07\/Denuncia11.jpg?w=603&amp;ssl=1 603w, https:\/\/i0.wp.com\/eltrabajo.cl\/portal\/wp-content\/uploads\/2012\/07\/Denuncia11.jpg?resize=200%2C134&amp;ssl=1 200w, https:\/\/i0.wp.com\/eltrabajo.cl\/portal\/wp-content\/uploads\/2012\/07\/Denuncia11.jpg?resize=300%2C202&amp;ssl=1 300w, https:\/\/i0.wp.com\/eltrabajo.cl\/portal\/wp-content\/uploads\/2012\/07\/Denuncia11.jpg?resize=150%2C101&amp;ssl=1 150w, https:\/\/i0.wp.com\/eltrabajo.cl\/portal\/wp-content\/uploads\/2012\/07\/Denuncia11.jpg?resize=400%2C269&amp;ssl=1 400w\" sizes=\"auto, (max-width: 603px) 100vw, 603px\" \/><\/a><figcaption id=\"caption-attachment-20975\" class=\"wp-caption-text\">Esta es parte de la documentaci\u00f3n en poder de Diario El Trabajo, misma que confirma la existencia de una denuncia por Cuasidelito de Homicidio en contra de ambos hospitales.<\/figcaption><\/figure>\n<p><strong>HOSPITAL SAN CAMILO<\/strong><\/p>\n<p>Aunque Diario El Trabajo realiz\u00f3 numerosas preguntas a la Direcci\u00f3n del Hospital San Camilo, en concreto no todas fueron contestadas. Las preguntas formuladas v\u00eda correo electr\u00f3nico fueron las siguientes:<\/p>\n<p><strong>&#8211; \u00bfUstedes tienen conocimiento de las denuncias interpuestas por la se\u00f1ora Bindy Vega en contra del Hospital San Camilo?<\/strong><\/p>\n<p><strong>&#8211; Tomando como ciertas las declaraciones de la madre de la ni\u00f1a fallecida, \u00bfc\u00f3mo puede convertirse un simple dolor de est\u00f3mago en una enfermedad mortal sin que los m\u00e9dicos reaccionaran a tiempo?<\/strong><\/p>\n<p><strong>&#8211; \u00bfPor qu\u00e9 se env\u00eda a la ni\u00f1a enferma con SHU para su casa sin examinar a fondo sus dolencias?<\/strong><\/p>\n<p><strong>&#8211; \u00bfPudo haber tenido mejores oportunidades de vivir la ni\u00f1a Agustina Torezani, si se hubiese hospitalizado desde el primer momento en que la abordaron?<\/strong><\/p>\n<p><strong>&#8211; \u00bfLegalmente qu\u00e9 est\u00e1 haciendo el Hospital San Camilo para enfrentar este caso?<\/strong><\/p>\n<p><strong>&#8211; \u00bfHan hablado ustedes con la se\u00f1ora Vega para llegar a alg\u00fan acuerdo sobre este caso?<\/strong><\/p>\n<p><strong>&#8211; De ser as\u00ed, \u00bfQu\u00e9 ha propuesto el Hospital?<\/strong><\/p>\n<p>No obstante lo anterior y la serie de preguntas enviadas, desde el Hospital San Camilo se respondi\u00f3 lo siguiente:<\/p>\n<p>\u201cLa menor consult\u00f3 en dos oportunidades en la Unidad de Urgencias, siendo la primera atenci\u00f3n el d\u00eda 16 de de enero a las 12:45 en donde fue atendida por el m\u00e9dico a las 13:10 horas, por un cuadro de fiebre y diarrea, presentando signos vitales estables, por lo que el diagn\u00f3stico presuntivo fue de gastroenteritis aguda, ya que los s\u00edntomas y los signos f\u00edsicos no evidenciaban un cuadro de SHU, situaci\u00f3n totalmente distinta a la del d\u00eda 17, en donde su cuadro cl\u00ednico y los resultados de ex\u00e1menes, permitieron plantear el diagn\u00f3stico de SHU, por lo que se act\u00faa en consecuencia, se inicia tratamiento y se estabiliza a la paciente, gestionando el traslado a un centro de mayor complejidad\u201d, inform\u00f3 el Subdirector del San Camilo, Dr. Daniel \u00c1lvarez.<\/p>\n<p><strong>\u00a0INVESTIGACIONES EST\u00c1N EN CURSO<\/strong><\/p>\n<p>De acuerdo a lo lamentable del hecho, la Direcci\u00f3n del Hospital San Camilo tuvo contacto con la madre de Agustina para entregarle todos los antecedentes del caso y resolver sus dudas, mientras que por parte del Departamento de Prensa del Hospital Dr. Gustavo Fricke de Vi\u00f1a del Mar, inform\u00f3 a Diario El Trabajo que \u201cA ra\u00edz del fallecimiento de la paciente, producto de una falla multiorg\u00e1nica mientras se encontraba hospitalizada en una Unidad de Cuidado Cr\u00edtico Pedi\u00e1trico, se inici\u00f3 una Auditor\u00eda Cl\u00ednica, la cual es una herramienta que tiene como objetivo esclarecer todas las informaciones, acciones, tratamientos, procesos y situaciones informadas por la Sra. Bindy mientras se brind\u00f3 atenci\u00f3n a su hija\u201d, detall\u00f3 el comunicado.<\/p>\n<p>\u201cUna vez que esta Auditor\u00eda est\u00e9 finalizada, el establecimiento estar\u00e1 en condiciones de informar ampliamente sobre los resultados obtenidos y proceder a evaluar la pertinencia de realizar una investigaci\u00f3n sumaria o Sumario Administrativo, de manera de establecer responsabilidades si es que fuese pertinente\u201d, concluy\u00f3 el comunicado ofrecido por Comunicaciones y Relaciones P\u00fablicas del Hospital Dr. Gustavo Fricke.<\/p>\n<p>Lejos de los resultados de estas investigaciones pasadas, presentes y futuras, el dolor de esta madre pareciera no ser aliviado y ser\u00e1 ahora el Ministerio P\u00fablico quien defina responsabilidades sobre los hechos denunciados.<\/p>\n<p>&nbsp;<\/p>\n","protected":false},"excerpt":{"rendered":"<p>Roberto Gonz\u00e1lez Short &#8211; rgonzalez@eltrabajo.cl Todo un calvario personal y familiar vive Bindy Vega, una madre sanfelipe\u00f1a, luego que en enero pasado y tras haber hospitalizado a su hija de casi tres&#8230;<\/p>\n","protected":false},"author":482,"featured_media":20969,"comment_status":"open","ping_status":"closed","sticky":false,"template":"","format":"standard","meta":{"advanced_seo_description":"","jetpack_seo_html_title":"","jetpack_seo_noindex":false,"_jetpack_memberships_contains_paid_content":false,"footnotes":""},"categories":[15],"tags":[],"class_list":["post-20966","post","type-post","status-publish","format-standard","has-post-thumbnail","hentry","category-comunidad"],"jetpack_featured_media_url":"https:\/\/i0.wp.com\/eltrabajo.cl\/portal\/wp-content\/uploads\/2012\/07\/Alegria1.jpg?fit=600%2C450&ssl=1","jetpack_sharing_enabled":true,"jetpack_likes_enabled":true,"jetpack-related-posts":[],"_links":{"self":[{"href":"https:\/\/eltrabajo.cl\/portal\/wp-json\/wp\/v2\/posts\/20966","targetHints":{"allow":["GET"]}}],"collection":[{"href":"https:\/\/eltrabajo.cl\/portal\/wp-json\/wp\/v2\/posts"}],"about":[{"href":"https:\/\/eltrabajo.cl\/portal\/wp-json\/wp\/v2\/types\/post"}],"author":[{"embeddable":true,"href":"https:\/\/eltrabajo.cl\/portal\/wp-json\/wp\/v2\/users\/482"}],"replies":[{"embeddable":true,"href":"https:\/\/eltrabajo.cl\/portal\/wp-json\/wp\/v2\/comments?post=20966"}],"version-history":[{"count":0,"href":"https:\/\/eltrabajo.cl\/portal\/wp-json\/wp\/v2\/posts\/20966\/revisions"}],"wp:featuredmedia":[{"embeddable":true,"href":"https:\/\/eltrabajo.cl\/portal\/wp-json\/wp\/v2\/media\/20969"}],"wp:attachment":[{"href":"https:\/\/eltrabajo.cl\/portal\/wp-json\/wp\/v2\/media?parent=20966"}],"wp:term":[{"taxonomy":"category","embeddable":true,"href":"https:\/\/eltrabajo.cl\/portal\/wp-json\/wp\/v2\/categories?post=20966"},{"taxonomy":"post_tag","embeddable":true,"href":"https:\/\/eltrabajo.cl\/portal\/wp-json\/wp\/v2\/tags?post=20966"}],"curies":[{"name":"wp","href":"https:\/\/api.w.org\/{rel}","templated":true}]}}