{"id":20981,"date":"2012-07-23T09:34:11","date_gmt":"2012-07-23T13:34:11","guid":{"rendered":"http:\/\/www.eltrabajo.cl\/portal\/?p=20981"},"modified":"2012-07-23T09:34:12","modified_gmt":"2012-07-23T13:34:12","slug":"con-positivos-resultados-finaliza-%e2%80%98vive-el-teatro-en-santa-maria%e2%80%99","status":"publish","type":"post","link":"https:\/\/eltrabajo.cl\/portal\/con-positivos-resultados-finaliza-%e2%80%98vive-el-teatro-en-santa-maria%e2%80%99\/","title":{"rendered":"Con positivos resultados finaliza \u2018Vive el Teatro en Santa Mar\u00eda\u2019"},"content":{"rendered":"<figure id=\"attachment_20982\" aria-describedby=\"caption-attachment-20982\" style=\"width: 600px\" class=\"wp-caption alignnone\"><a href=\"http:\/\/www.eltrabajo.cl\/portal\/2012\/07\/con-positivos-resultados-finaliza-%e2%80%98vive-el-teatro-en-santa-maria%e2%80%99\/actores1-2\/\" rel=\"attachment wp-att-20982\"><img data-recalc-dims=\"1\" loading=\"lazy\" decoding=\"async\" class=\"size-full wp-image-20982\" title=\"Actores1\" src=\"https:\/\/i0.wp.com\/www.eltrabajo.cl\/portal\/wp-content\/uploads\/2012\/07\/Actores11.jpg?resize=600%2C438\" alt=\"\" width=\"600\" height=\"438\" srcset=\"https:\/\/i0.wp.com\/eltrabajo.cl\/portal\/wp-content\/uploads\/2012\/07\/Actores11.jpg?w=600&amp;ssl=1 600w, https:\/\/i0.wp.com\/eltrabajo.cl\/portal\/wp-content\/uploads\/2012\/07\/Actores11.jpg?resize=200%2C146&amp;ssl=1 200w, https:\/\/i0.wp.com\/eltrabajo.cl\/portal\/wp-content\/uploads\/2012\/07\/Actores11.jpg?resize=300%2C219&amp;ssl=1 300w, https:\/\/i0.wp.com\/eltrabajo.cl\/portal\/wp-content\/uploads\/2012\/07\/Actores11.jpg?resize=150%2C109&amp;ssl=1 150w, https:\/\/i0.wp.com\/eltrabajo.cl\/portal\/wp-content\/uploads\/2012\/07\/Actores11.jpg?resize=400%2C292&amp;ssl=1 400w\" sizes=\"auto, (max-width: 600px) 100vw, 600px\" \/><\/a><figcaption id=\"caption-attachment-20982\" class=\"wp-caption-text\">La Compa\u00f1\u00eda de Teatro \u2018El Ba\u00fal\u2019, de Valpara\u00edso, hizo de las suyas durante toda una semana de presentaciones en distintas comunidades de Santa Mar\u00eda.<\/figcaption><\/figure>\n<p><strong>SANTA MAR\u00cdA.-<\/strong> Durante una semana, se desarroll\u00f3 la iniciativa \u2018Vive el Teatro en Santa Mar\u00eda 2012\u2019, organizada por la Oficina de Cultura del Municipio, que contempl\u00f3 la presentaci\u00f3n itinerante de la obra de Isidora Aguirre, \u2018Don Anacleto Avaro\u2019, interpretada por la Compa\u00f1\u00eda \u2018El Ba\u00fal\u2019, de Valpara\u00edso y que trata sobre las aventuras de un anciano ego\u00edsta y ambicioso que recibe una lecci\u00f3n que cambiar\u00e1 su vida. Este proyecto se ejecut\u00f3 con los Fondos de Cultura del Gobierno Regional y se present\u00f3 en distintos sectores de la comuna, pensando en que los ni\u00f1os y ni\u00f1as disfrutar\u00e1n del teatro, durante sus vacaciones de invierno, mismas que finalizaron este domingo.<\/p>\n<p>Como una actividad muy positiva, con un marco de p\u00fablico bastante grande, calific\u00f3 Sergio Rojas la ejecuci\u00f3n de<\/p>\n<p>\u00abDon Anacleto Avaro\u00bb en Santa Mar\u00eda.<\/p>\n<p>\u00abPero m\u00e1s importante que esto, es la reacci\u00f3n que el p\u00fablico en general tuvo hacia la obra. Se rieron, se emocionaron y vivieron la obra. Al llevar el teatro a las localidades, estamos trabajando en la creaci\u00f3n de audiencias y con esta presentaci\u00f3n, lo hemos logrado, ya que tuvimos m\u00e1s espectadores que el a\u00f1o anterior, (un promedio de 60 por sector) e interactuaron m\u00e1s con los personajes\u00bb, coment\u00f3 a Diario El Trabajo Sergio Rojas de Oficina de Cultura.<\/p>\n<p>Arturo Soto, actor de la Compa\u00f1\u00eda El Ba\u00fal; que interpreta al personaje de \u2018John Bad\u2019, en la obra, indic\u00f3 que \u00abLa apuesta que hace el Departamento de Cultura de la Municipalidad es importante, porque es acercar el teatro directamente a los lugares donde vive la gente, por lo tanto, creemos que se cumple con creces la meta de mejorar la calidad de vida de las personas\u00bb, coment\u00f3 Soto.<\/p>\n<p>Albina Marambio, Presidenta de la Uni\u00f3n Comunal de Juntas de Vecinos, manifest\u00f3 que \u00abMe parece muy bien tener teatro en nuestro sector. Es algo muy lindo, especialmente para los ni\u00f1os, porque ellos necesitan aprender y distraerse con algo sano y es muy bonito traer el teatro a la poblaci\u00f3n, porque los ni\u00f1os participan tambi\u00e9n de estas obras y esto me gusta mucho, que se sientan felices. La obra \u00abAnacleto Avaro\u00bb.<\/p>\n<p>El Alcalde de la comuna, Claudio Zurita, valor\u00f3 el trabajo realizado y la respuesta de la comunidad y agradeci\u00f3 a la Uni\u00f3n Comunal de Junta de Vecinos, por su colaboraci\u00f3n en la presentaci\u00f3n de este proyecto \u2018Vive el Teatro en Santa Mar\u00eda 2012\u2019 e inform\u00f3 que el pr\u00f3ximo 28 de julio, en el Gimnasio Municipal, en un horario por definir se presentar\u00e1 el destacado cantautor nacional Patricio Manns.<\/p>\n","protected":false},"excerpt":{"rendered":"<p>SANTA MAR\u00cdA.- Durante una semana, se desarroll\u00f3 la iniciativa \u2018Vive el Teatro en Santa Mar\u00eda 2012\u2019, organizada por la Oficina de Cultura del Municipio, que contempl\u00f3 la presentaci\u00f3n itinerante de la obra&#8230;<\/p>\n","protected":false},"author":482,"featured_media":20982,"comment_status":"open","ping_status":"closed","sticky":false,"template":"","format":"standard","meta":{"advanced_seo_description":"","jetpack_seo_html_title":"","jetpack_seo_noindex":false,"_jetpack_memberships_contains_paid_content":false,"footnotes":""},"categories":[1],"tags":[],"class_list":["post-20981","post","type-post","status-publish","format-standard","has-post-thumbnail","hentry","category-cronica"],"jetpack_featured_media_url":"https:\/\/i0.wp.com\/eltrabajo.cl\/portal\/wp-content\/uploads\/2012\/07\/Actores11.jpg?fit=600%2C438&ssl=1","jetpack_sharing_enabled":true,"jetpack_likes_enabled":true,"jetpack-related-posts":[],"_links":{"self":[{"href":"https:\/\/eltrabajo.cl\/portal\/wp-json\/wp\/v2\/posts\/20981","targetHints":{"allow":["GET"]}}],"collection":[{"href":"https:\/\/eltrabajo.cl\/portal\/wp-json\/wp\/v2\/posts"}],"about":[{"href":"https:\/\/eltrabajo.cl\/portal\/wp-json\/wp\/v2\/types\/post"}],"author":[{"embeddable":true,"href":"https:\/\/eltrabajo.cl\/portal\/wp-json\/wp\/v2\/users\/482"}],"replies":[{"embeddable":true,"href":"https:\/\/eltrabajo.cl\/portal\/wp-json\/wp\/v2\/comments?post=20981"}],"version-history":[{"count":0,"href":"https:\/\/eltrabajo.cl\/portal\/wp-json\/wp\/v2\/posts\/20981\/revisions"}],"wp:featuredmedia":[{"embeddable":true,"href":"https:\/\/eltrabajo.cl\/portal\/wp-json\/wp\/v2\/media\/20982"}],"wp:attachment":[{"href":"https:\/\/eltrabajo.cl\/portal\/wp-json\/wp\/v2\/media?parent=20981"}],"wp:term":[{"taxonomy":"category","embeddable":true,"href":"https:\/\/eltrabajo.cl\/portal\/wp-json\/wp\/v2\/categories?post=20981"},{"taxonomy":"post_tag","embeddable":true,"href":"https:\/\/eltrabajo.cl\/portal\/wp-json\/wp\/v2\/tags?post=20981"}],"curies":[{"name":"wp","href":"https:\/\/api.w.org\/{rel}","templated":true}]}}