{"id":20985,"date":"2012-07-23T09:35:24","date_gmt":"2012-07-23T13:35:24","guid":{"rendered":"http:\/\/www.eltrabajo.cl\/portal\/?p=20985"},"modified":"2012-07-23T09:35:24","modified_gmt":"2012-07-23T13:35:24","slug":"concejo-municipal-entregaria-concesion-a-empresa-encargada-de-proyecto-eolico","status":"publish","type":"post","link":"https:\/\/eltrabajo.cl\/portal\/concejo-municipal-entregaria-concesion-a-empresa-encargada-de-proyecto-eolico\/","title":{"rendered":"Concejo Municipal entregar\u00eda concesi\u00f3n a empresa encargada de proyecto e\u00f3lico"},"content":{"rendered":"<figure id=\"attachment_20986\" aria-describedby=\"caption-attachment-20986\" style=\"width: 272px\" class=\"wp-caption alignleft\"><a href=\"http:\/\/www.eltrabajo.cl\/portal\/2012\/07\/concejo-municipal-entregaria-concesion-a-empresa-encargada-de-proyecto-eolico\/mario-marillanca\/\" rel=\"attachment wp-att-20986\"><img data-recalc-dims=\"1\" loading=\"lazy\" decoding=\"async\" class=\"size-medium wp-image-20986\" title=\"mario marillanca\" src=\"https:\/\/i0.wp.com\/www.eltrabajo.cl\/portal\/wp-content\/uploads\/2012\/07\/mario-marillanca-272x300.jpg?resize=272%2C300\" alt=\"\" width=\"272\" height=\"300\" srcset=\"https:\/\/i0.wp.com\/eltrabajo.cl\/portal\/wp-content\/uploads\/2012\/07\/mario-marillanca.jpg?resize=272%2C300&amp;ssl=1 272w, https:\/\/i0.wp.com\/eltrabajo.cl\/portal\/wp-content\/uploads\/2012\/07\/mario-marillanca.jpg?resize=136%2C150&amp;ssl=1 136w, https:\/\/i0.wp.com\/eltrabajo.cl\/portal\/wp-content\/uploads\/2012\/07\/mario-marillanca.jpg?resize=400%2C440&amp;ssl=1 400w, https:\/\/i0.wp.com\/eltrabajo.cl\/portal\/wp-content\/uploads\/2012\/07\/mario-marillanca.jpg?w=600&amp;ssl=1 600w\" sizes=\"auto, (max-width: 272px) 100vw, 272px\" \/><\/a><figcaption id=\"caption-attachment-20986\" class=\"wp-caption-text\">El Alcalde Mario Marillanca se\u00f1al\u00f3 que el proyecto de energ\u00eda e\u00f3lica deber\u00eda estar listo el a\u00f1o 2013.<\/figcaption><\/figure>\n<p><strong>LLAY LLAY.<\/strong>&#8211; El pr\u00f3ximo mi\u00e9rcoles 25 de julio, el Consejo Municipal, deber\u00eda entregar la concesi\u00f3n a la empresa norteamericana que result\u00f3 elegida para desarrollar el proyecto de energ\u00eda e\u00f3lica en esa comuna. As\u00ed lo dio a conocer el Alcalde Mario Marillanca, quien record\u00f3 que se trata de un proyecto que alcanza los 108 millones de d\u00f3lares, por lo que el martes de esta semana, el Alcalde se reuni\u00f3 con los empresarios que se encargar\u00e1n de desarrollar la iniciativa, con el objetivo de acercar posiciones y para darles a conocer las exigencias que el municipio les har\u00e1 al margen del pago de impuestos y patentes.<\/p>\n<p>\u201cEllos deben dejar algo para la comunidad de Llay Llay, tenemos buenos proyectos que queremos instalar en el municipio; en el hospital; en Carabineros y en el liceo, aprovechando que nosotros tenemos agua; tenemos energ\u00eda e\u00f3lica y energ\u00eda solar, la idea es hacer un proyecto bastante novedoso, que se puede implementar solo en algunos sectores como Llay Llay, porque no tienen este tipo de recursos\u201d, dijo el Alcalde.<\/p>\n<p>La idea de ejecutar este proyecto es cambiarle el rostro a la comuna, iniciativa que podr\u00eda estar terminada en el a\u00f1o 2013, tiempo durante el cual se comenzar\u00e1 a ver el levantamiento de las torres.<\/p>\n<p>El Alcalde dijo adem\u00e1s que el tema de la energ\u00eda el\u00e9ctrica es bastante fr\u00e1gil y est\u00e1 presente a nivel nacional, por eso el hecho de contar con este proyecto en la comuna, se podr\u00e1 aprovechar la parte tur\u00edstica, algunas ventajas comparativas, al encontrarse la comuna de Llay Llay muy bien ubicada.<\/p>\n<p>&nbsp;<\/p>\n","protected":false},"excerpt":{"rendered":"<p>LLAY LLAY.&#8211; El pr\u00f3ximo mi\u00e9rcoles 25 de julio, el Consejo Municipal, deber\u00eda entregar la concesi\u00f3n a la empresa norteamericana que result\u00f3 elegida para desarrollar el proyecto de energ\u00eda e\u00f3lica en esa comuna&#8230;.<\/p>\n","protected":false},"author":482,"featured_media":20986,"comment_status":"open","ping_status":"closed","sticky":false,"template":"","format":"standard","meta":{"advanced_seo_description":"","jetpack_seo_html_title":"","jetpack_seo_noindex":false,"_jetpack_memberships_contains_paid_content":false,"footnotes":""},"categories":[1],"tags":[],"class_list":["post-20985","post","type-post","status-publish","format-standard","has-post-thumbnail","hentry","category-cronica"],"jetpack_featured_media_url":"https:\/\/i0.wp.com\/eltrabajo.cl\/portal\/wp-content\/uploads\/2012\/07\/mario-marillanca.jpg?fit=600%2C660&ssl=1","jetpack_sharing_enabled":true,"jetpack_likes_enabled":true,"jetpack-related-posts":[],"_links":{"self":[{"href":"https:\/\/eltrabajo.cl\/portal\/wp-json\/wp\/v2\/posts\/20985","targetHints":{"allow":["GET"]}}],"collection":[{"href":"https:\/\/eltrabajo.cl\/portal\/wp-json\/wp\/v2\/posts"}],"about":[{"href":"https:\/\/eltrabajo.cl\/portal\/wp-json\/wp\/v2\/types\/post"}],"author":[{"embeddable":true,"href":"https:\/\/eltrabajo.cl\/portal\/wp-json\/wp\/v2\/users\/482"}],"replies":[{"embeddable":true,"href":"https:\/\/eltrabajo.cl\/portal\/wp-json\/wp\/v2\/comments?post=20985"}],"version-history":[{"count":0,"href":"https:\/\/eltrabajo.cl\/portal\/wp-json\/wp\/v2\/posts\/20985\/revisions"}],"wp:featuredmedia":[{"embeddable":true,"href":"https:\/\/eltrabajo.cl\/portal\/wp-json\/wp\/v2\/media\/20986"}],"wp:attachment":[{"href":"https:\/\/eltrabajo.cl\/portal\/wp-json\/wp\/v2\/media?parent=20985"}],"wp:term":[{"taxonomy":"category","embeddable":true,"href":"https:\/\/eltrabajo.cl\/portal\/wp-json\/wp\/v2\/categories?post=20985"},{"taxonomy":"post_tag","embeddable":true,"href":"https:\/\/eltrabajo.cl\/portal\/wp-json\/wp\/v2\/tags?post=20985"}],"curies":[{"name":"wp","href":"https:\/\/api.w.org\/{rel}","templated":true}]}}