{"id":20989,"date":"2012-07-23T09:40:56","date_gmt":"2012-07-23T13:40:56","guid":{"rendered":"http:\/\/www.eltrabajo.cl\/portal\/?p=20989"},"modified":"2012-07-23T09:40:56","modified_gmt":"2012-07-23T13:40:56","slug":"gobierno-regional-invierte-709-millones-de-pesos-en-seguridad","status":"publish","type":"post","link":"https:\/\/eltrabajo.cl\/portal\/gobierno-regional-invierte-709-millones-de-pesos-en-seguridad\/","title":{"rendered":"Gobierno Regional invierte 709 millones de pesos en seguridad"},"content":{"rendered":"<figure id=\"attachment_20991\" aria-describedby=\"caption-attachment-20991\" style=\"width: 600px\" class=\"wp-caption alignnone\"><a href=\"http:\/\/www.eltrabajo.cl\/portal\/2012\/07\/gobierno-regional-invierte-709-millones-de-pesos-en-seguridad\/inspeccion1\/\" rel=\"attachment wp-att-20991\"><img data-recalc-dims=\"1\" loading=\"lazy\" decoding=\"async\" class=\"size-full wp-image-20991\" title=\"Inspeccion1\" src=\"https:\/\/i0.wp.com\/www.eltrabajo.cl\/portal\/wp-content\/uploads\/2012\/07\/Inspeccion1.jpg?resize=600%2C406\" alt=\"\" width=\"600\" height=\"406\" srcset=\"https:\/\/i0.wp.com\/eltrabajo.cl\/portal\/wp-content\/uploads\/2012\/07\/Inspeccion1.jpg?w=600&amp;ssl=1 600w, https:\/\/i0.wp.com\/eltrabajo.cl\/portal\/wp-content\/uploads\/2012\/07\/Inspeccion1.jpg?resize=200%2C135&amp;ssl=1 200w, https:\/\/i0.wp.com\/eltrabajo.cl\/portal\/wp-content\/uploads\/2012\/07\/Inspeccion1.jpg?resize=300%2C203&amp;ssl=1 300w, https:\/\/i0.wp.com\/eltrabajo.cl\/portal\/wp-content\/uploads\/2012\/07\/Inspeccion1.jpg?resize=150%2C101&amp;ssl=1 150w, https:\/\/i0.wp.com\/eltrabajo.cl\/portal\/wp-content\/uploads\/2012\/07\/Inspeccion1.jpg?resize=400%2C270&amp;ssl=1 400w\" sizes=\"auto, (max-width: 600px) 100vw, 600px\" \/><\/a><figcaption id=\"caption-attachment-20991\" class=\"wp-caption-text\">El Intendente Ra\u00fal Celis, por lo que la ma\u00f1ana de este viernes lleg\u00f3 hasta la comuna de San Esteban para inspeccionar personalmente los anhelados recursos.<\/figcaption><\/figure>\n<p><strong>LOS ANDES.<\/strong>&#8211; Santiago no es Chile, y la ciudad puerto o Vi\u00f1a del Mar, no son la Regi\u00f3n de Valpara\u00edso. As\u00ed lo ha entendido siempre el Intendente Ra\u00fal Celis, por lo que la ma\u00f1ana de este viernes lleg\u00f3 hasta la comuna de San Esteban, provincia de Los Andes, para visitar las obras de construcci\u00f3n de la nueva Tenencia Fronteriza de Carabineros, ubicada en Av. Alessandri s\/n. Con una inversi\u00f3n de 679 millones de pesos, aprobados por el Consejo Regional que preside la autoridad, las dependencias de los uniformados ya tienen un 95% de avance, y se entregar\u00e1n el 20 de agosto.<\/p>\n<p>El Intendente asign\u00f3 la importancia de esta Tenencia a \u00abQue la comuna de San Esteban, de 14.000 habitantes, ha vivido en el \u00faltimo tiempo hechos de violencia y delincuencia que han ido en aumento. S\u00e9 que los antisociales sienten que han podido hacer lo que quieran, pero pronto la fiesta se les va a acabar\u00bb, explic\u00f3 Celis. Esto, porque adem\u00e1s de la construcci\u00f3n del edificio de 573,2 metros cuadrados (m2), en una superficie total de 804, 83 m2; se aumentar\u00e1 de ocho Carabineros a 22 de ellos, un teniente, veh\u00edculos y motos. La unidad estar\u00e1 dividida en tres bloques, disponiendo de sala de guardia, ba\u00f1os, oficinas, habitaciones para el personal soltero, zona de detenidos, sala de armas, archivos, lockers del personal casado, comedor del personal, un recinto para el grupo electr\u00f3geno y un \u00e1rea de servicios con la cocina, entre otros. Con la construcci\u00f3n de este cuartel, se potencian los planes de seguridad ciudadana impulsados por el Gobierno, mejor\u00e1ndose la vigilancia en un vasto sector, que incluye una importante zona lim\u00edtrofe de la regi\u00f3n.<\/p>\n<figure id=\"attachment_20990\" aria-describedby=\"caption-attachment-20990\" style=\"width: 252px\" class=\"wp-caption alignright\"><a href=\"http:\/\/www.eltrabajo.cl\/portal\/2012\/07\/gobierno-regional-invierte-709-millones-de-pesos-en-seguridad\/unidades1\/\" rel=\"attachment wp-att-20990\"><img data-recalc-dims=\"1\" loading=\"lazy\" decoding=\"async\" class=\"size-medium wp-image-20990\" title=\"Unidades1\" src=\"https:\/\/i0.wp.com\/www.eltrabajo.cl\/portal\/wp-content\/uploads\/2012\/07\/Unidades1-252x300.jpg?resize=252%2C300\" alt=\"\" width=\"252\" height=\"300\" srcset=\"https:\/\/i0.wp.com\/eltrabajo.cl\/portal\/wp-content\/uploads\/2012\/07\/Unidades1.jpg?resize=252%2C300&amp;ssl=1 252w, https:\/\/i0.wp.com\/eltrabajo.cl\/portal\/wp-content\/uploads\/2012\/07\/Unidades1.jpg?resize=126%2C150&amp;ssl=1 126w, https:\/\/i0.wp.com\/eltrabajo.cl\/portal\/wp-content\/uploads\/2012\/07\/Unidades1.jpg?resize=400%2C474&amp;ssl=1 400w, https:\/\/i0.wp.com\/eltrabajo.cl\/portal\/wp-content\/uploads\/2012\/07\/Unidades1.jpg?w=600&amp;ssl=1 600w\" sizes=\"auto, (max-width: 252px) 100vw, 252px\" \/><\/a><figcaption id=\"caption-attachment-20990\" class=\"wp-caption-text\">Dos camionetas de Seguridad Ciudadana para la comuna, avaluadas en 30 millones de pesos, es parte de los recursos para San Esteban y Los Andes.<\/figcaption><\/figure>\n<p><strong>COMPRA DE CARROS DE SEGURIDAD CIUDADANA<\/strong><\/p>\n<p>A estos trabajos, se suma la compra de dos camionetas de Seguridad Ciudadana para la comuna, tambi\u00e9n aprobadas por el Consejo Regional a trav\u00e9s de la Circular 33 (compra de equipamiento), avaluadas en 30 millones de pesos. Ser\u00e1n administradas por la Municipalidad de San Esteban. Sus caracter\u00edsticas son: marca Chevrolet D-MAX (emergencia comunal), ambas 4&#215;4, doble cabina, full equipo, transmisi\u00f3n manual, petroleras, equipadas con radio transmisor, baliza y sirenas. En total, la inversi\u00f3n que hizo el Gobierno Regional de Valpara\u00edso en Seguridad para la comuna de San Esteban, superan los 709 millones de pesos. Adem\u00e1s, el mismo viernes se inaugur\u00f3 la esperada sede de la Uni\u00f3n Comunal de Juntas de Vecinos de Los Andes, misma que desde hace seis a\u00f1os se ven\u00eda pidiendo, pero la tramitaci\u00f3n de gobiernos anteriores siempre fue lenta y no llev\u00f3 a nada, lo que se cumpli\u00f3 esta ma\u00f1ana en una emotiva ceremonia. La inversi\u00f3n del Gobierno Regional, a trav\u00e9s de Fondo Regional de Inversi\u00f3n Local (FRIL), financi\u00f3 con 50 millones de pesos el proyecto, mientras que el terreno fue cedido por la Seremi de Bienes Nacionales.<\/p>\n<p>&nbsp;<\/p>\n","protected":false},"excerpt":{"rendered":"<p>LOS ANDES.&#8211; Santiago no es Chile, y la ciudad puerto o Vi\u00f1a del Mar, no son la Regi\u00f3n de Valpara\u00edso. As\u00ed lo ha entendido siempre el Intendente Ra\u00fal Celis, por lo que&#8230;<\/p>\n","protected":false},"author":482,"featured_media":20991,"comment_status":"open","ping_status":"closed","sticky":false,"template":"","format":"standard","meta":{"advanced_seo_description":"","jetpack_seo_html_title":"","jetpack_seo_noindex":false,"_jetpack_memberships_contains_paid_content":false,"footnotes":""},"categories":[1],"tags":[],"class_list":["post-20989","post","type-post","status-publish","format-standard","has-post-thumbnail","hentry","category-cronica"],"jetpack_featured_media_url":"https:\/\/i0.wp.com\/eltrabajo.cl\/portal\/wp-content\/uploads\/2012\/07\/Inspeccion1.jpg?fit=600%2C406&ssl=1","jetpack_sharing_enabled":true,"jetpack_likes_enabled":true,"jetpack-related-posts":[],"_links":{"self":[{"href":"https:\/\/eltrabajo.cl\/portal\/wp-json\/wp\/v2\/posts\/20989","targetHints":{"allow":["GET"]}}],"collection":[{"href":"https:\/\/eltrabajo.cl\/portal\/wp-json\/wp\/v2\/posts"}],"about":[{"href":"https:\/\/eltrabajo.cl\/portal\/wp-json\/wp\/v2\/types\/post"}],"author":[{"embeddable":true,"href":"https:\/\/eltrabajo.cl\/portal\/wp-json\/wp\/v2\/users\/482"}],"replies":[{"embeddable":true,"href":"https:\/\/eltrabajo.cl\/portal\/wp-json\/wp\/v2\/comments?post=20989"}],"version-history":[{"count":0,"href":"https:\/\/eltrabajo.cl\/portal\/wp-json\/wp\/v2\/posts\/20989\/revisions"}],"wp:featuredmedia":[{"embeddable":true,"href":"https:\/\/eltrabajo.cl\/portal\/wp-json\/wp\/v2\/media\/20991"}],"wp:attachment":[{"href":"https:\/\/eltrabajo.cl\/portal\/wp-json\/wp\/v2\/media?parent=20989"}],"wp:term":[{"taxonomy":"category","embeddable":true,"href":"https:\/\/eltrabajo.cl\/portal\/wp-json\/wp\/v2\/categories?post=20989"},{"taxonomy":"post_tag","embeddable":true,"href":"https:\/\/eltrabajo.cl\/portal\/wp-json\/wp\/v2\/tags?post=20989"}],"curies":[{"name":"wp","href":"https:\/\/api.w.org\/{rel}","templated":true}]}}