{"id":20997,"date":"2012-07-23T09:44:12","date_gmt":"2012-07-23T13:44:12","guid":{"rendered":"http:\/\/www.eltrabajo.cl\/portal\/?p=20997"},"modified":"2012-07-23T09:48:55","modified_gmt":"2012-07-23T13:48:55","slug":"manana-de-nuevo-a-clases","status":"publish","type":"post","link":"https:\/\/eltrabajo.cl\/portal\/manana-de-nuevo-a-clases\/","title":{"rendered":"M\u00e1s de 160 j\u00f3venes recibieron becas y ayuda especial por parte de la municipalidad"},"content":{"rendered":"<figure id=\"attachment_21004\" aria-describedby=\"caption-attachment-21004\" style=\"width: 600px\" class=\"wp-caption alignnone\"><a href=\"http:\/\/www.eltrabajo.cl\/portal\/2012\/07\/manana-de-nuevo-a-clases\/becas1\/\" rel=\"attachment wp-att-21004\"><img data-recalc-dims=\"1\" loading=\"lazy\" decoding=\"async\" class=\"size-full wp-image-21004\" title=\"Becas1\" src=\"https:\/\/i0.wp.com\/www.eltrabajo.cl\/portal\/wp-content\/uploads\/2012\/07\/Becas1.jpg?resize=600%2C403\" alt=\"\" width=\"600\" height=\"403\" srcset=\"https:\/\/i0.wp.com\/eltrabajo.cl\/portal\/wp-content\/uploads\/2012\/07\/Becas1.jpg?w=600&amp;ssl=1 600w, https:\/\/i0.wp.com\/eltrabajo.cl\/portal\/wp-content\/uploads\/2012\/07\/Becas1.jpg?resize=200%2C134&amp;ssl=1 200w, https:\/\/i0.wp.com\/eltrabajo.cl\/portal\/wp-content\/uploads\/2012\/07\/Becas1.jpg?resize=300%2C201&amp;ssl=1 300w, https:\/\/i0.wp.com\/eltrabajo.cl\/portal\/wp-content\/uploads\/2012\/07\/Becas1.jpg?resize=150%2C100&amp;ssl=1 150w, https:\/\/i0.wp.com\/eltrabajo.cl\/portal\/wp-content\/uploads\/2012\/07\/Becas1.jpg?resize=400%2C268&amp;ssl=1 400w\" sizes=\"auto, (max-width: 600px) 100vw, 600px\" \/><\/a><figcaption id=\"caption-attachment-21004\" class=\"wp-caption-text\">Ellos son parte de los 163 becados este a\u00f1o en Putaendo.<\/figcaption><\/figure>\n<p><strong>PUTAENDO.-<\/strong> Las Becas Municipales 2012, adem\u00e1s de las ayudas especiales, fueron entregadas en dependencias del Liceo Manuel Mar\u00edn Fritis. Con la presencia de los favorecidos, sus padres, familiares y amigos, adem\u00e1s de la presencia del Alcalde Guillermo Reyes, los Concejales Silvia Arancibia y Julio Aravena, se dio inicio a la ceremonia donde se entregaron los cheques a 163 j\u00f3venes de la comuna que postularon a la Beca Municipal 2012.<\/p>\n<figure id=\"attachment_21003\" aria-describedby=\"caption-attachment-21003\" style=\"width: 300px\" class=\"wp-caption alignright\"><a href=\"http:\/\/www.eltrabajo.cl\/portal\/2012\/07\/manana-de-nuevo-a-clases\/becas2\/\" rel=\"attachment wp-att-21003\"><img data-recalc-dims=\"1\" loading=\"lazy\" decoding=\"async\" class=\"size-medium wp-image-21003\" title=\"Becas2\" src=\"https:\/\/i0.wp.com\/www.eltrabajo.cl\/portal\/wp-content\/uploads\/2012\/07\/Becas2-300x185.jpg?resize=300%2C185\" alt=\"\" width=\"300\" height=\"185\" srcset=\"https:\/\/i0.wp.com\/eltrabajo.cl\/portal\/wp-content\/uploads\/2012\/07\/Becas2.jpg?resize=300%2C185&amp;ssl=1 300w, https:\/\/i0.wp.com\/eltrabajo.cl\/portal\/wp-content\/uploads\/2012\/07\/Becas2.jpg?resize=200%2C123&amp;ssl=1 200w, https:\/\/i0.wp.com\/eltrabajo.cl\/portal\/wp-content\/uploads\/2012\/07\/Becas2.jpg?resize=150%2C92&amp;ssl=1 150w, https:\/\/i0.wp.com\/eltrabajo.cl\/portal\/wp-content\/uploads\/2012\/07\/Becas2.jpg?resize=400%2C246&amp;ssl=1 400w, https:\/\/i0.wp.com\/eltrabajo.cl\/portal\/wp-content\/uploads\/2012\/07\/Becas2.jpg?w=600&amp;ssl=1 600w\" sizes=\"auto, (max-width: 300px) 100vw, 300px\" \/><\/a><figcaption id=\"caption-attachment-21003\" class=\"wp-caption-text\">Las Becas Municipales 2012, adem\u00e1s de las ayudas especiales, fueron entregadas en dependencias del Liceo Manuel Mar\u00edn Fritis.<\/figcaption><\/figure>\n<p>Marcia Rojas, Trabajadora Social de la Municipalidad, se\u00f1al\u00f3 a Diario El Trabajo que fueron 25 los estudiantes que obtuvieron su beca estatal para Ense\u00f1anza Superior,\u00a0 adem\u00e1s de 18 que tambi\u00e9n obtuvieron su beca para la Educaci\u00f3n Superior privada, donde ocho estudiantes de la comuna, que cursan su Ense\u00f1anza Media, tambi\u00e9n fueron favorecidos con la beca municipal, sin embargo, en total fueron 163 j\u00f3venes de la comuna que postularon, los que en su mayor\u00eda no clasificaron a las becas antes mencionadas, pero recibieron un importante aporte municipal, lo que gener\u00f3 que en total los 163 postulantes\u00a0 recibieran en distintos montos un importante aporte para sus estudios.<\/p>\n<p>La trabajadora municipal Ang\u00e9lica Leiva, relat\u00f3 su experiencia universitaria, donde por cierto recibi\u00f3 la beca y aporte municipal, instando a los j\u00f3venes a seguir esforz\u00e1ndose para postular a esta importante ayuda. Posteriormente el Alcalde Guillermo Reyes, destac\u00f3 el esfuerzo municipal, el compromiso de su administraci\u00f3n y del Concejo Municipal, por no dejar a ning\u00fan postulante sin alg\u00fan tipo de ayuda, destacando que sin importar donde estudien, el sacrificio de los padres y de los propios estudiantes no tiene como ser reconocido.<\/p>\n<p>Reyes coment\u00f3 que en total fueron m\u00e1s de $15.000.000 que se entregaron este a\u00f1o a distintos estudiantes de la comuna de Putaendo, que felices recibieron sus cheques la fr\u00eda ma\u00f1ana de este d\u00eda s\u00e1bado.<\/p>\n<p><strong>Patricio Gallardo.<\/strong><\/p>\n<p>&nbsp;<\/p>\n","protected":false},"excerpt":{"rendered":"<p>PUTAENDO.- Las Becas Municipales 2012, adem\u00e1s de las ayudas especiales, fueron entregadas en dependencias del Liceo Manuel Mar\u00edn Fritis. Con la presencia de los favorecidos, sus padres, familiares y amigos, adem\u00e1s de&#8230;<\/p>\n","protected":false},"author":482,"featured_media":21004,"comment_status":"open","ping_status":"closed","sticky":false,"template":"","format":"standard","meta":{"advanced_seo_description":"","jetpack_seo_html_title":"","jetpack_seo_noindex":false,"_jetpack_memberships_contains_paid_content":false,"footnotes":""},"categories":[17],"tags":[],"class_list":["post-20997","post","type-post","status-publish","format-standard","has-post-thumbnail","hentry","category-educacion"],"jetpack_featured_media_url":"https:\/\/i0.wp.com\/eltrabajo.cl\/portal\/wp-content\/uploads\/2012\/07\/Becas1.jpg?fit=600%2C403&ssl=1","jetpack_sharing_enabled":true,"jetpack_likes_enabled":true,"jetpack-related-posts":[],"_links":{"self":[{"href":"https:\/\/eltrabajo.cl\/portal\/wp-json\/wp\/v2\/posts\/20997","targetHints":{"allow":["GET"]}}],"collection":[{"href":"https:\/\/eltrabajo.cl\/portal\/wp-json\/wp\/v2\/posts"}],"about":[{"href":"https:\/\/eltrabajo.cl\/portal\/wp-json\/wp\/v2\/types\/post"}],"author":[{"embeddable":true,"href":"https:\/\/eltrabajo.cl\/portal\/wp-json\/wp\/v2\/users\/482"}],"replies":[{"embeddable":true,"href":"https:\/\/eltrabajo.cl\/portal\/wp-json\/wp\/v2\/comments?post=20997"}],"version-history":[{"count":0,"href":"https:\/\/eltrabajo.cl\/portal\/wp-json\/wp\/v2\/posts\/20997\/revisions"}],"wp:featuredmedia":[{"embeddable":true,"href":"https:\/\/eltrabajo.cl\/portal\/wp-json\/wp\/v2\/media\/21004"}],"wp:attachment":[{"href":"https:\/\/eltrabajo.cl\/portal\/wp-json\/wp\/v2\/media?parent=20997"}],"wp:term":[{"taxonomy":"category","embeddable":true,"href":"https:\/\/eltrabajo.cl\/portal\/wp-json\/wp\/v2\/categories?post=20997"},{"taxonomy":"post_tag","embeddable":true,"href":"https:\/\/eltrabajo.cl\/portal\/wp-json\/wp\/v2\/tags?post=20997"}],"curies":[{"name":"wp","href":"https:\/\/api.w.org\/{rel}","templated":true}]}}