{"id":21007,"date":"2012-07-23T09:52:57","date_gmt":"2012-07-23T13:52:57","guid":{"rendered":"http:\/\/www.eltrabajo.cl\/portal\/?p=21007"},"modified":"2012-07-23T09:52:57","modified_gmt":"2012-07-23T13:52:57","slug":"vecinos-protestan-por-instalacion-de-antena-celular-en-calle-chacay","status":"publish","type":"post","link":"https:\/\/eltrabajo.cl\/portal\/vecinos-protestan-por-instalacion-de-antena-celular-en-calle-chacay\/","title":{"rendered":"Vecinos protestan por instalaci\u00f3n de antena celular en Calle Chacay"},"content":{"rendered":"<figure id=\"attachment_21008\" aria-describedby=\"caption-attachment-21008\" style=\"width: 600px\" class=\"wp-caption alignnone\"><a href=\"http:\/\/www.eltrabajo.cl\/portal\/2012\/07\/vecinos-protestan-por-instalacion-de-antena-celular-en-calle-chacay\/antenas2\/\" rel=\"attachment wp-att-21008\"><img data-recalc-dims=\"1\" loading=\"lazy\" decoding=\"async\" class=\"size-full wp-image-21008\" title=\"Antenas2\" src=\"https:\/\/i0.wp.com\/www.eltrabajo.cl\/portal\/wp-content\/uploads\/2012\/07\/Antenas2.jpg?resize=600%2C426\" alt=\"\" width=\"600\" height=\"426\" srcset=\"https:\/\/i0.wp.com\/eltrabajo.cl\/portal\/wp-content\/uploads\/2012\/07\/Antenas2.jpg?w=600&amp;ssl=1 600w, https:\/\/i0.wp.com\/eltrabajo.cl\/portal\/wp-content\/uploads\/2012\/07\/Antenas2.jpg?resize=200%2C142&amp;ssl=1 200w, https:\/\/i0.wp.com\/eltrabajo.cl\/portal\/wp-content\/uploads\/2012\/07\/Antenas2.jpg?resize=300%2C213&amp;ssl=1 300w, https:\/\/i0.wp.com\/eltrabajo.cl\/portal\/wp-content\/uploads\/2012\/07\/Antenas2.jpg?resize=150%2C106&amp;ssl=1 150w, https:\/\/i0.wp.com\/eltrabajo.cl\/portal\/wp-content\/uploads\/2012\/07\/Antenas2.jpg?resize=400%2C284&amp;ssl=1 400w\" sizes=\"auto, (max-width: 600px) 100vw, 600px\" \/><\/a><figcaption id=\"caption-attachment-21008\" class=\"wp-caption-text\">Vecinos de Calle Chacay, poblaci\u00f3n Los Casta\u00f1os y Santa B\u00e1rbara, protestaron por la instalaci\u00f3n de una antena de telefon\u00eda celular en el sector.<\/figcaption><\/figure>\n<p><strong>LOS ANDES.<\/strong>&#8211; Una bulliciosa protesta llevaron adelante los vecinos de Calle Chacay, poblaci\u00f3n Los Casta\u00f1os y Santa B\u00e1rbara, por la instalaci\u00f3n de una antena de telefon\u00eda celular en el sector . Los propios residentes supieron hace un mes que se instalar\u00eda una de estas antenas, tras lo cual enviaron cartas al municipio y parlamentarios de la zona, a fin de frenar su instalaci\u00f3n, por los supuestos efectos perjudiciales para la salud, pero no obtuvieron respuesta.<\/p>\n<p>La Presidente de la Junta de Vecinos \u2018Los Pasionistas\u2019, Erika Valencia, advirti\u00f3 que llegar\u00e1n hasta las \u00faltimas consecuencias para impedir la instalaci\u00f3n de esta antena, cuya estructura aun no se encuentra levantada.<\/p>\n<p>Valencia indic\u00f3 que continuar\u00e1n con las manifestaciones p\u00fablicas en caso que no se ponga coto a esta situaci\u00f3n y dijo que llegar\u00e1n hasta las \u00faltimas consecuencias, \u201cPues si no somos escuchados por las autoridades locales, golpearemos todas las puertas hasta las m\u00e1ximas autoridades nacionales\u201d.<\/p>\n<p>Posteriormente, el Alcalde Mauricio Navarro, se hizo presente en el lugar y dialog\u00f3 con los vecinos sobre este problema.<\/p>\n<p>\u201cEstamos conscientes de que esta manifestaci\u00f3n es absolutamente justa y se pelea contra estas grandes transnacionales de las comunicaciones, desafortunadamente como pa\u00eds, no hemos sabido darle a los municipios una normativa que permita frenar la instalaci\u00f3n de estas antenas\u201d, indic\u00f3 Navarro.<\/p>\n<p>La autoridad comunal dijo que la Directora del Departamento de Obras se opuso al levantamiento de la antena y exigi\u00f3 a la empresa una serie de estudios, \u201cPero el culpable fue el Ministerio de Vivienda, que orden\u00f3 que eso no lo pod\u00eda hacer y por eso como autoridades comunales, estaremos junto a ellos y lo que cabe ac\u00e1 es la presentaci\u00f3n de un Recurso de Protecci\u00f3n, porque la salud de los vecinos est\u00e1 en juego\u201d detall\u00f3 el edil.<\/p>\n<p>&nbsp;<\/p>\n","protected":false},"excerpt":{"rendered":"<p>LOS ANDES.&#8211; Una bulliciosa protesta llevaron adelante los vecinos de Calle Chacay, poblaci\u00f3n Los Casta\u00f1os y Santa B\u00e1rbara, por la instalaci\u00f3n de una antena de telefon\u00eda celular en el sector . Los&#8230;<\/p>\n","protected":false},"author":482,"featured_media":21008,"comment_status":"open","ping_status":"closed","sticky":false,"template":"","format":"standard","meta":{"advanced_seo_description":"","jetpack_seo_html_title":"","jetpack_seo_noindex":false,"_jetpack_memberships_contains_paid_content":false,"footnotes":""},"categories":[15],"tags":[],"class_list":["post-21007","post","type-post","status-publish","format-standard","has-post-thumbnail","hentry","category-comunidad"],"jetpack_featured_media_url":"https:\/\/i0.wp.com\/eltrabajo.cl\/portal\/wp-content\/uploads\/2012\/07\/Antenas2.jpg?fit=600%2C426&ssl=1","jetpack_sharing_enabled":true,"jetpack_likes_enabled":true,"jetpack-related-posts":[],"_links":{"self":[{"href":"https:\/\/eltrabajo.cl\/portal\/wp-json\/wp\/v2\/posts\/21007","targetHints":{"allow":["GET"]}}],"collection":[{"href":"https:\/\/eltrabajo.cl\/portal\/wp-json\/wp\/v2\/posts"}],"about":[{"href":"https:\/\/eltrabajo.cl\/portal\/wp-json\/wp\/v2\/types\/post"}],"author":[{"embeddable":true,"href":"https:\/\/eltrabajo.cl\/portal\/wp-json\/wp\/v2\/users\/482"}],"replies":[{"embeddable":true,"href":"https:\/\/eltrabajo.cl\/portal\/wp-json\/wp\/v2\/comments?post=21007"}],"version-history":[{"count":0,"href":"https:\/\/eltrabajo.cl\/portal\/wp-json\/wp\/v2\/posts\/21007\/revisions"}],"wp:featuredmedia":[{"embeddable":true,"href":"https:\/\/eltrabajo.cl\/portal\/wp-json\/wp\/v2\/media\/21008"}],"wp:attachment":[{"href":"https:\/\/eltrabajo.cl\/portal\/wp-json\/wp\/v2\/media?parent=21007"}],"wp:term":[{"taxonomy":"category","embeddable":true,"href":"https:\/\/eltrabajo.cl\/portal\/wp-json\/wp\/v2\/categories?post=21007"},{"taxonomy":"post_tag","embeddable":true,"href":"https:\/\/eltrabajo.cl\/portal\/wp-json\/wp\/v2\/tags?post=21007"}],"curies":[{"name":"wp","href":"https:\/\/api.w.org\/{rel}","templated":true}]}}